{"id":2228,"date":"2023-09-07T07:46:57","date_gmt":"2023-09-07T07:46:57","guid":{"rendered":"https:\/\/koff.swisspeace.ch\/apropos\/?p=2228"},"modified":"2023-09-07T08:17:41","modified_gmt":"2023-09-07T08:17:41","slug":"consultation-de-la-societe-civile-sur-le-plan-daction-national-suisse-1325","status":"publish","type":"post","link":"https:\/\/koff.swisspeace.ch\/apropos\/2228\/consultation-de-la-societe-civile-sur-le-plan-daction-national-suisse-1325\/","title":{"rendered":"<strong>Consultation de la soci\u00e9t\u00e9 civile sur le plan d&#8217;action national suisse 1325<\/strong>"},"content":{"rendered":"\n<p><\/p>\n\n\n\n<p><a rel=\"noreferrer noopener\" href=\"https:\/\/koff.swisspeace.ch\/\" target=\"_blank\">La plateforme suisse KOFF de promotion de la paix<\/a>, <a rel=\"noreferrer noopener\" href=\"https:\/\/www.swisspeace.ch\/\" target=\"_blank\">swisspeace<\/a>, <a rel=\"noreferrer noopener\" href=\"https:\/\/www.cfd-ch.org\/de\/cfd-m-staerkt-frauen-oeffnet-perspektiven-3.html\" target=\"_blank\">l&#8217;organisation f\u00e9ministe cfd pour la paix<\/a>, et PeaceWomen Across the Globe, collaborent actuellement afin de faciliter un processus de consultation inclusif entre la soci\u00e9t\u00e9 civile suisse et des expert\u00b7es acad\u00e9miques. L&#8217;objectif de ce processus est d&#8217;identifier les principales pr\u00e9occupations et priorit\u00e9s de la soci\u00e9t\u00e9 civile en vue du prochain plan d&#8217;action national suisse 1325, et de les communiquer \u00e0 l\u2019administration suisse. \u00c0 cette fin, deux sessions de consultation auront lieu \u00e0 Berne le 19 septembre et le 16 novembre 2023<\/p>\n\n\n\n<p>Si vous souhaitez prendre part \u00e0 cette initiative et contribuer \u00e0 ce processus, inscrivez-vous <a rel=\"noreferrer noopener\" href=\"https:\/\/invtdu.to\/_9kg19. https:\/\/invtdu.to\/_9kg19\" target=\"_blank\">ici<\/a>.<\/p>\n\n\n\n<p><\/p>\n","protected":false},"excerpt":{"rendered":"<p>La plateforme suisse KOFF de promotion de la paix, swisspeace, l&#8217;organisation f\u00e9ministe cfd pour la paix, et PeaceWomen Across the Globe, collaborent actuellement afin de faciliter un processus de consultation inclusif entre la soci\u00e9t\u00e9 civile suisse et des expert\u00b7es acad\u00e9miques. L&#8217;objectif de ce processus est d&#8217;identifier les principales pr\u00e9occupations et priorit\u00e9s de la soci\u00e9t\u00e9 civile <a href=\"https:\/\/koff.swisspeace.ch\/apropos\/2228\/consultation-de-la-societe-civile-sur-le-plan-daction-national-suisse-1325\/\" class=\"more-link\">&#8230;<span class=\"screen-reader-text\">  &lt;strong&gt;Consultation de la soci\u00e9t\u00e9 civile sur le plan d&#8217;action national suisse 1325&lt;\/strong&gt;<\/span><\/a><\/p>\n","protected":false},"author":3,"featured_media":2230,"comment_status":"open","ping_status":"open","sticky":false,"template":"","format":"standard","meta":{"advgb_blocks_editor_width":"","advgb_blocks_columns_visual_guide":""},"categories":[99],"tags":[],"issue":[212],"acf":[],"author_meta":{"display_name":"\u00e0 propos","author_link":"https:\/\/koff.swisspeace.ch\/apropos\/author\/apropos\/"},"featured_img":"https:\/\/koff.swisspeace.ch\/apropos\/wp-content\/uploads\/2023\/08\/News182Hearings-600x332.png","coauthors":[],"tax_additional":{"categories":{"linked":["<a href=\"https:\/\/koff.swisspeace.ch\/apropos\/category\/news-fr\/\" class=\"advgb-post-tax-term\">Actualit\u00e9<\/a>"],"unlinked":["<span class=\"advgb-post-tax-term\">Actualit\u00e9<\/span>"]}},"comment_count":0,"relative_dates":{"created":"Posted 3 years ago","modified":"Updated 3 years ago"},"absolute_dates":{"created":"Posted on September 7, 2023","modified":"Updated on September 7, 2023"},"absolute_dates_time":{"created":"Posted on September 7, 2023 7:46 am","modified":"Updated on September 7, 2023 8:17 am"},"featured_img_caption":"","series_order":null,"_links":{"self":[{"href":"https:\/\/koff.swisspeace.ch\/apropos\/wp-json\/wp\/v2\/posts\/2228"}],"collection":[{"href":"https:\/\/koff.swisspeace.ch\/apropos\/wp-json\/wp\/v2\/posts"}],"about":[{"href":"https:\/\/koff.swisspeace.ch\/apropos\/wp-json\/wp\/v2\/types\/post"}],"author":[{"embeddable":true,"href":"https:\/\/koff.swisspeace.ch\/apropos\/wp-json\/wp\/v2\/users\/3"}],"replies":[{"embeddable":true,"href":"https:\/\/koff.swisspeace.ch\/apropos\/wp-json\/wp\/v2\/comments?post=2228"}],"version-history":[{"count":7,"href":"https:\/\/koff.swisspeace.ch\/apropos\/wp-json\/wp\/v2\/posts\/2228\/revisions"}],"predecessor-version":[{"id":2676,"href":"https:\/\/koff.swisspeace.ch\/apropos\/wp-json\/wp\/v2\/posts\/2228\/revisions\/2676"}],"wp:featuredmedia":[{"embeddable":true,"href":"https:\/\/koff.swisspeace.ch\/apropos\/wp-json\/wp\/v2\/media\/2230"}],"wp:attachment":[{"href":"https:\/\/koff.swisspeace.ch\/apropos\/wp-json\/wp\/v2\/media?parent=2228"}],"wp:term":[{"taxonomy":"category","embeddable":true,"href":"https:\/\/koff.swisspeace.ch\/apropos\/wp-json\/wp\/v2\/categories?post=2228"},{"taxonomy":"post_tag","embeddable":true,"href":"https:\/\/koff.swisspeace.ch\/apropos\/wp-json\/wp\/v2\/tags?post=2228"},{"taxonomy":"issue","embeddable":true,"href":"https:\/\/koff.swisspeace.ch\/apropos\/wp-json\/wp\/v2\/issue?post=2228"}],"curies":[{"name":"wp","href":"https:\/\/api.w.org\/{rel}","templated":true}]}}