{"id":2231,"date":"2023-09-04T14:12:45","date_gmt":"2023-09-04T14:12:45","guid":{"rendered":"https:\/\/koff.swisspeace.ch\/apropos\/?p=2231"},"modified":"2023-09-07T08:17:15","modified_gmt":"2023-09-07T08:17:15","slug":"zivilgesellschaftliche-konsultationen-zum-schweizer-nationalen-aktionsplan-1325","status":"publish","type":"post","link":"https:\/\/koff.swisspeace.ch\/apropos\/2231\/zivilgesellschaftliche-konsultationen-zum-schweizer-nationalen-aktionsplan-1325\/","title":{"rendered":"<strong>Zivilgesellschaftliche Konsultationen zum Schweizer Nationalen Aktionsplan 1325<\/strong>"},"content":{"rendered":"\n<p><\/p>\n\n\n\n<p><a href=\"https:\/\/koff.swisspeace.ch\/\">Die Schweizer Plattform f\u00fcr Friedensf\u00f6rderung K<\/a><a rel=\"noreferrer noopener\" href=\"https:\/\/koff.swisspeace.ch\/\" target=\"_blank\">OF<\/a><a href=\"https:\/\/koff.swisspeace.ch\/\">F<\/a>, <a href=\"https:\/\/www.linkedin.com\/company\/swisspeace\/\">swisspeace<\/a>, <a href=\"https:\/\/www.cfd-ch.org\/de\/cfd-m-staerkt-frauen-oeffnet-perspektiven-3.html\" target=\"_blank\" rel=\"noreferrer noopener\">die feministische Friedensorganisation cfd<\/a>, und <a href=\"https:\/\/1000peacewomen.org\/de\" target=\"_blank\" rel=\"noreferrer noopener\">FriedensFrauen Weltweit<\/a> koordinieren aktuell den partizipativen Konsultationsprozess mit der Schweizer Zivilgesellschaft f\u00fcr den n\u00e4chsten Schweizer NAP 1325. Ziel ist es die zivilgesellschaftlichen Priorit\u00e4ten in diesen NAP einfliessen zu lassen und sich mit der Schweizer Administration auszutauschen. Daf\u00fcr werden zwei \u00f6ffentliche Konsultationen in Bern organisiert: Am 19. September 2023 und am 16. November 2023.<\/p>\n\n\n\n<p>Wenn Sie Interesse haben zu diesem Prozess beizutragen, melden Sie sich bitte <a rel=\"noreferrer noopener\" href=\"https:\/\/invtdu.to\/_9kg19\" target=\"_blank\">hier<\/a> an.<\/p>\n","protected":false},"excerpt":{"rendered":"<p>Die Schweizer Plattform f\u00fcr Friedensf\u00f6rderung KOFF, swisspeace, die feministische Friedensorganisation cfd, und FriedensFrauen Weltweit koordinieren aktuell den partizipativen Konsultationsprozess mit der Schweizer Zivilgesellschaft f\u00fcr den n\u00e4chsten Schweizer NAP 1325. Ziel ist es die zivilgesellschaftlichen Priorit\u00e4ten in diesen NAP einfliessen zu lassen und sich mit der Schweizer Administration auszutauschen. Daf\u00fcr werden zwei \u00f6ffentliche Konsultationen in Bern <a href=\"https:\/\/koff.swisspeace.ch\/apropos\/2231\/zivilgesellschaftliche-konsultationen-zum-schweizer-nationalen-aktionsplan-1325\/\" class=\"more-link\">&#8230;<span class=\"screen-reader-text\">  &lt;strong&gt;Zivilgesellschaftliche Konsultationen zum Schweizer Nationalen Aktionsplan 1325&lt;\/strong&gt;<\/span><\/a><\/p>\n","protected":false},"author":3,"featured_media":2230,"comment_status":"open","ping_status":"open","sticky":false,"template":"","format":"standard","meta":{"advgb_blocks_editor_width":"","advgb_blocks_columns_visual_guide":""},"categories":[71],"tags":[],"issue":[210],"acf":[],"author_meta":{"display_name":"\u00e0 propos","author_link":"https:\/\/koff.swisspeace.ch\/apropos\/author\/apropos\/"},"featured_img":"https:\/\/koff.swisspeace.ch\/apropos\/wp-content\/uploads\/2023\/08\/News182Hearings-600x332.png","coauthors":[],"tax_additional":{"categories":{"linked":["<a href=\"https:\/\/koff.swisspeace.ch\/apropos\/category\/news-de\/\" class=\"advgb-post-tax-term\">Aktuell<\/a>"],"unlinked":["<span class=\"advgb-post-tax-term\">Aktuell<\/span>"]}},"comment_count":0,"relative_dates":{"created":"Posted 3 years ago","modified":"Updated 3 years ago"},"absolute_dates":{"created":"Posted on September 4, 2023","modified":"Updated on September 7, 2023"},"absolute_dates_time":{"created":"Posted on September 4, 2023 2:12 pm","modified":"Updated on September 7, 2023 8:17 am"},"featured_img_caption":"","series_order":null,"_links":{"self":[{"href":"https:\/\/koff.swisspeace.ch\/apropos\/wp-json\/wp\/v2\/posts\/2231"}],"collection":[{"href":"https:\/\/koff.swisspeace.ch\/apropos\/wp-json\/wp\/v2\/posts"}],"about":[{"href":"https:\/\/koff.swisspeace.ch\/apropos\/wp-json\/wp\/v2\/types\/post"}],"author":[{"embeddable":true,"href":"https:\/\/koff.swisspeace.ch\/apropos\/wp-json\/wp\/v2\/users\/3"}],"replies":[{"embeddable":true,"href":"https:\/\/koff.swisspeace.ch\/apropos\/wp-json\/wp\/v2\/comments?post=2231"}],"version-history":[{"count":4,"href":"https:\/\/koff.swisspeace.ch\/apropos\/wp-json\/wp\/v2\/posts\/2231\/revisions"}],"predecessor-version":[{"id":2674,"href":"https:\/\/koff.swisspeace.ch\/apropos\/wp-json\/wp\/v2\/posts\/2231\/revisions\/2674"}],"wp:featuredmedia":[{"embeddable":true,"href":"https:\/\/koff.swisspeace.ch\/apropos\/wp-json\/wp\/v2\/media\/2230"}],"wp:attachment":[{"href":"https:\/\/koff.swisspeace.ch\/apropos\/wp-json\/wp\/v2\/media?parent=2231"}],"wp:term":[{"taxonomy":"category","embeddable":true,"href":"https:\/\/koff.swisspeace.ch\/apropos\/wp-json\/wp\/v2\/categories?post=2231"},{"taxonomy":"post_tag","embeddable":true,"href":"https:\/\/koff.swisspeace.ch\/apropos\/wp-json\/wp\/v2\/tags?post=2231"},{"taxonomy":"issue","embeddable":true,"href":"https:\/\/koff.swisspeace.ch\/apropos\/wp-json\/wp\/v2\/issue?post=2231"}],"curies":[{"name":"wp","href":"https:\/\/api.w.org\/{rel}","templated":true}]}}