{"id":2243,"date":"2023-09-07T07:49:08","date_gmt":"2023-09-07T07:49:08","guid":{"rendered":"https:\/\/koff.swisspeace.ch\/apropos\/?p=2243"},"modified":"2023-10-17T10:38:06","modified_gmt":"2023-10-17T10:38:06","slug":"neue-serie-des-podcast-der-friedensforderung-koff-tontrager","status":"publish","type":"post","link":"https:\/\/koff.swisspeace.ch\/apropos\/2243\/neue-serie-des-podcast-der-friedensforderung-koff-tontrager\/","title":{"rendered":"Neue Serie des Podcast der Friedensf\u00f6rderung \u00abKOFF-Tontr\u00e4ger\u00bb"},"content":{"rendered":"\n<p>Die Podcastserie \u00abPerspektiven zum schweizer Einsitz im VN-Sicherheitsrat\u00bb des \u00abKOFF-Tontr\u00e4ger\u00bb setzt sich mit dem Novum des Schweizer nicht-permanenten Sitz im VN-Sicherheitsrat in 2023\/2024 auseinander. Jede Folge bringt den H\u00f6rer:innen die Stimmung und Meinungen Schweizer zivilgesellschaftlicher und staatlicher Akteure mit ihrer Expertise und Erwartungshaltung n\u00e4her und steigert das Bewusstsein f\u00fcr relevante Themen im Bereich Frieden und Sicherheit.<\/p>\n\n\n\n<p>Die erste Folge wird einen \u00dcberblick zu den Schweizer Zielen, Rollen und Priorit\u00e4ten im VN-Sicherheitsrat aus der Perspektive des EDAs und einige Einblicke in die ersten Monate im VN-Sicherheitsrat bieten. Zus\u00e4tzlich enth\u00e4lt die Folge Reflektionen der Schweizer Zivilgesellschaft zu M\u00f6glichkeiten, Erwartungen, und Bedenken. Die darauffolgenden Episoden werden spezifische Themen im VN-Sicherheitsrat wie Klimasicherheit und die Agenda zu Frauen, Frieden, und Sicherheit genauer unter die Lupe nehmen. &nbsp; <\/p>\n\n\n\n<p>Seien Sie gespannt auf die erste Folge der Podcastserie, die bald erscheinen wird!<\/p>\n","protected":false},"excerpt":{"rendered":"<p>Die Podcastserie \u00abPerspektiven zum schweizer Einsitz im VN-Sicherheitsrat\u00bb des \u00abKOFF-Tontr\u00e4ger\u00bb setzt sich mit dem Novum des Schweizer nicht-permanenten Sitz im VN-Sicherheitsrat in 2023\/2024 auseinander. Jede Folge bringt den H\u00f6rer:innen die Stimmung und Meinungen Schweizer zivilgesellschaftlicher und staatlicher Akteure mit ihrer Expertise und Erwartungshaltung n\u00e4her und steigert das Bewusstsein f\u00fcr relevante Themen im Bereich Frieden und <a href=\"https:\/\/koff.swisspeace.ch\/apropos\/2243\/neue-serie-des-podcast-der-friedensforderung-koff-tontrager\/\" class=\"more-link\">&#8230;<span class=\"screen-reader-text\">  Neue Serie des Podcast der Friedensf\u00f6rderung \u00abKOFF-Tontr\u00e4ger\u00bb<\/span><\/a><\/p>\n","protected":false},"author":3,"featured_media":2240,"comment_status":"open","ping_status":"open","sticky":false,"template":"","format":"standard","meta":{"advgb_blocks_editor_width":"","advgb_blocks_columns_visual_guide":""},"categories":[71],"tags":[],"issue":[210],"acf":[],"author_meta":{"display_name":"\u00e0 propos","author_link":"https:\/\/koff.swisspeace.ch\/apropos\/author\/apropos\/"},"featured_img":"https:\/\/koff.swisspeace.ch\/apropos\/wp-content\/uploads\/2023\/08\/Podcast-Bild-bearbeitet-600x332.jpg","coauthors":[],"tax_additional":{"categories":{"linked":["<a href=\"https:\/\/koff.swisspeace.ch\/apropos\/category\/news-de\/\" class=\"advgb-post-tax-term\">Aktuell<\/a>"],"unlinked":["<span class=\"advgb-post-tax-term\">Aktuell<\/span>"]}},"comment_count":0,"relative_dates":{"created":"Posted 3 years ago","modified":"Updated 3 years ago"},"absolute_dates":{"created":"Posted on September 7, 2023","modified":"Updated on October 17, 2023"},"absolute_dates_time":{"created":"Posted on September 7, 2023 7:49 am","modified":"Updated on October 17, 2023 10:38 am"},"featured_img_caption":"","series_order":null,"_links":{"self":[{"href":"https:\/\/koff.swisspeace.ch\/apropos\/wp-json\/wp\/v2\/posts\/2243"}],"collection":[{"href":"https:\/\/koff.swisspeace.ch\/apropos\/wp-json\/wp\/v2\/posts"}],"about":[{"href":"https:\/\/koff.swisspeace.ch\/apropos\/wp-json\/wp\/v2\/types\/post"}],"author":[{"embeddable":true,"href":"https:\/\/koff.swisspeace.ch\/apropos\/wp-json\/wp\/v2\/users\/3"}],"replies":[{"embeddable":true,"href":"https:\/\/koff.swisspeace.ch\/apropos\/wp-json\/wp\/v2\/comments?post=2243"}],"version-history":[{"count":7,"href":"https:\/\/koff.swisspeace.ch\/apropos\/wp-json\/wp\/v2\/posts\/2243\/revisions"}],"predecessor-version":[{"id":2723,"href":"https:\/\/koff.swisspeace.ch\/apropos\/wp-json\/wp\/v2\/posts\/2243\/revisions\/2723"}],"wp:featuredmedia":[{"embeddable":true,"href":"https:\/\/koff.swisspeace.ch\/apropos\/wp-json\/wp\/v2\/media\/2240"}],"wp:attachment":[{"href":"https:\/\/koff.swisspeace.ch\/apropos\/wp-json\/wp\/v2\/media?parent=2243"}],"wp:term":[{"taxonomy":"category","embeddable":true,"href":"https:\/\/koff.swisspeace.ch\/apropos\/wp-json\/wp\/v2\/categories?post=2243"},{"taxonomy":"post_tag","embeddable":true,"href":"https:\/\/koff.swisspeace.ch\/apropos\/wp-json\/wp\/v2\/tags?post=2243"},{"taxonomy":"issue","embeddable":true,"href":"https:\/\/koff.swisspeace.ch\/apropos\/wp-json\/wp\/v2\/issue?post=2243"}],"curies":[{"name":"wp","href":"https:\/\/api.w.org\/{rel}","templated":true}]}}