{"id":2245,"date":"2023-09-07T07:46:57","date_gmt":"2023-09-07T07:46:57","guid":{"rendered":"https:\/\/koff.swisspeace.ch\/apropos\/?p=2245"},"modified":"2023-10-17T10:39:40","modified_gmt":"2023-10-17T10:39:40","slug":"nouvelle-serie-de-podcasts-du-koff-tontrager","status":"publish","type":"post","link":"https:\/\/koff.swisspeace.ch\/apropos\/2245\/nouvelle-serie-de-podcasts-du-koff-tontrager\/","title":{"rendered":"Nouvelle s\u00e9rie de podcasts du \u00ab KOFF-Tontr\u00e4ger \u00bb"},"content":{"rendered":"\n<p>La s\u00e9rie \u00ab perspectives sur le si\u00e8ge de la Suisse au Conseil de S\u00e9curit\u00e9 de l&#8217;ONU \u00bb du podcasts \u00ab KOFF-Tontr\u00e4ger \u00bb portera sur le si\u00e8ge non permanent de la Suisse au Conseil de s\u00e9curit\u00e9 de l&#8217;ONU pour la p\u00e9riode 2023\/2024. Chaque \u00e9pisode diffuse les voix et les opinions de la soci\u00e9t\u00e9 civile suisse, celles des acteurs et actrices \u00e9tatiques exposant leur expertise, leurs opinions et leurs attentes tout en sensibilisant les auditeur\u00b7rices aux questions li\u00e9es \u00e0 la paix et \u00e0 la s\u00e9curit\u00e9.<br>Le premier \u00e9pisode donnera un aper\u00e7u des objectifs, du r\u00f4le et des priorit\u00e9s de la Suisse au sein du Conseil de s\u00e9curit\u00e9 de l&#8217;ONU, du point de vue du DFAE, ainsi que quelques r\u00e9flexions sur les premiers mois au Conseil de s\u00e9curit\u00e9 de l&#8217;ONU. En outre, il inclura des r\u00e9flexions de la soci\u00e9t\u00e9 civile suisse sur les opportunit\u00e9s, les attentes et les pr\u00e9occupations li\u00e9es \u00e0 cet engagement. Les \u00e9pisodes suivants se pencheront sur des domaines th\u00e9matiques sp\u00e9cifiques tels que la s\u00e9curit\u00e9 climatique et l&#8217;Agenda pour les femmes, la paix et la s\u00e9curit\u00e9.<\/p>\n\n\n\n<p>Ne manquez pas le premier \u00e9pisode du podcast, qui sera bient\u00f4t publi\u00e9 !<br><\/p>\n","protected":false},"excerpt":{"rendered":"<p>La s\u00e9rie \u00ab perspectives sur le si\u00e8ge de la Suisse au Conseil de S\u00e9curit\u00e9 de l&#8217;ONU \u00bb du podcasts \u00ab KOFF-Tontr\u00e4ger \u00bb portera sur le si\u00e8ge non permanent de la Suisse au Conseil de s\u00e9curit\u00e9 de l&#8217;ONU pour la p\u00e9riode 2023\/2024. Chaque \u00e9pisode diffuse les voix et les opinions de la soci\u00e9t\u00e9 civile suisse, celles <a href=\"https:\/\/koff.swisspeace.ch\/apropos\/2245\/nouvelle-serie-de-podcasts-du-koff-tontrager\/\" class=\"more-link\">&#8230;<span class=\"screen-reader-text\">  Nouvelle s\u00e9rie de podcasts du \u00ab KOFF-Tontr\u00e4ger \u00bb<\/span><\/a><\/p>\n","protected":false},"author":3,"featured_media":2240,"comment_status":"open","ping_status":"open","sticky":false,"template":"","format":"standard","meta":{"advgb_blocks_editor_width":"","advgb_blocks_columns_visual_guide":""},"categories":[99],"tags":[],"issue":[212],"acf":[],"author_meta":{"display_name":"\u00e0 propos","author_link":"https:\/\/koff.swisspeace.ch\/apropos\/author\/apropos\/"},"featured_img":"https:\/\/koff.swisspeace.ch\/apropos\/wp-content\/uploads\/2023\/08\/Podcast-Bild-bearbeitet-600x332.jpg","coauthors":[],"tax_additional":{"categories":{"linked":["<a href=\"https:\/\/koff.swisspeace.ch\/apropos\/category\/news-fr\/\" class=\"advgb-post-tax-term\">Actualit\u00e9<\/a>"],"unlinked":["<span class=\"advgb-post-tax-term\">Actualit\u00e9<\/span>"]}},"comment_count":0,"relative_dates":{"created":"Posted 3 years ago","modified":"Updated 3 years ago"},"absolute_dates":{"created":"Posted on September 7, 2023","modified":"Updated on October 17, 2023"},"absolute_dates_time":{"created":"Posted on September 7, 2023 7:46 am","modified":"Updated on October 17, 2023 10:39 am"},"featured_img_caption":"","series_order":null,"_links":{"self":[{"href":"https:\/\/koff.swisspeace.ch\/apropos\/wp-json\/wp\/v2\/posts\/2245"}],"collection":[{"href":"https:\/\/koff.swisspeace.ch\/apropos\/wp-json\/wp\/v2\/posts"}],"about":[{"href":"https:\/\/koff.swisspeace.ch\/apropos\/wp-json\/wp\/v2\/types\/post"}],"author":[{"embeddable":true,"href":"https:\/\/koff.swisspeace.ch\/apropos\/wp-json\/wp\/v2\/users\/3"}],"replies":[{"embeddable":true,"href":"https:\/\/koff.swisspeace.ch\/apropos\/wp-json\/wp\/v2\/comments?post=2245"}],"version-history":[{"count":6,"href":"https:\/\/koff.swisspeace.ch\/apropos\/wp-json\/wp\/v2\/posts\/2245\/revisions"}],"predecessor-version":[{"id":2725,"href":"https:\/\/koff.swisspeace.ch\/apropos\/wp-json\/wp\/v2\/posts\/2245\/revisions\/2725"}],"wp:featuredmedia":[{"embeddable":true,"href":"https:\/\/koff.swisspeace.ch\/apropos\/wp-json\/wp\/v2\/media\/2240"}],"wp:attachment":[{"href":"https:\/\/koff.swisspeace.ch\/apropos\/wp-json\/wp\/v2\/media?parent=2245"}],"wp:term":[{"taxonomy":"category","embeddable":true,"href":"https:\/\/koff.swisspeace.ch\/apropos\/wp-json\/wp\/v2\/categories?post=2245"},{"taxonomy":"post_tag","embeddable":true,"href":"https:\/\/koff.swisspeace.ch\/apropos\/wp-json\/wp\/v2\/tags?post=2245"},{"taxonomy":"issue","embeddable":true,"href":"https:\/\/koff.swisspeace.ch\/apropos\/wp-json\/wp\/v2\/issue?post=2245"}],"curies":[{"name":"wp","href":"https:\/\/api.w.org\/{rel}","templated":true}]}}