{"id":2253,"date":"2023-09-07T07:48:44","date_gmt":"2023-09-07T07:48:44","guid":{"rendered":"https:\/\/koff.swisspeace.ch\/apropos\/?p=2253"},"modified":"2023-09-07T08:16:04","modified_gmt":"2023-09-07T08:16:04","slug":"bewirb-dich-fur-den-kurs-human-rights-conflict-transformation-von-swisspeace","status":"publish","type":"post","link":"https:\/\/koff.swisspeace.ch\/apropos\/2253\/bewirb-dich-fur-den-kurs-human-rights-conflict-transformation-von-swisspeace\/","title":{"rendered":"Bewirb dich f\u00fcr den Kurs &#8216;Human Rights &amp; Conflict Transformation&#8217; von swisspeace"},"content":{"rendered":"\n<p>Ziel dieses Kurses ist es, die Teilnehmer:innen mit den wichtigsten normativen Annahmen, politischen Rahmenbedingungen und Praktiken in den Bereichen Menschenrechte und Konflikttransformation vertraut zu machen. Anhand von internationalen Fallbeispielen wie \u00c4thiopien, Kolumbien, Kambodscha und der Ukraine sowie den Erfahrungen der Teilnehmenden werden wir uns mit folgenden Fragen besch\u00e4ftigen: Welchen Wert hat die Verkn\u00fcpfung von Menschenrechten und Konflikttransformation? Was k\u00f6nnen diese Perspektiven und Praxisfelder zueinander beitragen? Welche Herausforderungen und Dilemmata bleiben bestehen, und welche Strategien gibt es, um sie zu bew\u00e4ltigen?<\/p>\n","protected":false},"excerpt":{"rendered":"<p>Ziel dieses Kurses ist es, die Teilnehmer:innen mit den wichtigsten normativen Annahmen, politischen Rahmenbedingungen und Praktiken in den Bereichen Menschenrechte und Konflikttransformation vertraut zu machen. Anhand von internationalen Fallbeispielen wie \u00c4thiopien, Kolumbien, Kambodscha und der Ukraine sowie den Erfahrungen der Teilnehmenden werden wir uns mit folgenden Fragen besch\u00e4ftigen: Welchen Wert hat die Verkn\u00fcpfung von Menschenrechten <a href=\"https:\/\/koff.swisspeace.ch\/apropos\/2253\/bewirb-dich-fur-den-kurs-human-rights-conflict-transformation-von-swisspeace\/\" class=\"more-link\">&#8230;<span class=\"screen-reader-text\">  Bewirb dich f\u00fcr den Kurs &#8216;Human Rights &amp; Conflict Transformation&#8217; von swisspeace<\/span><\/a><\/p>\n","protected":false},"author":3,"featured_media":2251,"comment_status":"open","ping_status":"open","sticky":false,"template":"","format":"standard","meta":{"advgb_blocks_editor_width":"","advgb_blocks_columns_visual_guide":""},"categories":[71],"tags":[],"issue":[210],"acf":[],"author_meta":{"display_name":"\u00e0 propos","author_link":"https:\/\/koff.swisspeace.ch\/apropos\/author\/apropos\/"},"featured_img":"https:\/\/koff.swisspeace.ch\/apropos\/wp-content\/uploads\/2023\/08\/WBswisspeaceNews183-600x332.png","coauthors":[],"tax_additional":{"categories":{"linked":["<a href=\"https:\/\/koff.swisspeace.ch\/apropos\/category\/news-de\/\" class=\"advgb-post-tax-term\">Aktuell<\/a>"],"unlinked":["<span class=\"advgb-post-tax-term\">Aktuell<\/span>"]}},"comment_count":0,"relative_dates":{"created":"Posted 3 years ago","modified":"Updated 3 years ago"},"absolute_dates":{"created":"Posted on September 7, 2023","modified":"Updated on September 7, 2023"},"absolute_dates_time":{"created":"Posted on September 7, 2023 7:48 am","modified":"Updated on September 7, 2023 8:16 am"},"featured_img_caption":"","series_order":null,"_links":{"self":[{"href":"https:\/\/koff.swisspeace.ch\/apropos\/wp-json\/wp\/v2\/posts\/2253"}],"collection":[{"href":"https:\/\/koff.swisspeace.ch\/apropos\/wp-json\/wp\/v2\/posts"}],"about":[{"href":"https:\/\/koff.swisspeace.ch\/apropos\/wp-json\/wp\/v2\/types\/post"}],"author":[{"embeddable":true,"href":"https:\/\/koff.swisspeace.ch\/apropos\/wp-json\/wp\/v2\/users\/3"}],"replies":[{"embeddable":true,"href":"https:\/\/koff.swisspeace.ch\/apropos\/wp-json\/wp\/v2\/comments?post=2253"}],"version-history":[{"count":6,"href":"https:\/\/koff.swisspeace.ch\/apropos\/wp-json\/wp\/v2\/posts\/2253\/revisions"}],"predecessor-version":[{"id":2672,"href":"https:\/\/koff.swisspeace.ch\/apropos\/wp-json\/wp\/v2\/posts\/2253\/revisions\/2672"}],"wp:featuredmedia":[{"embeddable":true,"href":"https:\/\/koff.swisspeace.ch\/apropos\/wp-json\/wp\/v2\/media\/2251"}],"wp:attachment":[{"href":"https:\/\/koff.swisspeace.ch\/apropos\/wp-json\/wp\/v2\/media?parent=2253"}],"wp:term":[{"taxonomy":"category","embeddable":true,"href":"https:\/\/koff.swisspeace.ch\/apropos\/wp-json\/wp\/v2\/categories?post=2253"},{"taxonomy":"post_tag","embeddable":true,"href":"https:\/\/koff.swisspeace.ch\/apropos\/wp-json\/wp\/v2\/tags?post=2253"},{"taxonomy":"issue","embeddable":true,"href":"https:\/\/koff.swisspeace.ch\/apropos\/wp-json\/wp\/v2\/issue?post=2253"}],"curies":[{"name":"wp","href":"https:\/\/api.w.org\/{rel}","templated":true}]}}