{"id":2258,"date":"2023-09-07T07:46:57","date_gmt":"2023-09-07T07:46:57","guid":{"rendered":"https:\/\/koff.swisspeace.ch\/apropos\/?p=2258"},"modified":"2023-09-07T08:44:10","modified_gmt":"2023-09-07T08:44:10","slug":"participe-au-cours-human-rights-conflict-transformation-de-swisspeace","status":"publish","type":"post","link":"https:\/\/koff.swisspeace.ch\/apropos\/2258\/participe-au-cours-human-rights-conflict-transformation-de-swisspeace\/","title":{"rendered":"Participez au cours \u00ab Human Rights &amp; Conflict Transformation \u00bb de swisspeace"},"content":{"rendered":"\n<p>Ce cours vise \u00e0 familiariser les participant\u00b7es avec les principales hypoth\u00e8ses normatives, les concepts politiques et les pratiques li\u00e9es aux domaines des droits de l&#8217;homme et de la transformation des conflits. En s&#8217;appuyant sur des cas internationaux tels que l&#8217;\u00c9thiopie, la Colombie, le Cambodge et l&#8217;Ukraine et sur les exp\u00e9riences des participant\u00b7es, qui seront amen\u00e9\u00b7es \u00e0 trouver des r\u00e9ponses aux questions (entre autres) suivantes : quel lien peut-on \u00e9tablir entre les droits de l&#8217;homme et la transformation des conflits ? En quoi ces perspectives et domaines de pratique peuvent-ils mutuellement s&#8217;enrichir ? Quels d\u00e9fis et dilemmes subsistent, et quelles sont les strat\u00e9gies pour y r\u00e9pondre ?<br><\/p>\n","protected":false},"excerpt":{"rendered":"<p>Ce cours vise \u00e0 familiariser les participant\u00b7es avec les principales hypoth\u00e8ses normatives, les concepts politiques et les pratiques li\u00e9es aux domaines des droits de l&#8217;homme et de la transformation des conflits. En s&#8217;appuyant sur des cas internationaux tels que l&#8217;\u00c9thiopie, la Colombie, le Cambodge et l&#8217;Ukraine et sur les exp\u00e9riences des participant\u00b7es, qui seront amen\u00e9\u00b7es <a href=\"https:\/\/koff.swisspeace.ch\/apropos\/2258\/participe-au-cours-human-rights-conflict-transformation-de-swisspeace\/\" class=\"more-link\">&#8230;<span class=\"screen-reader-text\">  Participez au cours \u00ab Human Rights &amp; Conflict Transformation \u00bb de swisspeace<\/span><\/a><\/p>\n","protected":false},"author":3,"featured_media":2251,"comment_status":"open","ping_status":"open","sticky":false,"template":"","format":"standard","meta":{"advgb_blocks_editor_width":"","advgb_blocks_columns_visual_guide":""},"categories":[99],"tags":[],"issue":[212],"acf":[],"author_meta":{"display_name":"\u00e0 propos","author_link":"https:\/\/koff.swisspeace.ch\/apropos\/author\/apropos\/"},"featured_img":"https:\/\/koff.swisspeace.ch\/apropos\/wp-content\/uploads\/2023\/08\/WBswisspeaceNews183-600x332.png","coauthors":[],"tax_additional":{"categories":{"linked":["<a href=\"https:\/\/koff.swisspeace.ch\/apropos\/category\/news-fr\/\" class=\"advgb-post-tax-term\">Actualit\u00e9<\/a>"],"unlinked":["<span class=\"advgb-post-tax-term\">Actualit\u00e9<\/span>"]}},"comment_count":0,"relative_dates":{"created":"Posted 3 years ago","modified":"Updated 3 years ago"},"absolute_dates":{"created":"Posted on September 7, 2023","modified":"Updated on September 7, 2023"},"absolute_dates_time":{"created":"Posted on September 7, 2023 7:46 am","modified":"Updated on September 7, 2023 8:44 am"},"featured_img_caption":"","series_order":null,"_links":{"self":[{"href":"https:\/\/koff.swisspeace.ch\/apropos\/wp-json\/wp\/v2\/posts\/2258"}],"collection":[{"href":"https:\/\/koff.swisspeace.ch\/apropos\/wp-json\/wp\/v2\/posts"}],"about":[{"href":"https:\/\/koff.swisspeace.ch\/apropos\/wp-json\/wp\/v2\/types\/post"}],"author":[{"embeddable":true,"href":"https:\/\/koff.swisspeace.ch\/apropos\/wp-json\/wp\/v2\/users\/3"}],"replies":[{"embeddable":true,"href":"https:\/\/koff.swisspeace.ch\/apropos\/wp-json\/wp\/v2\/comments?post=2258"}],"version-history":[{"count":3,"href":"https:\/\/koff.swisspeace.ch\/apropos\/wp-json\/wp\/v2\/posts\/2258\/revisions"}],"predecessor-version":[{"id":2683,"href":"https:\/\/koff.swisspeace.ch\/apropos\/wp-json\/wp\/v2\/posts\/2258\/revisions\/2683"}],"wp:featuredmedia":[{"embeddable":true,"href":"https:\/\/koff.swisspeace.ch\/apropos\/wp-json\/wp\/v2\/media\/2251"}],"wp:attachment":[{"href":"https:\/\/koff.swisspeace.ch\/apropos\/wp-json\/wp\/v2\/media?parent=2258"}],"wp:term":[{"taxonomy":"category","embeddable":true,"href":"https:\/\/koff.swisspeace.ch\/apropos\/wp-json\/wp\/v2\/categories?post=2258"},{"taxonomy":"post_tag","embeddable":true,"href":"https:\/\/koff.swisspeace.ch\/apropos\/wp-json\/wp\/v2\/tags?post=2258"},{"taxonomy":"issue","embeddable":true,"href":"https:\/\/koff.swisspeace.ch\/apropos\/wp-json\/wp\/v2\/issue?post=2258"}],"curies":[{"name":"wp","href":"https:\/\/api.w.org\/{rel}","templated":true}]}}