{"id":2265,"date":"2023-09-07T07:48:48","date_gmt":"2023-09-07T07:48:48","guid":{"rendered":"https:\/\/koff.swisspeace.ch\/apropos\/?p=2265"},"modified":"2023-09-07T08:16:34","modified_gmt":"2023-09-07T08:16:34","slug":"werden-sie-teil-des-ae-centre-teams","status":"publish","type":"post","link":"https:\/\/koff.swisspeace.ch\/apropos\/2265\/werden-sie-teil-des-ae-centre-teams\/","title":{"rendered":"Werden Sie Teil des ae-Centre Teams"},"content":{"rendered":"\n<p>Das ae-Centre, das spezialisiert auf die Durchf\u00fchrung von Mediation und Dialog und f\u00fcr die Friedensf\u00f6rderung und Entwicklung in Nordafrika arbeitet, sucht aktiv nach Ehrenamtlichen. Gesucht werden leidenschaftliche, entschlossene Menschen, die 5 bis 10 % ihrer Zeit f\u00fcr strategische und operative Aufgaben aufwenden wollen.<br>Gesuchte Profile<br>\u2022 Erfahrung in der Maghreb-Region, insbesonder in Marokko und\/oder Tunesien<br>\u2022 Erfahrung in der Durchf\u00fchrung von Mediation und\/oder Dialog<br>\u2022 Erfahrung in der Entwicklungszusammenarbeit<br>\u2022 Franz\u00f6sischkentnisse, Arabisch oder Amazigh sind ein grosses Plus<br>\u2022 Flexible, freundliche Person, die gerne mit einem dynamischen Team zusammenarbeitet<br><\/p>\n","protected":false},"excerpt":{"rendered":"<p>Das ae-Centre, das spezialisiert auf die Durchf\u00fchrung von Mediation und Dialog und f\u00fcr die Friedensf\u00f6rderung und Entwicklung in Nordafrika arbeitet, sucht aktiv nach Ehrenamtlichen. Gesucht werden leidenschaftliche, entschlossene Menschen, die 5 bis 10 % ihrer Zeit f\u00fcr strategische und operative Aufgaben aufwenden wollen.Gesuchte Profile\u2022 Erfahrung in der Maghreb-Region, insbesonder in Marokko und\/oder Tunesien\u2022 Erfahrung in <a href=\"https:\/\/koff.swisspeace.ch\/apropos\/2265\/werden-sie-teil-des-ae-centre-teams\/\" class=\"more-link\">&#8230;<span class=\"screen-reader-text\">  Werden Sie Teil des ae-Centre Teams<\/span><\/a><\/p>\n","protected":false},"author":3,"featured_media":2262,"comment_status":"open","ping_status":"open","sticky":false,"template":"","format":"standard","meta":{"advgb_blocks_editor_width":"","advgb_blocks_columns_visual_guide":""},"categories":[71],"tags":[],"issue":[210],"acf":[],"author_meta":{"display_name":"\u00e0 propos","author_link":"https:\/\/koff.swisspeace.ch\/apropos\/author\/apropos\/"},"featured_img":"https:\/\/koff.swisspeace.ch\/apropos\/wp-content\/uploads\/2023\/08\/Volunteers-ae-centre-600x332.png","coauthors":[],"tax_additional":{"categories":{"linked":["<a href=\"https:\/\/koff.swisspeace.ch\/apropos\/category\/news-de\/\" class=\"advgb-post-tax-term\">Aktuell<\/a>"],"unlinked":["<span class=\"advgb-post-tax-term\">Aktuell<\/span>"]}},"comment_count":0,"relative_dates":{"created":"Posted 3 years ago","modified":"Updated 3 years ago"},"absolute_dates":{"created":"Posted on September 7, 2023","modified":"Updated on September 7, 2023"},"absolute_dates_time":{"created":"Posted on September 7, 2023 7:48 am","modified":"Updated on September 7, 2023 8:16 am"},"featured_img_caption":"","series_order":null,"_links":{"self":[{"href":"https:\/\/koff.swisspeace.ch\/apropos\/wp-json\/wp\/v2\/posts\/2265"}],"collection":[{"href":"https:\/\/koff.swisspeace.ch\/apropos\/wp-json\/wp\/v2\/posts"}],"about":[{"href":"https:\/\/koff.swisspeace.ch\/apropos\/wp-json\/wp\/v2\/types\/post"}],"author":[{"embeddable":true,"href":"https:\/\/koff.swisspeace.ch\/apropos\/wp-json\/wp\/v2\/users\/3"}],"replies":[{"embeddable":true,"href":"https:\/\/koff.swisspeace.ch\/apropos\/wp-json\/wp\/v2\/comments?post=2265"}],"version-history":[{"count":4,"href":"https:\/\/koff.swisspeace.ch\/apropos\/wp-json\/wp\/v2\/posts\/2265\/revisions"}],"predecessor-version":[{"id":2673,"href":"https:\/\/koff.swisspeace.ch\/apropos\/wp-json\/wp\/v2\/posts\/2265\/revisions\/2673"}],"wp:featuredmedia":[{"embeddable":true,"href":"https:\/\/koff.swisspeace.ch\/apropos\/wp-json\/wp\/v2\/media\/2262"}],"wp:attachment":[{"href":"https:\/\/koff.swisspeace.ch\/apropos\/wp-json\/wp\/v2\/media?parent=2265"}],"wp:term":[{"taxonomy":"category","embeddable":true,"href":"https:\/\/koff.swisspeace.ch\/apropos\/wp-json\/wp\/v2\/categories?post=2265"},{"taxonomy":"post_tag","embeddable":true,"href":"https:\/\/koff.swisspeace.ch\/apropos\/wp-json\/wp\/v2\/tags?post=2265"},{"taxonomy":"issue","embeddable":true,"href":"https:\/\/koff.swisspeace.ch\/apropos\/wp-json\/wp\/v2\/issue?post=2265"}],"curies":[{"name":"wp","href":"https:\/\/api.w.org\/{rel}","templated":true}]}}