{"id":2268,"date":"2023-09-07T07:46:57","date_gmt":"2023-09-07T07:46:57","guid":{"rendered":"https:\/\/koff.swisspeace.ch\/apropos\/?p=2268"},"modified":"2023-09-07T08:19:46","modified_gmt":"2023-09-07T08:19:46","slug":"rejoignez-lequipe-dae-centre","status":"publish","type":"post","link":"https:\/\/koff.swisspeace.ch\/apropos\/2268\/rejoignez-lequipe-dae-centre\/","title":{"rendered":"Rejoignez l&#8217;\u00e9quipe d&#8217;ae-Centre"},"content":{"rendered":"\n<p><a rel=\"noreferrer noopener\" href=\"http:\/\/ae-centre.ch\/ae-centre\/\" data-type=\"URL\" data-id=\"http:\/\/ae-centre.ch\/ae-centre\/\" target=\"_blank\">L&#8217;association ae-Centre<\/a>, sp\u00e9cialis\u00e9e en m\u00e9diation et facilitation de dialogue, engag\u00e9e dans la promotion de la paix et le d\u00e9veloppement en Afrique du Nord, cherche activement des b\u00e9n\u00e9voles pour rejoindre son comit\u00e9. Elle est \u00e0 la recherche de personnes passionn\u00e9es, d\u00e9termin\u00e9es et pr\u00eates \u00e0 consacrer 5 \u00e0 10% de leur temps \u00e0 des t\u00e2ches strat\u00e9giques et op\u00e9rationnelles.<br>Profils recherch\u00e9s:<br>\u2022 Exp\u00e9rience au Maghreb, notamment au Maroc et\/ou en Tunisie<br>\u2022 Exp\u00e9rience en m\u00e9diation et\/ou facilitation de dialogue<br>\u2022 Exp\u00e9rience en coop\u00e9ration au d\u00e9veloppement<br>\u2022 Fran\u00e7ais obligatoire, arabe ou amazigh un grand plus<br>\u2022 Personne souple, souriante, qui aime travailler dans une \u00e9quipe dynamique<\/p>\n\n\n\n<p><\/p>\n","protected":false},"excerpt":{"rendered":"<p>L&#8217;association ae-Centre, sp\u00e9cialis\u00e9e en m\u00e9diation et facilitation de dialogue, engag\u00e9e dans la promotion de la paix et le d\u00e9veloppement en Afrique du Nord, cherche activement des b\u00e9n\u00e9voles pour rejoindre son comit\u00e9. Elle est \u00e0 la recherche de personnes passionn\u00e9es, d\u00e9termin\u00e9es et pr\u00eates \u00e0 consacrer 5 \u00e0 10% de leur temps \u00e0 des t\u00e2ches strat\u00e9giques et <a href=\"https:\/\/koff.swisspeace.ch\/apropos\/2268\/rejoignez-lequipe-dae-centre\/\" class=\"more-link\">&#8230;<span class=\"screen-reader-text\">  Rejoignez l&#8217;\u00e9quipe d&#8217;ae-Centre<\/span><\/a><\/p>\n","protected":false},"author":3,"featured_media":2262,"comment_status":"open","ping_status":"open","sticky":false,"template":"","format":"standard","meta":{"advgb_blocks_editor_width":"","advgb_blocks_columns_visual_guide":""},"categories":[99],"tags":[],"issue":[212],"acf":[],"author_meta":{"display_name":"\u00e0 propos","author_link":"https:\/\/koff.swisspeace.ch\/apropos\/author\/apropos\/"},"featured_img":"https:\/\/koff.swisspeace.ch\/apropos\/wp-content\/uploads\/2023\/08\/Volunteers-ae-centre-600x332.png","coauthors":[],"tax_additional":{"categories":{"linked":["<a href=\"https:\/\/koff.swisspeace.ch\/apropos\/category\/news-fr\/\" class=\"advgb-post-tax-term\">Actualit\u00e9<\/a>"],"unlinked":["<span class=\"advgb-post-tax-term\">Actualit\u00e9<\/span>"]}},"comment_count":0,"relative_dates":{"created":"Posted 3 years ago","modified":"Updated 3 years ago"},"absolute_dates":{"created":"Posted on September 7, 2023","modified":"Updated on September 7, 2023"},"absolute_dates_time":{"created":"Posted on September 7, 2023 7:46 am","modified":"Updated on September 7, 2023 8:19 am"},"featured_img_caption":"","series_order":null,"_links":{"self":[{"href":"https:\/\/koff.swisspeace.ch\/apropos\/wp-json\/wp\/v2\/posts\/2268"}],"collection":[{"href":"https:\/\/koff.swisspeace.ch\/apropos\/wp-json\/wp\/v2\/posts"}],"about":[{"href":"https:\/\/koff.swisspeace.ch\/apropos\/wp-json\/wp\/v2\/types\/post"}],"author":[{"embeddable":true,"href":"https:\/\/koff.swisspeace.ch\/apropos\/wp-json\/wp\/v2\/users\/3"}],"replies":[{"embeddable":true,"href":"https:\/\/koff.swisspeace.ch\/apropos\/wp-json\/wp\/v2\/comments?post=2268"}],"version-history":[{"count":6,"href":"https:\/\/koff.swisspeace.ch\/apropos\/wp-json\/wp\/v2\/posts\/2268\/revisions"}],"predecessor-version":[{"id":2680,"href":"https:\/\/koff.swisspeace.ch\/apropos\/wp-json\/wp\/v2\/posts\/2268\/revisions\/2680"}],"wp:featuredmedia":[{"embeddable":true,"href":"https:\/\/koff.swisspeace.ch\/apropos\/wp-json\/wp\/v2\/media\/2262"}],"wp:attachment":[{"href":"https:\/\/koff.swisspeace.ch\/apropos\/wp-json\/wp\/v2\/media?parent=2268"}],"wp:term":[{"taxonomy":"category","embeddable":true,"href":"https:\/\/koff.swisspeace.ch\/apropos\/wp-json\/wp\/v2\/categories?post=2268"},{"taxonomy":"post_tag","embeddable":true,"href":"https:\/\/koff.swisspeace.ch\/apropos\/wp-json\/wp\/v2\/tags?post=2268"},{"taxonomy":"issue","embeddable":true,"href":"https:\/\/koff.swisspeace.ch\/apropos\/wp-json\/wp\/v2\/issue?post=2268"}],"curies":[{"name":"wp","href":"https:\/\/api.w.org\/{rel}","templated":true}]}}