{"id":2285,"date":"2023-09-07T07:49:03","date_gmt":"2023-09-07T07:49:03","guid":{"rendered":"https:\/\/koff.swisspeace.ch\/apropos\/?p=2285"},"modified":"2023-09-07T07:49:04","modified_gmt":"2023-09-07T07:49:04","slug":"generation-global-warum-sich-junge-menschen-fur-internationale-zusammenarbeit-engagieren","status":"publish","type":"post","link":"https:\/\/koff.swisspeace.ch\/apropos\/2285\/generation-global-warum-sich-junge-menschen-fur-internationale-zusammenarbeit-engagieren\/","title":{"rendered":"Generation Global: Warum sich junge Menschen f\u00fcr internationale Zusammenarbeit engagieren"},"content":{"rendered":"\n<p>Eine Politik der Zukunft muss die Perspektive von jungen Menschen ernst nehmen. Dies auch im Hinblick auf die Internationale Zusammenarbeit, die der j\u00fcngeren Generation ein Anliegen ist, wie beispielsweise die ETH-Studie \u00abSicherheit 2023\u00bb aufzeigt. Junge Menschen wachsen heute in einer hochvernetzten globalisierten Welt auf. Sie sind mit Gleichaltrigen in der ganzen Welt digital verbunden und haben dank vielf\u00e4ltiger Auslandserfahrungen eine globale Perspektive. F\u00fcr sie ist klar: f\u00fcr die grossen Herausforderungen unserer Zeit braucht es transnationale L\u00f6sungen. Sie sehen sich viel h\u00e4ufiger als Weltb\u00fcrger:innen und bef\u00fcrworten die internationale Zusammenarbeit, um den multiplen Krisen zu begegnen. terre des hommes schweiz wollt genauer verstehen, was junge Menschen \u00fcber die internationale Zusammenarbeit denken und hat sie interviewt.<br><\/p>\n","protected":false},"excerpt":{"rendered":"<p>Eine Politik der Zukunft muss die Perspektive von jungen Menschen ernst nehmen. Dies auch im Hinblick auf die Internationale Zusammenarbeit, die der j\u00fcngeren Generation ein Anliegen ist, wie beispielsweise die ETH-Studie \u00abSicherheit 2023\u00bb aufzeigt. Junge Menschen wachsen heute in einer hochvernetzten globalisierten Welt auf. Sie sind mit Gleichaltrigen in der ganzen Welt digital verbunden und <a href=\"https:\/\/koff.swisspeace.ch\/apropos\/2285\/generation-global-warum-sich-junge-menschen-fur-internationale-zusammenarbeit-engagieren\/\" class=\"more-link\">&#8230;<span class=\"screen-reader-text\">  Generation Global: Warum sich junge Menschen f\u00fcr internationale Zusammenarbeit engagieren<\/span><\/a><\/p>\n","protected":false},"author":3,"featured_media":2614,"comment_status":"open","ping_status":"open","sticky":false,"template":"","format":"standard","meta":{"advgb_blocks_editor_width":"","advgb_blocks_columns_visual_guide":""},"categories":[71],"tags":[],"issue":[210],"acf":[],"author_meta":{"display_name":"\u00e0 propos","author_link":"https:\/\/koff.swisspeace.ch\/apropos\/author\/apropos\/"},"featured_img":"https:\/\/koff.swisspeace.ch\/apropos\/wp-content\/uploads\/2023\/09\/Web182tdh-600x332.png","coauthors":[],"tax_additional":{"categories":{"linked":["<a href=\"https:\/\/koff.swisspeace.ch\/apropos\/category\/news-de\/\" class=\"advgb-post-tax-term\">Aktuell<\/a>"],"unlinked":["<span class=\"advgb-post-tax-term\">Aktuell<\/span>"]}},"comment_count":0,"relative_dates":{"created":"Posted 3 years ago","modified":"Updated 3 years ago"},"absolute_dates":{"created":"Posted on September 7, 2023","modified":"Updated on September 7, 2023"},"absolute_dates_time":{"created":"Posted on September 7, 2023 7:49 am","modified":"Updated on September 7, 2023 7:49 am"},"featured_img_caption":"","series_order":null,"_links":{"self":[{"href":"https:\/\/koff.swisspeace.ch\/apropos\/wp-json\/wp\/v2\/posts\/2285"}],"collection":[{"href":"https:\/\/koff.swisspeace.ch\/apropos\/wp-json\/wp\/v2\/posts"}],"about":[{"href":"https:\/\/koff.swisspeace.ch\/apropos\/wp-json\/wp\/v2\/types\/post"}],"author":[{"embeddable":true,"href":"https:\/\/koff.swisspeace.ch\/apropos\/wp-json\/wp\/v2\/users\/3"}],"replies":[{"embeddable":true,"href":"https:\/\/koff.swisspeace.ch\/apropos\/wp-json\/wp\/v2\/comments?post=2285"}],"version-history":[{"count":3,"href":"https:\/\/koff.swisspeace.ch\/apropos\/wp-json\/wp\/v2\/posts\/2285\/revisions"}],"predecessor-version":[{"id":2649,"href":"https:\/\/koff.swisspeace.ch\/apropos\/wp-json\/wp\/v2\/posts\/2285\/revisions\/2649"}],"wp:featuredmedia":[{"embeddable":true,"href":"https:\/\/koff.swisspeace.ch\/apropos\/wp-json\/wp\/v2\/media\/2614"}],"wp:attachment":[{"href":"https:\/\/koff.swisspeace.ch\/apropos\/wp-json\/wp\/v2\/media?parent=2285"}],"wp:term":[{"taxonomy":"category","embeddable":true,"href":"https:\/\/koff.swisspeace.ch\/apropos\/wp-json\/wp\/v2\/categories?post=2285"},{"taxonomy":"post_tag","embeddable":true,"href":"https:\/\/koff.swisspeace.ch\/apropos\/wp-json\/wp\/v2\/tags?post=2285"},{"taxonomy":"issue","embeddable":true,"href":"https:\/\/koff.swisspeace.ch\/apropos\/wp-json\/wp\/v2\/issue?post=2285"}],"curies":[{"name":"wp","href":"https:\/\/api.w.org\/{rel}","templated":true}]}}