{"id":2288,"date":"2023-09-07T07:46:14","date_gmt":"2023-09-07T07:46:14","guid":{"rendered":"https:\/\/koff.swisspeace.ch\/apropos\/?p=2288"},"modified":"2023-09-07T07:46:16","modified_gmt":"2023-09-07T07:46:16","slug":"generation-global-pourquoi-les-jeunes-sengagent-dans-la-cooperation-internationale","status":"publish","type":"post","link":"https:\/\/koff.swisspeace.ch\/apropos\/2288\/generation-global-pourquoi-les-jeunes-sengagent-dans-la-cooperation-internationale\/","title":{"rendered":"G\u00e9n\u00e9ration Global : pourquoi les jeunes s&#8217;engagent dans la coop\u00e9ration internationale"},"content":{"rendered":"\n<p>Une politique de d\u00e9veloppement tourn\u00e9e vers l&#8217;avenir doit prendre au s\u00e9rieux le point de vue des jeunes. Cela vaut \u00e9galement pour la coop\u00e9ration internationale, qui est une pr\u00e9occupation de la jeune g\u00e9n\u00e9ration, comme le d\u00e9montre l&#8217;\u00e9tude de l&#8217;ETH \u00ab Security 2023 \u00bb. Les jeunes grandissent aujourd&#8217;hui dans un monde globalis\u00e9 fortement interconnect\u00e9. Ils sont connect\u00e9s gr\u00e2ce \u00e0 internet avec leurs pairs dans le monde entier et ont une perspective globale gr\u00e2ce \u00e0 leurs diverses exp\u00e9riences \u00e0 l&#8217;\u00e9tranger. Pour elles\u00b7eux, des solutions transnationales sont n\u00e9cessaires \u00e0 la rel\u00e8ve des grands d\u00e9fis de notre \u00e9poque. Ils\u00b7elles sont plus susceptibles de se consid\u00e9rer comme citoyen\u00b7nes du monde et de favoriser la coop\u00e9ration internationale comme solution \u00e0 de multiples crises. terre des hommes schweiz a cherch\u00e9 \u00e0 comprendre en d\u00e9tail ce que les jeunes pensent de la coop\u00e9ration au d\u00e9veloppement et les a interview\u00e9\u00b7es.<\/p>\n","protected":false},"excerpt":{"rendered":"<p>Une politique de d\u00e9veloppement tourn\u00e9e vers l&#8217;avenir doit prendre au s\u00e9rieux le point de vue des jeunes. Cela vaut \u00e9galement pour la coop\u00e9ration internationale, qui est une pr\u00e9occupation de la jeune g\u00e9n\u00e9ration, comme le d\u00e9montre l&#8217;\u00e9tude de l&#8217;ETH \u00ab Security 2023 \u00bb. Les jeunes grandissent aujourd&#8217;hui dans un monde globalis\u00e9 fortement interconnect\u00e9. Ils sont connect\u00e9s <a href=\"https:\/\/koff.swisspeace.ch\/apropos\/2288\/generation-global-pourquoi-les-jeunes-sengagent-dans-la-cooperation-internationale\/\" class=\"more-link\">&#8230;<span class=\"screen-reader-text\">  G\u00e9n\u00e9ration Global : pourquoi les jeunes s&#8217;engagent dans la coop\u00e9ration internationale<\/span><\/a><\/p>\n","protected":false},"author":3,"featured_media":2614,"comment_status":"open","ping_status":"open","sticky":false,"template":"","format":"standard","meta":{"advgb_blocks_editor_width":"","advgb_blocks_columns_visual_guide":""},"categories":[99],"tags":[],"issue":[212],"acf":[],"author_meta":{"display_name":"\u00e0 propos","author_link":"https:\/\/koff.swisspeace.ch\/apropos\/author\/apropos\/"},"featured_img":"https:\/\/koff.swisspeace.ch\/apropos\/wp-content\/uploads\/2023\/09\/Web182tdh-600x332.png","coauthors":[],"tax_additional":{"categories":{"linked":["<a href=\"https:\/\/koff.swisspeace.ch\/apropos\/category\/news-fr\/\" class=\"advgb-post-tax-term\">Actualit\u00e9<\/a>"],"unlinked":["<span class=\"advgb-post-tax-term\">Actualit\u00e9<\/span>"]}},"comment_count":0,"relative_dates":{"created":"Posted 3 years ago","modified":"Updated 3 years ago"},"absolute_dates":{"created":"Posted on September 7, 2023","modified":"Updated on September 7, 2023"},"absolute_dates_time":{"created":"Posted on September 7, 2023 7:46 am","modified":"Updated on September 7, 2023 7:46 am"},"featured_img_caption":"","series_order":null,"_links":{"self":[{"href":"https:\/\/koff.swisspeace.ch\/apropos\/wp-json\/wp\/v2\/posts\/2288"}],"collection":[{"href":"https:\/\/koff.swisspeace.ch\/apropos\/wp-json\/wp\/v2\/posts"}],"about":[{"href":"https:\/\/koff.swisspeace.ch\/apropos\/wp-json\/wp\/v2\/types\/post"}],"author":[{"embeddable":true,"href":"https:\/\/koff.swisspeace.ch\/apropos\/wp-json\/wp\/v2\/users\/3"}],"replies":[{"embeddable":true,"href":"https:\/\/koff.swisspeace.ch\/apropos\/wp-json\/wp\/v2\/comments?post=2288"}],"version-history":[{"count":3,"href":"https:\/\/koff.swisspeace.ch\/apropos\/wp-json\/wp\/v2\/posts\/2288\/revisions"}],"predecessor-version":[{"id":2570,"href":"https:\/\/koff.swisspeace.ch\/apropos\/wp-json\/wp\/v2\/posts\/2288\/revisions\/2570"}],"wp:featuredmedia":[{"embeddable":true,"href":"https:\/\/koff.swisspeace.ch\/apropos\/wp-json\/wp\/v2\/media\/2614"}],"wp:attachment":[{"href":"https:\/\/koff.swisspeace.ch\/apropos\/wp-json\/wp\/v2\/media?parent=2288"}],"wp:term":[{"taxonomy":"category","embeddable":true,"href":"https:\/\/koff.swisspeace.ch\/apropos\/wp-json\/wp\/v2\/categories?post=2288"},{"taxonomy":"post_tag","embeddable":true,"href":"https:\/\/koff.swisspeace.ch\/apropos\/wp-json\/wp\/v2\/tags?post=2288"},{"taxonomy":"issue","embeddable":true,"href":"https:\/\/koff.swisspeace.ch\/apropos\/wp-json\/wp\/v2\/issue?post=2288"}],"curies":[{"name":"wp","href":"https:\/\/api.w.org\/{rel}","templated":true}]}}