{"id":2295,"date":"2023-09-07T07:48:57","date_gmt":"2023-09-07T07:48:57","guid":{"rendered":"https:\/\/koff.swisspeace.ch\/apropos\/?p=2295"},"modified":"2023-09-07T07:48:58","modified_gmt":"2023-09-07T07:48:58","slug":"beharrliche-aufbauarbeit-fur-frieden-und-entwicklung-in-mindanao","status":"publish","type":"post","link":"https:\/\/koff.swisspeace.ch\/apropos\/2295\/beharrliche-aufbauarbeit-fur-frieden-und-entwicklung-in-mindanao\/","title":{"rendered":"Beharrliche Aufbauarbeit f\u00fcr Frieden und Entwicklung in Mindanao"},"content":{"rendered":"\n<p>Mindanao, die zweitgr\u00f6sste Insel der Philippinen, leidet unter Armut, Naturkatastrophen und religi\u00f6sen Konflikten. Besonders im muslimischen Bangsamoro-Gebiet st\u00e4rkt die Integrated Mindanaons Association for Natives (IMAN) Gemeinschaften und setzt Friedens- sowie Entwicklungsprojekte um. IMAN realisiert derzeit sechs Projekte in 32 D\u00f6rfern, wovon 2.770 Menschen profitieren. Hauptziel ist die St\u00e4rkung lokaler Beh\u00f6rden, Einbindung von Frauen und Jugendlichen f\u00fcr Konfliktl\u00f6sung via Dialog, Verhandlung und Mediation.<br>Um effizienter zu agieren und mehr Schulungen umzusetzen, ben\u00f6tigt IMAN ein Gel\u00e4ndefahrzeug. Die Schweizer Hilfsorganisation miva unterst\u00fctzt dessen Finanzierung, um IMANs wertvolle Arbeit und Projekterfolge weiter zu f\u00f6rdern. Spenden f\u00fcr dieses <a rel=\"noreferrer noopener\" href=\"https:\/\/www.miva.ch\/detail\/asia\/philippines\/cotabato\/\" target=\"_blank\">miva-Projekt<\/a> (210033) sind willkommen.<br><\/p>\n","protected":false},"excerpt":{"rendered":"<p>Mindanao, die zweitgr\u00f6sste Insel der Philippinen, leidet unter Armut, Naturkatastrophen und religi\u00f6sen Konflikten. Besonders im muslimischen Bangsamoro-Gebiet st\u00e4rkt die Integrated Mindanaons Association for Natives (IMAN) Gemeinschaften und setzt Friedens- sowie Entwicklungsprojekte um. IMAN realisiert derzeit sechs Projekte in 32 D\u00f6rfern, wovon 2.770 Menschen profitieren. Hauptziel ist die St\u00e4rkung lokaler Beh\u00f6rden, Einbindung von Frauen und Jugendlichen <a href=\"https:\/\/koff.swisspeace.ch\/apropos\/2295\/beharrliche-aufbauarbeit-fur-frieden-und-entwicklung-in-mindanao\/\" class=\"more-link\">&#8230;<span class=\"screen-reader-text\">  Beharrliche Aufbauarbeit f\u00fcr Frieden und Entwicklung in Mindanao<\/span><\/a><\/p>\n","protected":false},"author":3,"featured_media":2298,"comment_status":"open","ping_status":"open","sticky":false,"template":"","format":"standard","meta":{"advgb_blocks_editor_width":"","advgb_blocks_columns_visual_guide":""},"categories":[71],"tags":[],"issue":[210],"acf":[],"author_meta":{"display_name":"\u00e0 propos","author_link":"https:\/\/koff.swisspeace.ch\/apropos\/author\/apropos\/"},"featured_img":"https:\/\/koff.swisspeace.ch\/apropos\/wp-content\/uploads\/2023\/08\/miva_IMAN_Philippinen-600x332.jpg","coauthors":[],"tax_additional":{"categories":{"linked":["<a href=\"https:\/\/koff.swisspeace.ch\/apropos\/category\/news-de\/\" class=\"advgb-post-tax-term\">Aktuell<\/a>"],"unlinked":["<span class=\"advgb-post-tax-term\">Aktuell<\/span>"]}},"comment_count":0,"relative_dates":{"created":"Posted 3 years ago","modified":"Updated 3 years ago"},"absolute_dates":{"created":"Posted on September 7, 2023","modified":"Updated on September 7, 2023"},"absolute_dates_time":{"created":"Posted on September 7, 2023 7:48 am","modified":"Updated on September 7, 2023 7:48 am"},"featured_img_caption":"","series_order":null,"_links":{"self":[{"href":"https:\/\/koff.swisspeace.ch\/apropos\/wp-json\/wp\/v2\/posts\/2295"}],"collection":[{"href":"https:\/\/koff.swisspeace.ch\/apropos\/wp-json\/wp\/v2\/posts"}],"about":[{"href":"https:\/\/koff.swisspeace.ch\/apropos\/wp-json\/wp\/v2\/types\/post"}],"author":[{"embeddable":true,"href":"https:\/\/koff.swisspeace.ch\/apropos\/wp-json\/wp\/v2\/users\/3"}],"replies":[{"embeddable":true,"href":"https:\/\/koff.swisspeace.ch\/apropos\/wp-json\/wp\/v2\/comments?post=2295"}],"version-history":[{"count":7,"href":"https:\/\/koff.swisspeace.ch\/apropos\/wp-json\/wp\/v2\/posts\/2295\/revisions"}],"predecessor-version":[{"id":2656,"href":"https:\/\/koff.swisspeace.ch\/apropos\/wp-json\/wp\/v2\/posts\/2295\/revisions\/2656"}],"wp:featuredmedia":[{"embeddable":true,"href":"https:\/\/koff.swisspeace.ch\/apropos\/wp-json\/wp\/v2\/media\/2298"}],"wp:attachment":[{"href":"https:\/\/koff.swisspeace.ch\/apropos\/wp-json\/wp\/v2\/media?parent=2295"}],"wp:term":[{"taxonomy":"category","embeddable":true,"href":"https:\/\/koff.swisspeace.ch\/apropos\/wp-json\/wp\/v2\/categories?post=2295"},{"taxonomy":"post_tag","embeddable":true,"href":"https:\/\/koff.swisspeace.ch\/apropos\/wp-json\/wp\/v2\/tags?post=2295"},{"taxonomy":"issue","embeddable":true,"href":"https:\/\/koff.swisspeace.ch\/apropos\/wp-json\/wp\/v2\/issue?post=2295"}],"curies":[{"name":"wp","href":"https:\/\/api.w.org\/{rel}","templated":true}]}}