{"id":2304,"date":"2023-09-07T07:46:57","date_gmt":"2023-09-07T07:46:57","guid":{"rendered":"https:\/\/koff.swisspeace.ch\/apropos\/?p=2304"},"modified":"2023-09-07T07:46:57","modified_gmt":"2023-09-07T07:46:57","slug":"miva-travail-de-reconstruction-pour-la-paix-et-le-developpement-a-mindanao","status":"publish","type":"post","link":"https:\/\/koff.swisspeace.ch\/apropos\/2304\/miva-travail-de-reconstruction-pour-la-paix-et-le-developpement-a-mindanao\/","title":{"rendered":"Miva &#8211; Travail de reconstruction pour la paix et le d\u00e9veloppement \u00e0 Mindanao"},"content":{"rendered":"\n<p>Mindanao, la deuxi\u00e8me plus grande \u00eele des Philippines, souffre de la pauvret\u00e9, des catastrophes naturelles et des conflits religieux. Dans la r\u00e9gion musulmane de Bangsamoro, l&#8217;association Integrated Mindanaons Association for Natives (IMAN) met en \u0153uvre des projets de paix et de d\u00e9veloppement. Elle impl\u00e9mente actuellement six projets dans 32 villages au b\u00e9n\u00e9fice de 2 770 personnes. L&#8217;objectif principal est de renforcer les autorit\u00e9s locales, d&#8217;impliquer les femmes et les jeunes dans la r\u00e9solution des conflits par le dialogue, la n\u00e9gociation et la m\u00e9diation.<br>IMAN a besoin d&#8217;un v\u00e9hicule tout-terrain pour fonctionner plus efficacement et mettre en place davantage de formations. L&#8217;organisation d&#8217;aide suisse miva soutient le financement de ses projets. Les dons pour <a rel=\"noreferrer noopener\" href=\"https:\/\/www.miva.ch\/detail\/asia\/philippines\/cotabato\/\" target=\"_blank\">ce projet miva<\/a> sont les bienvenus.<br><\/p>\n","protected":false},"excerpt":{"rendered":"<p>Mindanao, la deuxi\u00e8me plus grande \u00eele des Philippines, souffre de la pauvret\u00e9, des catastrophes naturelles et des conflits religieux. Dans la r\u00e9gion musulmane de Bangsamoro, l&#8217;association Integrated Mindanaons Association for Natives (IMAN) met en \u0153uvre des projets de paix et de d\u00e9veloppement. Elle impl\u00e9mente actuellement six projets dans 32 villages au b\u00e9n\u00e9fice de 2 770 <a href=\"https:\/\/koff.swisspeace.ch\/apropos\/2304\/miva-travail-de-reconstruction-pour-la-paix-et-le-developpement-a-mindanao\/\" class=\"more-link\">&#8230;<span class=\"screen-reader-text\">  Miva &#8211; Travail de reconstruction pour la paix et le d\u00e9veloppement \u00e0 Mindanao<\/span><\/a><\/p>\n","protected":false},"author":3,"featured_media":2298,"comment_status":"open","ping_status":"open","sticky":false,"template":"","format":"standard","meta":{"advgb_blocks_editor_width":"","advgb_blocks_columns_visual_guide":""},"categories":[99],"tags":[],"issue":[212],"acf":[],"author_meta":{"display_name":"\u00e0 propos","author_link":"https:\/\/koff.swisspeace.ch\/apropos\/author\/apropos\/"},"featured_img":"https:\/\/koff.swisspeace.ch\/apropos\/wp-content\/uploads\/2023\/08\/miva_IMAN_Philippinen-600x332.jpg","coauthors":[],"tax_additional":{"categories":{"linked":["<a href=\"https:\/\/koff.swisspeace.ch\/apropos\/category\/news-fr\/\" class=\"advgb-post-tax-term\">Actualit\u00e9<\/a>"],"unlinked":["<span class=\"advgb-post-tax-term\">Actualit\u00e9<\/span>"]}},"comment_count":0,"relative_dates":{"created":"Posted 3 years ago","modified":"Updated 3 years ago"},"absolute_dates":{"created":"Posted on September 7, 2023","modified":"Updated on September 7, 2023"},"absolute_dates_time":{"created":"Posted on September 7, 2023 7:46 am","modified":"Updated on September 7, 2023 7:46 am"},"featured_img_caption":"","series_order":null,"_links":{"self":[{"href":"https:\/\/koff.swisspeace.ch\/apropos\/wp-json\/wp\/v2\/posts\/2304"}],"collection":[{"href":"https:\/\/koff.swisspeace.ch\/apropos\/wp-json\/wp\/v2\/posts"}],"about":[{"href":"https:\/\/koff.swisspeace.ch\/apropos\/wp-json\/wp\/v2\/types\/post"}],"author":[{"embeddable":true,"href":"https:\/\/koff.swisspeace.ch\/apropos\/wp-json\/wp\/v2\/users\/3"}],"replies":[{"embeddable":true,"href":"https:\/\/koff.swisspeace.ch\/apropos\/wp-json\/wp\/v2\/comments?post=2304"}],"version-history":[{"count":7,"href":"https:\/\/koff.swisspeace.ch\/apropos\/wp-json\/wp\/v2\/posts\/2304\/revisions"}],"predecessor-version":[{"id":2571,"href":"https:\/\/koff.swisspeace.ch\/apropos\/wp-json\/wp\/v2\/posts\/2304\/revisions\/2571"}],"wp:featuredmedia":[{"embeddable":true,"href":"https:\/\/koff.swisspeace.ch\/apropos\/wp-json\/wp\/v2\/media\/2298"}],"wp:attachment":[{"href":"https:\/\/koff.swisspeace.ch\/apropos\/wp-json\/wp\/v2\/media?parent=2304"}],"wp:term":[{"taxonomy":"category","embeddable":true,"href":"https:\/\/koff.swisspeace.ch\/apropos\/wp-json\/wp\/v2\/categories?post=2304"},{"taxonomy":"post_tag","embeddable":true,"href":"https:\/\/koff.swisspeace.ch\/apropos\/wp-json\/wp\/v2\/tags?post=2304"},{"taxonomy":"issue","embeddable":true,"href":"https:\/\/koff.swisspeace.ch\/apropos\/wp-json\/wp\/v2\/issue?post=2304"}],"curies":[{"name":"wp","href":"https:\/\/api.w.org\/{rel}","templated":true}]}}