{"id":2313,"date":"2023-09-01T10:37:44","date_gmt":"2023-09-01T10:37:44","guid":{"rendered":"https:\/\/koff.swisspeace.ch\/apropos\/?p=2313"},"modified":"2023-09-26T08:40:00","modified_gmt":"2023-09-26T08:40:00","slug":"events-6","status":"publish","type":"post","link":"https:\/\/koff.swisspeace.ch\/apropos\/2313\/events-6\/","title":{"rendered":"Events"},"content":{"rendered":"\n<h2><\/h2>\n\n\n\n<h2>GSoA Koordinationstreffen<\/h2>\n\n\n\n<p><strong>16. September &amp; 14. Oktober<\/strong> <strong>2023<\/strong><br>Einmal im Monat findet die Vorstandssitzung der GSoA statt. Der Vorstand steht allen Mitgliedern und Interessierten offen, die sich f\u00fcr ein aktives Engagement in der GSoA interessieren.<\/p>\n\n\n\n<p><\/p>\n\n\n\n<h2>Caf\u00e9 de la Paix des Schweizerischer Friedensrat <\/h2>\n\n\n\n<p><strong>Elisabeth B\u00e4schlin zum Westsahara-Konflikt: V\u00f6lkerrecht oder Partikularinteressen?<\/strong><br><strong>25. September, 19:00 \u2013 21:00, Gartenhofstrasse 7 in Z\u00fcrich<\/strong><br>Die Sahraouis haben ein Recht auf Selbstbestimmung, doch wen k\u00fcmmert\u2019s\u2026 Eine werteorientierte Politik scheint international abgedankt zu haben \u2013 auf Kosten des sahraouischen Volkes.<br>Elisabeth B\u00e4schlin, em. Dozentin f\u00fcr Geographie, Pr\u00e4sidentin des SUKS \/ Schweizerisches Unterst\u00fctzungskomitees f\u00fcr die Sahraouis, begleitet die Sahraouis in ihrem Kampf f\u00fcr das Selbstbestimmungsrecht seit mehr als 40 Jahren. Als regelm\u00e4ssige Besucherin des Exil-Staats Westsahara in den Fl\u00fcchtlingslagern s\u00fcdlich der algerischen Oasenstadt Tindouf seit 1985 konnte und kann sie die Ver\u00e4nderungen in Organisation und Gesellschaft hautnah miterleben.<br>Wer virtuell dabei sein m\u00f6chte, melde sich bitte unter <a rel=\"noreferrer noopener\" href=\"mailto:diana.schenkel@friedensrat.ch\" target=\"_blank\">diana.schenkel@friedensrat.ch<\/a> bis zum 22. September an.<\/p>\n\n\n\n<h2>Helvetas Symposium: R\u00fcckgewinnung des zivilgesellschaftlichen Raums<\/h2>\n\n\n\n<p><strong>31. Oktober, 14:00 &#8211; 17:30, in Person in Bern oder Online<\/strong><br>Der Autoritarismus ist weltweit auf dem Vormarsch und der zivilgesellschaftliche Raum schrumpft. Zivilgesellschaftliche Organisationen und soziale Bewegungen werden in vielen L\u00e4ndern angegriffen. Ihre F\u00e4higkeit, ein Gegengewicht zu bilden, wird durch politische Einsch\u00fcchterung und Strafverfolgung beschnitten, und die Finanzierung wird immer knapper. Es ist dringend notwendig, bilaterale Partnerschaften und Finanzierungsmechanismen zu \u00fcberdenken, die es Organisationen erm\u00f6glichen, B\u00fcrger:innenrechte zu f\u00f6rdern.<br>B\u00fcrger:innenrechtler:innen und Menschenrechtsverteidiger:innen aus Haiti, Serbien und Sambia werden zusammen mit der Ford Foundation diskutieren:<br>\u2022 Innovative Praktiken zum Schutz und zur R\u00fcckgewinnung von Raum f\u00fcr rechtsbasiertes zivilgesellschaftliches Handeln inmitten des globalen demokratischen R\u00fcckschritts.<br>\u2022 Ans\u00e4tze zur St\u00e4rkung einer vernetzten lokal-globalen Zivilgesellschaft und zur F\u00f6rderung kollektiven Handelns f\u00fcr soziale Gerechtigkeit.<br>\u2022 M\u00f6glichkeiten und Hindernisse in der internationalen Entwicklungszusammenarbeit f\u00fcr eine lokal gef\u00fchrte Zivilgesellschaft.<br>\u2022 Neue Finanzierungsmodelle, die es lokalen Akteuren und NGOs erm\u00f6glichen, ihre eigene Agenda f\u00fcr den Wandel zu definieren und zu verfolgen und gleichzeitig B\u00fcrgerrechte zu f\u00f6rdern.<br>Weitere Informationen und Anmeldung <a rel=\"noreferrer noopener\" href=\"https:\/\/www.helvetas.org\/en\/switzerland\/who-we-are\/events\/symposium\/symposium--2023\" target=\"_blank\">hier<\/a>.<br><\/p>\n\n\n\n<h2>KITCHEN BATTLE TOUR: Kochen und Essen f\u00fcr den Guten Zweck mit Starbesetzung aus der Gastronomie<\/h2>\n\n\n\n<p><strong><a rel=\"noreferrer noopener\" href=\"https:\/\/www.kitchenbattle.ch\/2023\/bern\" target=\"_blank\">Bern<\/a>: 19. &#8211; 21. Oktober, &nbsp;<a rel=\"noreferrer noopener\" href=\"https:\/\/www.kitchenbattle.ch\/2023\/luzern\" target=\"_blank\">Luzern<\/a>: 10. &#8211; 12. November, &nbsp;<a rel=\"noreferrer noopener\" href=\"https:\/\/www.kitchenbattle.ch\/2023\/zuerich\" target=\"_blank\">Z\u00fcrich<\/a>: 16. &#8211; 18. November<\/strong><\/p>\n\n\n\n<p>Beim Kitchen Battle, der Benefizveranstaltung zu Gunsten der Projekte von Cuisine sans fronti\u00e8res, kochen renommierte Kochteams aus einem Warenkorb, dessen Inhalt sie erst am selben Tag erfahren. Hochwertige Fleisch- und Fischprodukte, saisonale Gem\u00fcse, Fr\u00fcchte und Milchprodukte von lokalen Produzent:innen machen den Warenkorb aus. Unter Zeitdruck kreieren die Teams daraus ein Vier-Gang-Men\u00fc, das von den 150 G\u00e4sten und einer f\u00fcnfk\u00f6pfigen Jury verspeisst und beurteilt wird. Der Erl\u00f6s der Kitchen Battles fliesst in die Projekte von Cuisine sans fronti\u00e8res. Dieses Jahr liegt der Fokus auf dem Piqueteadero in Tumaco, Kolumbien. Weitere Informationen und Anmeldung <a rel=\"noreferrer noopener\" href=\"https:\/\/www.kitchenbattle.ch\/\" target=\"_blank\">hier<\/a>. <br><\/p>\n\n\n\n<h2>Das 10-j\u00e4hrige Jubil\u00e4um der Geneva Peace Week<\/h2>\n\n\n\n<p><strong>30. Oktober &#8211; 03. November, Maison de la Paix (Genf)<\/strong><\/p>\n\n\n\n<p>Die diesj\u00e4hrige Ausgabe der Genfer Friedenswoche beinhaltet 45 Veranstaltungen \u00fcber f\u00fcnf Arbeitstage in Person, mit einigen Workshops und Veranstaltungen online. Veranstaltungen der Ausgabe 2023 sind unter anderem: hochrangiges Panel, Workshops, Policy Briefings, Special Events und eine digitale Reihe. Das detaillierte Programm und die Anmeldung werdem am 25. September ver\u00f6ffentlicht.<br>Die Genfer Friedenswoche ist eine Vorzeigeinitiative der Genfer Plattform f\u00fcr Friedensf\u00f6rderung in Zusammenarbeit mit Partnern. Weitere Informationen und Anmeldung <a rel=\"noreferrer noopener\" href=\"http:\/\/www.genevapeaceweek.ch\" target=\"_blank\">hier<\/a>.<\/p>\n\n\n\n<p><\/p>\n\n\n\n<h2>DCAF an der Genfer Friedenswoche: Vertrauen aufbauen, Frieden schaffen &#8211; eine Agenda f\u00fcr die Zukunft<\/h2>\n\n\n\n<p><strong>30. Oktober &#8211; 3. November 2023, Genf<\/strong><\/p>\n\n\n\n<p>Als Partner der Genfer Plattform f\u00fcr Friedensf\u00f6rderung wird das Geneva Centre for Security Sector Governance (DCAF) die Er\u00f6ffnungsveranstaltung der Genfer Friedenswoche sowie vier hochrangige Podiumsdiskussionen \u00fcber den Zusammenhang zwischen guter Sicherheitssektor-Gouvernanz und Friedensf\u00f6rderung mitorganisieren. Zusammen mit anderen Genfer Partnerinstitutionen konzentrieren sich diese Panels auf die sinnvolle Beteiligung von Frauen (mit dem Geneva International Centre for Humanitarian Demining and Small Arms Survey), die Rolle privater milit\u00e4rischer Sicherheitsunternehmen und S\u00f6ldner (mit der Universit\u00e4t Kopenhagen), die Rechenschaftspflicht staatlicher Reaktionen auf Cybersecurity-Vorf\u00e4lle (mit der Internationalen Parlamentarischen Union und der St\u00e4ndigen Vertretung der Niederlande bei der UNO) und die Bew\u00e4ltigung der Klimakrise und der Umweltzerst\u00f6rung in angespannten Kontexten (mit der Principles for Peace Foundation). Weitere Informationen und Anmeldung <a rel=\"noreferrer noopener\" href=\"http:\/\/www.genevapeaceweek.ch\" target=\"_blank\">hier<\/a>.<\/p>\n\n\n\n<h2><\/h2>\n","protected":false},"excerpt":{"rendered":"<p>GSoA Koordinationstreffen 16. September &amp; 14. Oktober 2023Einmal im Monat findet die Vorstandssitzung der GSoA statt. Der Vorstand steht allen Mitgliedern und Interessierten offen, die sich f\u00fcr ein aktives Engagement in der GSoA interessieren. Caf\u00e9 de la Paix des Schweizerischer Friedensrat Elisabeth B\u00e4schlin zum Westsahara-Konflikt: V\u00f6lkerrecht oder Partikularinteressen?25. September, 19:00 \u2013 21:00, Gartenhofstrasse 7 in <a href=\"https:\/\/koff.swisspeace.ch\/apropos\/2313\/events-6\/\" class=\"more-link\">&#8230;<span class=\"screen-reader-text\">  Events<\/span><\/a><\/p>\n","protected":false},"author":3,"featured_media":392,"comment_status":"open","ping_status":"open","sticky":false,"template":"","format":"standard","meta":{"advgb_blocks_editor_width":"","advgb_blocks_columns_visual_guide":""},"categories":[93],"tags":[],"issue":[210],"acf":[],"author_meta":{"display_name":"\u00e0 propos","author_link":"https:\/\/koff.swisspeace.ch\/apropos\/author\/apropos\/"},"featured_img":"https:\/\/koff.swisspeace.ch\/apropos\/wp-content\/uploads\/2023\/01\/Bildschirmfoto-2023-01-03-um-11.57.47-e1672743726765-300x200.png","coauthors":[],"tax_additional":{"categories":{"linked":["<a href=\"https:\/\/koff.swisspeace.ch\/apropos\/category\/calendar-de\/\" class=\"advgb-post-tax-term\">Kalender<\/a>"],"unlinked":["<span class=\"advgb-post-tax-term\">Kalender<\/span>"]}},"comment_count":0,"relative_dates":{"created":"Posted 3 years ago","modified":"Updated 3 years ago"},"absolute_dates":{"created":"Posted on September 1, 2023","modified":"Updated on September 26, 2023"},"absolute_dates_time":{"created":"Posted on September 1, 2023 10:37 am","modified":"Updated on September 26, 2023 8:40 am"},"featured_img_caption":"","series_order":null,"_links":{"self":[{"href":"https:\/\/koff.swisspeace.ch\/apropos\/wp-json\/wp\/v2\/posts\/2313"}],"collection":[{"href":"https:\/\/koff.swisspeace.ch\/apropos\/wp-json\/wp\/v2\/posts"}],"about":[{"href":"https:\/\/koff.swisspeace.ch\/apropos\/wp-json\/wp\/v2\/types\/post"}],"author":[{"embeddable":true,"href":"https:\/\/koff.swisspeace.ch\/apropos\/wp-json\/wp\/v2\/users\/3"}],"replies":[{"embeddable":true,"href":"https:\/\/koff.swisspeace.ch\/apropos\/wp-json\/wp\/v2\/comments?post=2313"}],"version-history":[{"count":13,"href":"https:\/\/koff.swisspeace.ch\/apropos\/wp-json\/wp\/v2\/posts\/2313\/revisions"}],"predecessor-version":[{"id":2720,"href":"https:\/\/koff.swisspeace.ch\/apropos\/wp-json\/wp\/v2\/posts\/2313\/revisions\/2720"}],"wp:featuredmedia":[{"embeddable":true,"href":"https:\/\/koff.swisspeace.ch\/apropos\/wp-json\/wp\/v2\/media\/392"}],"wp:attachment":[{"href":"https:\/\/koff.swisspeace.ch\/apropos\/wp-json\/wp\/v2\/media?parent=2313"}],"wp:term":[{"taxonomy":"category","embeddable":true,"href":"https:\/\/koff.swisspeace.ch\/apropos\/wp-json\/wp\/v2\/categories?post=2313"},{"taxonomy":"post_tag","embeddable":true,"href":"https:\/\/koff.swisspeace.ch\/apropos\/wp-json\/wp\/v2\/tags?post=2313"},{"taxonomy":"issue","embeddable":true,"href":"https:\/\/koff.swisspeace.ch\/apropos\/wp-json\/wp\/v2\/issue?post=2313"}],"curies":[{"name":"wp","href":"https:\/\/api.w.org\/{rel}","templated":true}]}}