{"id":2323,"date":"2023-09-07T07:46:57","date_gmt":"2023-09-07T07:46:57","guid":{"rendered":"https:\/\/koff.swisspeace.ch\/apropos\/?p=2323"},"modified":"2023-09-26T08:40:27","modified_gmt":"2023-09-26T08:40:27","slug":"evenements-4","status":"publish","type":"post","link":"https:\/\/koff.swisspeace.ch\/apropos\/2323\/evenements-4\/","title":{"rendered":"\u00c9V\u00c9NEMENTS"},"content":{"rendered":"\n<h2><br>Meeting pour la coordination du GSsA<\/h2>\n\n\n\n<p><strong>16 septembre, 14 octobre<\/strong><br>Une fois par mois, le conseil d&#8217;administration du GSsA se r\u00e9unit. Il est ouvert \u00e0 tout\u00b7es les membres et personnes int\u00e9ress\u00e9es souhaitant soutenir ou s&#8217;impliquer dans les activit\u00e9s du GSsA.<\/p>\n\n\n\n<p><\/p>\n\n\n\n<h2>Caf\u00e9 de la Paix &#8211; Elisabeth B\u00e4schlin sur le conflit du Sahara occidental : droit international ou int\u00e9r\u00eats particuliers ?<\/h2>\n\n\n\n<p><strong>25 septembre, 19:00 &#8211; 21:00 \u00e0 Zurich<\/strong><br>Les Sahraouis ont un droit \u00e0 l&#8217;autod\u00e9termination, mais qui s&#8217;en soucie ? Une politique ax\u00e9e sur les valeurs semble avoir abdiqu\u00e9 au niveau international &#8211; au d\u00e9triment du peuple sahraoui. Elisabeth B\u00e4schlin, professeure \u00e9m\u00e9rite de g\u00e9ographie, pr\u00e9sidente du SUKS \/ Comit\u00e9 suisse de soutien au peuple Sahraouis, accompagne ces derni\u00e8r\u00b7es dans leur lutte pour le droit \u00e0 l&#8217;autod\u00e9termination depuis plus de 40 ans. Gr\u00e2ce \u00e0 plusieurs visites de l&#8217;\u00c9tat exil\u00e9 du Sahara occidental dans les camps de r\u00e9fugi\u00e9\u00b7es au sud de l&#8217;oasis alg\u00e9rienne de Tindouf depuis 1985, elle a pu vivre de pr\u00e8s les changements de cette soci\u00e9t\u00e9. Si vous souhaitez participer virtuellement, veuillez contacter <a rel=\"noreferrer noopener\" href=\"mailto:diana.schenkel@friedensrat.ch\" target=\"_blank\">diana.schenkel@friedensrat.ch<\/a> avant le 22 septembre.<\/p>\n\n\n\n<p><\/p>\n\n\n\n<h2>Symposium d\u2019Helvetas: \u00ab Reclaiming Civic Space \u00bb<\/h2>\n\n\n\n<p><strong>31 octobre, 14:00 &#8211; 17:30, en personne \u00e0 Berne ou en ligne<\/strong><br>L&#8217;autoritarisme est en hausse \u00e0 l&#8217;\u00e9chelle mondiale et l&#8217;espace civique se r\u00e9tr\u00e9cit. Dans plusieurs pays, les organisations de la soci\u00e9t\u00e9 civile et les mouvements sociaux sont attaqu\u00e9s. Leur capacit\u00e9 \u00e0 agir en tant que contrepoids est entrav\u00e9e par l&#8217;intimidation politique et les poursuites, et leur financement se fait de plus en plus rare. Il est urgent de repenser les partenariats bilat\u00e9raux et les m\u00e9canismes de financement pouvant permettre d\u2019intensifier leur travail de promotion des droits civiques. Des adeptes de la libert\u00e9 civique et des d\u00e9fenseur\u00b7euses des droits humains en Ha\u00efti, Serbie et en Zambie, ainsi que la Fondation Ford, aborderons les questions suivantes:<br>\u2022 Pratiques innovantes pour prot\u00e9ger et r\u00e9clamer un espace d&#8217;action civique bas\u00e9 sur les droits humains \u00e0 l\u2019heure des reculs d\u00e9mocratiques mondiaux<br>\u2022 Approches pour autonomiser une soci\u00e9t\u00e9 civile locale \u00e0 mondiale interconnect\u00e9e et promouvoir l&#8217;action collective pour la justice sociale<br>\u2022 Impact (opportunit\u00e9s et contraintes) de la coop\u00e9ration internationale sur la soci\u00e9t\u00e9 civile locale<br>\u2022 Nouveaux mod\u00e8les de financement permettant aux acteurs et actrices locaux\u00b7ales et aux ONG de d\u00e9finir et de suivre leur propre agenda, tout en promouvant les droits civiques. <br>Plus d&#8217;informations et inscription <a rel=\"noreferrer noopener\" href=\"https:\/\/www.helvetas.org\/en\/switzerland\/who-we-are\/events\/symposium\/symposium--2023\" target=\"_blank\">ici<\/a>.<\/p>\n\n\n\n<p><\/p>\n\n\n\n<h2>Kitchen battle tour: Cuisiner et manger pour une bonne cause avec des stars de la gastronomie<\/h2>\n\n\n\n<p><strong><a href=\"https:\/\/www.kitchenbattle.ch\/2023\/bern\" target=\"_blank\" rel=\"noreferrer noopener\">Berne<\/a> : 19 &#8211; 21 octobre, <a href=\"https:\/\/www.kitchenbattle.ch\/2023\/luzern\" target=\"_blank\" rel=\"noreferrer noopener\">Lucerne<\/a> 10 &#8211; 12 novembre, <a href=\"https:\/\/www.kitchenbattle.ch\/2023\/zuerich\" target=\"_blank\" rel=\"noreferrer noopener\">Zurich<\/a> : 16 &#8211; 18 novembre<\/strong><br>Lors de la Kitchen Battle &#8211; \u00e9v\u00e9nement de bienfaisance pour les projets de Cuisine sans fronti\u00e8res &#8211; des \u00e9quipes de cuisini\u00e8r\u00b7es renomm\u00e9\u00b7es re\u00e7oivent un caddie de provisions dont ils ne d\u00e9couvrent le contenu que le jour m\u00eame. Viande et poisson de qualit\u00e9 sup\u00e9rieure, l\u00e9gumes de saison, fruits et produits laitiers provenant de producteur\u00b7rices locaux\u00b7ales composent le panier. Dans un laps de temps restreint, les \u00e9quipes cr\u00e9ent un menu de quatre plats, d\u00e9gust\u00e9 et jug\u00e9 par les 150 invit\u00e9\u00b7es et un jury compos\u00e9 de cinq membres. Les gains g\u00e9n\u00e9r\u00e9s par ces kitchen battle seront affect\u00e9s aux projets de Cuisine sans fronti\u00e8res. <br>Plus d&#8217;informations <a rel=\"noreferrer noopener\" href=\"https:\/\/www.kitchenbattle.ch\/\" target=\"_blank\">ici<\/a>. <br><\/p>\n\n\n\n<h2>10\u00e8me anniversaire de la Geneva Peace Week<\/h2>\n\n\n\n<p><strong>30 octobre &#8211; 03 novembre, Maison de la Paix (Gen\u00e8ve)<\/strong><br>Cette ann\u00e9e, la Geneva Peace Week (GPW) proposera environ 45 \u00e9v\u00e9nements r\u00e9partis sur 5 jours ouvrables, avec certains ateliers et \u00e9v\u00e9nements en ligne. Au programme vous sera propos\u00e9 des panels de haut niveau, des ateliers, des briefings politiques, des \u00e9v\u00e9nements in\u00e9dits et des s\u00e9ries num\u00e9riques. Le programme d\u00e9taill\u00e9 et les inscriptions seront publi\u00e9s le 25 septembre. La GPW est une initiative phare de la Plateforme genevoise pour la consolidation de la paix en collaboration avec des partenaires. Plus d&#8217;informations et inscription <a rel=\"noreferrer noopener\" href=\"https:\/\/www.genevapeaceweek.ch\/en\" target=\"_blank\">ici<\/a>.<\/p>\n\n\n\n<p><\/p>\n\n\n\n<h2>DCAF \u00e0 la Semaine de la paix de Gen\u00e8ve : Building Trust, Building Peace \u2013 An Agenda for the Future<\/h2>\n\n\n\n<p><strong>30 octobre &#8211; 03 novembre, Gen\u00e8ve<\/strong><br>En tant que partenaire de la Plateforme de consolidation de la paix de Gen\u00e8ve, le DCAF &#8211; Centre de Gen\u00e8ve pour la gouvernance du secteur de la s\u00e9curit\u00e9 coorganisera l&#8217;\u00e9v\u00e9nement d&#8217;ouverture de la Semaine de la paix de Gen\u00e8ve, ainsi que quatre panels de haut niveau sur le lien entre la bonne gouvernance du secteur de la s\u00e9curit\u00e9 et la consolidation de la paix. En collaboration avec d&#8217;autres institutions partenaires bas\u00e9es \u00e0 Gen\u00e8ve, ces panels se concentreront sur la participation significative des femmes (avec le Centre international de d\u00e9minage humanitaire de Gen\u00e8ve et Small Arms Survey), le r\u00f4le des soci\u00e9t\u00e9s priv\u00e9es de s\u00e9curit\u00e9 militaire et des mercenaires (avec l&#8217;Universit\u00e9 de Copenhague), la responsabilit\u00e9 des r\u00e9ponses de l&#8217;\u00c9tat aux incidents de cybers\u00e9curit\u00e9 (avec l&#8217;Union parlementaire internationale et la Mission permanente des Pays-Bas aupr\u00e8s de l&#8217;ONU), et la lutte contre la crise climatique et la d\u00e9gradation de l&#8217;environnement dans les contextes vuln\u00e9rables (avec la Fondation pour les principes de la paix). Plus d&#8217;informations et inscription <a rel=\"noreferrer noopener\" href=\"https:\/\/www.genevapeaceweek.ch\/en\" target=\"_blank\">ici<\/a>.<\/p>\n\n\n\n<p><\/p>\n","protected":false},"excerpt":{"rendered":"<p>Meeting pour la coordination du GSsA 16 septembre, 14 octobreUne fois par mois, le conseil d&#8217;administration du GSsA se r\u00e9unit. Il est ouvert \u00e0 tout\u00b7es les membres et personnes int\u00e9ress\u00e9es souhaitant soutenir ou s&#8217;impliquer dans les activit\u00e9s du GSsA. Caf\u00e9 de la Paix &#8211; Elisabeth B\u00e4schlin sur le conflit du Sahara occidental : droit international <a href=\"https:\/\/koff.swisspeace.ch\/apropos\/2323\/evenements-4\/\" class=\"more-link\">&#8230;<span class=\"screen-reader-text\">  \u00c9V\u00c9NEMENTS<\/span><\/a><\/p>\n","protected":false},"author":3,"featured_media":392,"comment_status":"open","ping_status":"open","sticky":false,"template":"","format":"standard","meta":{"advgb_blocks_editor_width":"","advgb_blocks_columns_visual_guide":""},"categories":[97],"tags":[],"issue":[212],"acf":[],"author_meta":{"display_name":"\u00e0 propos","author_link":"https:\/\/koff.swisspeace.ch\/apropos\/author\/apropos\/"},"featured_img":"https:\/\/koff.swisspeace.ch\/apropos\/wp-content\/uploads\/2023\/01\/Bildschirmfoto-2023-01-03-um-11.57.47-e1672743726765-300x200.png","coauthors":[],"tax_additional":{"categories":{"linked":["<a href=\"https:\/\/koff.swisspeace.ch\/apropos\/category\/calendar-fr\/\" class=\"advgb-post-tax-term\">Calendrier<\/a>"],"unlinked":["<span class=\"advgb-post-tax-term\">Calendrier<\/span>"]}},"comment_count":0,"relative_dates":{"created":"Posted 3 years ago","modified":"Updated 3 years ago"},"absolute_dates":{"created":"Posted on September 7, 2023","modified":"Updated on September 26, 2023"},"absolute_dates_time":{"created":"Posted on September 7, 2023 7:46 am","modified":"Updated on September 26, 2023 8:40 am"},"featured_img_caption":"","series_order":null,"_links":{"self":[{"href":"https:\/\/koff.swisspeace.ch\/apropos\/wp-json\/wp\/v2\/posts\/2323"}],"collection":[{"href":"https:\/\/koff.swisspeace.ch\/apropos\/wp-json\/wp\/v2\/posts"}],"about":[{"href":"https:\/\/koff.swisspeace.ch\/apropos\/wp-json\/wp\/v2\/types\/post"}],"author":[{"embeddable":true,"href":"https:\/\/koff.swisspeace.ch\/apropos\/wp-json\/wp\/v2\/users\/3"}],"replies":[{"embeddable":true,"href":"https:\/\/koff.swisspeace.ch\/apropos\/wp-json\/wp\/v2\/comments?post=2323"}],"version-history":[{"count":12,"href":"https:\/\/koff.swisspeace.ch\/apropos\/wp-json\/wp\/v2\/posts\/2323\/revisions"}],"predecessor-version":[{"id":2721,"href":"https:\/\/koff.swisspeace.ch\/apropos\/wp-json\/wp\/v2\/posts\/2323\/revisions\/2721"}],"wp:featuredmedia":[{"embeddable":true,"href":"https:\/\/koff.swisspeace.ch\/apropos\/wp-json\/wp\/v2\/media\/392"}],"wp:attachment":[{"href":"https:\/\/koff.swisspeace.ch\/apropos\/wp-json\/wp\/v2\/media?parent=2323"}],"wp:term":[{"taxonomy":"category","embeddable":true,"href":"https:\/\/koff.swisspeace.ch\/apropos\/wp-json\/wp\/v2\/categories?post=2323"},{"taxonomy":"post_tag","embeddable":true,"href":"https:\/\/koff.swisspeace.ch\/apropos\/wp-json\/wp\/v2\/tags?post=2323"},{"taxonomy":"issue","embeddable":true,"href":"https:\/\/koff.swisspeace.ch\/apropos\/wp-json\/wp\/v2\/issue?post=2323"}],"curies":[{"name":"wp","href":"https:\/\/api.w.org\/{rel}","templated":true}]}}