{"id":2350,"date":"2023-09-07T07:49:13","date_gmt":"2023-09-07T07:49:13","guid":{"rendered":"https:\/\/koff.swisspeace.ch\/apropos\/?p=2350"},"modified":"2023-09-07T07:49:14","modified_gmt":"2023-09-07T07:49:14","slug":"unser-blinder-fleck-inneres-wachstum","status":"publish","type":"post","link":"https:\/\/koff.swisspeace.ch\/apropos\/2350\/unser-blinder-fleck-inneres-wachstum\/","title":{"rendered":"Unser blinder Fleck \u2013 inneres Wachstum"},"content":{"rendered":"\n<p>Eine der vier thematischen Priorit\u00e4ten, die sich die Schweiz f\u00fcr ihre Mitgliedschaft im UNO-Sicherheitsrat von 2023 bis 2024 gesetzt hat, lautet: \u00abNachhaltigen Frieden f\u00f6rdern\u00bb. Die Schweiz m\u00f6chte die Respektierung der Menschenrechte sowie die gleichberechtigte Teilhabe von Frauen in Friedensprozessen voranbringen.<\/p>\n\n\n\n<p>Die <a rel=\"noreferrer noopener\" href=\"https:\/\/documents-dds-ny.un.org\/doc\/UNDOC\/GEN\/N00\/720\/18\/PDF\/N0072018.pdf?OpenElement\" target=\"_blank\">Resoluti<\/a><a href=\"https:\/\/documents-dds-ny.un.org\/doc\/UNDOC\/GEN\/NO0\/013\/25\/pdf\/NO001325.pdf?OpenElement\" target=\"_blank\" rel=\"noreferrer noopener\">on 1325 des UNO-Sicherheitsrat<\/a><a rel=\"noreferrer noopener\" href=\"https:\/\/documents-dds-ny.un.org\/doc\/UNDOC\/GEN\/N00\/720\/18\/PDF\/N0072018.pdf?OpenElement\" target=\"_blank\">s<\/a> bekr\u00e4ftigt, dass Frieden und Sicherheit dauerhafter herbeigef\u00fchrt werden k\u00f6nnen, wenn Frauen gleichberechtigte Partnerinnen bei der Konfliktpr\u00e4vention, der Hilfsarbeit und beim Wiederaufbau sowie bei der Schaffung eines nachhaltigen Friedens sind. Bei der Umsetzung der Resolution konnten viele Erfolge gefeiert werden. Dennoch gab es einige R\u00fcckschl\u00e4ge.<\/p>\n\n\n\n<p>Damit die Agenda f\u00fcr Frauen, Frieden und Sicherheit (WPS-Agenda) einen echten Wandel herbeif\u00fchren kann, muss die historische Dominanz von M\u00e4nnern in Entscheidungsprozessen anerkannt und ber\u00fccksichtigt werden und eine Auseinandersetzung mit generations\u00fcbergreifenden Machtdynamiken stattfinden. In der <em><a href=\"https:\/\/dppa.un.org\/en\/a-new-agenda-for-peace\" target=\"_blank\" rel=\"noreferrer noopener\">neuen Agenda f\u00fcr den Frieden<\/a> (New Agenda for Peace )<\/em>, einem der wichtigsten Dokumente der UNO zur Vorbereitung des <a href=\"https:\/\/www.un.org\/en\/common-agenda\/summit-of-the-future\" target=\"_blank\" rel=\"noreferrer noopener\"><em>Zukunftsgipfels<\/em><\/a> 2024, werden diese Belange angesprochen. Auch am SDG-Gipfel der UNO (SDG Summit ) vom 18. und 19. September 2023 werden die Themen Investition in die Geschlechtergleichstellung sowie Beseitigung aller Formen von Gewalt als \u00fcbergreifende Initiative f\u00fcr das Voranbringen der Ziele f\u00fcr nachhaltige Entwicklung genannt werden. Es darf sich dabei nicht bloss um wiederaufbereitete Initiativen handeln.<\/p>\n\n\n\n<p>Leider bleibt unklar, ob die zunehmende Schwungkraft der WPS-Agenda von Dauer ist. Zwar greift die Politik die Idee einer verst\u00e4rkten Teilhabe von Frauen in Friedenseins\u00e4tzen gerne auf, doch absichtlicher Widerstand sowie fehlendes Wissen untergraben die Unterst\u00fctzung f\u00fcr andere Massnahmen rund um die WPS-Agenda.<\/p>\n\n\n\n<p>Das im Juli 2023 von Initiativen der Ver\u00e4nderung organisierte Caux-Forum unter dem Titel <a href=\"https:\/\/www.iofc.ch\/de\/caux-forum-2023\" target=\"_blank\" rel=\"noreferrer noopener\">\u00abVertrauen und Integrit\u00e4t in der Demokratie\u00bb<\/a> thematisierte die Ablehnung gegen\u00fcber demokratischen Institutionen auf der ganzen Welt. Die Gespr\u00e4che drehten sich darum, welche Auswirkungen diese Ablehnung auf die Geschlechtergleichstellung und den Frieden k\u00fcnftig haben wird, sowie um Strategien f\u00fcr die wirksame Bek\u00e4mpfung des wachsenden Widerstands gegen Frauenrechte.<\/p>\n\n\n\n<p>Als Gr\u00fcnde f\u00fcr den fehlenden Fortschritt hinsichtlich der SDG werden der Klimawandel, die COVID-19-Pandemie sowie der Krieg in der Ukraine genannt. Gleichzeitig fehlt uns aber auch die innere St\u00e4rke f\u00fcr den Umgang mit einem zunehmend komplexen Umfeld und vielschichtigen Herausforderungen. Die Entwicklung dieser inneren F\u00e4higkeiten, die wir alle f\u00fcr die Umsetzung brauchen, bildet die Grundlage f\u00fcr die Initiative <a href=\"https:\/\/www.innerdevelopmentgoals.org\/\" target=\"_blank\" rel=\"noreferrer noopener\">\u00abZiele f\u00fcr die innere Entwicklung\u00bb<\/a> (Inner Development Goals ). Vertrauensw\u00fcrdigkeit, Toleranz und Transparenz sind f\u00fcr den Wandel von Strukturen sowie die Wiederherstellung von guter Regierungsf\u00fchrung und Integrit\u00e4t im \u00f6ffentlichen Leben unabdingbar. Es ist einfach, sich f\u00fcr diese Werte auszusprechen. Sie in der Realit\u00e4t zu leben, ist viel schwerer.<\/p>\n\n\n\n<p>Wenn es um die Herstellung von Frieden und Sicherheit weltweit geht, haben wir einen blinden Fleck: unsere kognitiven und emotionalen Kompetenzen. Der pers\u00f6nliche und der weltweite Wandel gehen Hand in Hand. Wir alle haben die Macht und die Verantwortung, uns zu reflektieren und unser Handeln mit unseren Werten in Einklang zu bringen. W\u00e4hrend ihres Einsitzes im UNO-Sicherheitsrats wird die Schweiz hoffentlich eine f\u00fchrende Rolle bei der Unterst\u00fctzung der Entwicklung von F\u00e4higkeiten, Kompetenzen und Eigenschaften f\u00fcr inneres Wachstum einnehmen. F\u00fcr die Erreichung der SDGs sowie von globaler Frieden und Sicherheit ist dies die gr\u00f6sstm\u00f6gliche Triebkraft.<\/p>\n\n\n\n<p>2025 feiert die Resolution 1325 ihr 25-j\u00e4hriges Jubil\u00e4um. Vor diesem Hintergrund sollte die Schweiz diese Triebkraft nutzen, um die Selbstgef\u00e4lligkeit, die auf der scheinbaren Popularit\u00e4t der WPS-Agenda beruht, zu thematisieren und sich f\u00fcr intensivere Bem\u00fchungen zur Sicherstellung einer langfristigen Umsetzung der WPS-Agenda einzusetzen.<\/p>\n","protected":false},"excerpt":{"rendered":"<p>Eine der vier thematischen Priorit\u00e4ten, die sich die Schweiz f\u00fcr ihre Mitgliedschaft im UNO-Sicherheitsrat von 2023 bis 2024 gesetzt hat, lautet: \u00abNachhaltigen Frieden f\u00f6rdern\u00bb. Die Schweiz m\u00f6chte die Respektierung der Menschenrechte sowie die gleichberechtigte Teilhabe von Frauen in Friedensprozessen voranbringen. Die Resolution 1325 des UNO-Sicherheitsrats bekr\u00e4ftigt, dass Frieden und Sicherheit dauerhafter herbeigef\u00fchrt werden k\u00f6nnen, wenn <a href=\"https:\/\/koff.swisspeace.ch\/apropos\/2350\/unser-blinder-fleck-inneres-wachstum\/\" class=\"more-link\">&#8230;<span class=\"screen-reader-text\">  Unser blinder Fleck \u2013 inneres Wachstum<\/span><\/a><\/p>\n","protected":false},"author":3,"featured_media":2346,"comment_status":"open","ping_status":"open","sticky":false,"template":"","format":"standard","meta":{"advgb_blocks_editor_width":"","advgb_blocks_columns_visual_guide":""},"categories":[73],"tags":[],"issue":[210],"acf":[],"author_meta":{"display_name":"\u00e0 propos","author_link":"https:\/\/koff.swisspeace.ch\/apropos\/author\/apropos\/"},"featured_img":"https:\/\/koff.swisspeace.ch\/apropos\/wp-content\/uploads\/2023\/08\/WB182CoP-600x331.jpg","coauthors":[],"tax_additional":{"categories":{"linked":["<a href=\"https:\/\/koff.swisspeace.ch\/apropos\/category\/reports-de\/\" class=\"advgb-post-tax-term\">Dossier<\/a>"],"unlinked":["<span class=\"advgb-post-tax-term\">Dossier<\/span>"]}},"comment_count":0,"relative_dates":{"created":"Posted 3 years ago","modified":"Updated 3 years ago"},"absolute_dates":{"created":"Posted on September 7, 2023","modified":"Updated on September 7, 2023"},"absolute_dates_time":{"created":"Posted on September 7, 2023 7:49 am","modified":"Updated on September 7, 2023 7:49 am"},"featured_img_caption":"","series_order":null,"_links":{"self":[{"href":"https:\/\/koff.swisspeace.ch\/apropos\/wp-json\/wp\/v2\/posts\/2350"}],"collection":[{"href":"https:\/\/koff.swisspeace.ch\/apropos\/wp-json\/wp\/v2\/posts"}],"about":[{"href":"https:\/\/koff.swisspeace.ch\/apropos\/wp-json\/wp\/v2\/types\/post"}],"author":[{"embeddable":true,"href":"https:\/\/koff.swisspeace.ch\/apropos\/wp-json\/wp\/v2\/users\/3"}],"replies":[{"embeddable":true,"href":"https:\/\/koff.swisspeace.ch\/apropos\/wp-json\/wp\/v2\/comments?post=2350"}],"version-history":[{"count":14,"href":"https:\/\/koff.swisspeace.ch\/apropos\/wp-json\/wp\/v2\/posts\/2350\/revisions"}],"predecessor-version":[{"id":2641,"href":"https:\/\/koff.swisspeace.ch\/apropos\/wp-json\/wp\/v2\/posts\/2350\/revisions\/2641"}],"wp:featuredmedia":[{"embeddable":true,"href":"https:\/\/koff.swisspeace.ch\/apropos\/wp-json\/wp\/v2\/media\/2346"}],"wp:attachment":[{"href":"https:\/\/koff.swisspeace.ch\/apropos\/wp-json\/wp\/v2\/media?parent=2350"}],"wp:term":[{"taxonomy":"category","embeddable":true,"href":"https:\/\/koff.swisspeace.ch\/apropos\/wp-json\/wp\/v2\/categories?post=2350"},{"taxonomy":"post_tag","embeddable":true,"href":"https:\/\/koff.swisspeace.ch\/apropos\/wp-json\/wp\/v2\/tags?post=2350"},{"taxonomy":"issue","embeddable":true,"href":"https:\/\/koff.swisspeace.ch\/apropos\/wp-json\/wp\/v2\/issue?post=2350"}],"curies":[{"name":"wp","href":"https:\/\/api.w.org\/{rel}","templated":true}]}}