{"id":2358,"date":"2023-09-07T07:46:17","date_gmt":"2023-09-07T07:46:17","guid":{"rendered":"https:\/\/koff.swisspeace.ch\/apropos\/?p=2358"},"modified":"2023-09-07T07:46:18","modified_gmt":"2023-09-07T07:46:18","slug":"notre-angle-mort-le-developpement-interieur","status":"publish","type":"post","link":"https:\/\/koff.swisspeace.ch\/apropos\/2358\/notre-angle-mort-le-developpement-interieur\/","title":{"rendered":"Notre angle mort \u2013 le d\u00e9veloppement int\u00e9rieur"},"content":{"rendered":"\n<p>Construire une paix durable est l\u2019une des quatre priorit\u00e9s th\u00e9matiques du mandat 2023-2024 de la Suisse en tant que membre du Conseil de s\u00e9curit\u00e9 des Nations Unies (CSNU). Le pays s\u2019efforce de garantir le respect des droits humains et la participation \u00e9gale des femmes aux processus de paix.<\/p>\n\n\n\n<p>La <a href=\"https:\/\/documents-dds-ny.un.org\/doc\/UNDOC\/GEN\/N00\/720\/19\/pdf\/N0072019.pdf?OpenElement\" target=\"_blank\" rel=\"noreferrer noopener\">r\u00e9solution 1325 du Conseil de s\u00e9curit\u00e9 de l\u2019ONU<\/a> soutient que les efforts de paix et de s\u00e9curit\u00e9 sont plus durables lorsque les femmes sont des partenaires \u00e9gales lorsqu&#8217;il s\u2019agit de pr\u00e9venir les conflits violents, de fournir une aide humanitaire et des efforts pour la reconstruction, et d\u2019instaurer une paix durable. La mise en \u0153uvre de la r\u00e9solution a connu de nombreux succ\u00e8s, mais aussi des revers.<\/p>\n\n\n\n<p>La r\u00e9alisation de progr\u00e8s transformateurs dans le cadre de l\u2019agenda \u00ab Femmes, paix et s\u00e9curit\u00e9 \u00bb (FPS) implique de reconna\u00eetre et de prendre en compte la domination historique des hommes dans la prise de d\u00e9cision et de casser les dynamiques de pouvoir interg\u00e9n\u00e9rationnelles. <em><a rel=\"noreferrer noopener\" href=\"https:\/\/dppa.un.org\/en\/a-new-agenda-for-peace\" target=\"_blank\">Le Nouvel agenda pour la paix<\/a><\/em>, une contribution essentielle des Nations Unies \u00e0 la pr\u00e9paration du <em><a rel=\"noreferrer noopener\" href=\"https:\/\/www.un.org\/fr\/common-agenda\/summit-of-the-future\" target=\"_blank\">Sommet de l\u2019avenir<\/a> <\/em>en 2024, r\u00e9pond \u00e0 cette probl\u00e9matique. L\u2019investissement dans l\u2019\u00e9galit\u00e9 des sexes et l\u2019\u00e9limination de toutes les formes de violence \u00e0 l\u2019\u00e9gard des femmes et des filles seront \u00e9galement annonc\u00e9s lors du <em><a rel=\"noreferrer noopener\" href=\"https:\/\/www.un.org\/en\/conferences\/SDGSummit2023\" target=\"_blank\">sommet ODD des Nations Unies<\/a><\/em>, les 18 et 19 septembre, en tant qu\u2019initiative transversale visant \u00e0 acc\u00e9l\u00e9rer la r\u00e9alisation des ODD. Il ne peut s\u2019agir de simples mesures recycl\u00e9es.<\/p>\n\n\n\n<p>Malheureusement, la continuit\u00e9 de la dynamique progressive de l\u2019agenda FPS reste incertaine. Accro\u00eetre la participation des femmes aux op\u00e9rations de paix peut s\u2019av\u00e9rer politiquement populaire, mais le refoulement intentionnel et le manque de connaissances \u00e9rodent le soutien \u00e0 d\u2019autres mesures de l\u2019agenda FPS.<\/p>\n\n\n\n<p>Le Forum de Caux <a rel=\"noreferrer noopener\" href=\"https:\/\/www.iofc.ch\/fr\/caux-forum-2023\" target=\"_blank\">\u00ab Confiance et int\u00e9grit\u00e9 dans la d\u00e9mocratie \u00bb<\/a> de juillet 2023 organis\u00e9 par Initiatives et Changement s\u2019est pench\u00e9 sur les r\u00e9actions hostiles \u00e0 l\u2019\u00e9gard des institutions d\u00e9mocratiques dans de nombreuses r\u00e9gions du monde. Les discussions ont port\u00e9 sur les implications de ce rejet pour l\u2019\u00e9galit\u00e9 des sexes et la paix \u00e0 l\u2019avenir, ainsi que sur les strat\u00e9gies visant \u00e0 contrer efficacement la r\u00e9sistance croissante contre les droits des femmes.<\/p>\n\n\n\n<p>Le r\u00e9chauffement climatique, la pand\u00e9mie de Covid-19 et la guerre contre l\u2019Ukraine sont cit\u00e9s comme les raisons de l\u2019absence de progr\u00e8s sur les ODD, mais ce qui nous fait \u00e9galement d\u00e9faut, c\u2019est notre capacit\u00e9 int\u00e9rieure \u00e0 faire face \u00e0 notre environnement et aux d\u00e9fis de plus en plus complexes. Le d\u00e9veloppement des capacit\u00e9s int\u00e9rieures dont nous avons tous besoin pour la mise en \u0153uvre des ODD est le point de d\u00e9part de l\u2019initiative <a rel=\"noreferrer noopener\" href=\"https:\/\/www.innerdevelopmentgoals.org\/\" target=\"_blank\"><em>Inner Development Goals<\/em><\/a>. La confiance, la tol\u00e9rance et la transparence sont essentielles \u00e0 la transformation des structures et au soutien de la bonne gouvernance et de l\u2019int\u00e9grit\u00e9 dans la vie publique. Il est facile de d\u00e9fendre ces valeurs, mais beaucoup plus difficile de les mettre en pratique.<\/p>\n\n\n\n<p>Lorsqu\u2019il s\u2019agit d\u2019instaurer la paix et la s\u00e9curit\u00e9 dans le monde, nous sommes confront\u00e9s \u00e0 un angle mort, celui des comp\u00e9tences cognitives et \u00e9motionnelles. Les changements \u00e0 l&#8217;\u00e9chelle personnelle et globale vont de pair. Chacun\u00b7e d\u2019entre nous d\u00e9tient le potentiel et la responsabilit\u00e9 de faire un travail d\u2019introspection et d\u2019aligner ses actions sur ses valeurs. En tant que membre du Conseil de s\u00e9curit\u00e9 de l\u2019ONU, il faut esp\u00e9rer que la Suisse jouera un r\u00f4le de premier plan dans le soutien au d\u00e9veloppement des capacit\u00e9s, des comp\u00e9tences et des qualit\u00e9s n\u00e9cessaires \u00e0 l\u2019\u00e9panouissement int\u00e9rieur. C\u2019est le meilleur acc\u00e9l\u00e9rateur possible pour atteindre les ODD ainsi que la paix et la s\u00e9curit\u00e9 dans le monde.<\/p>\n\n\n\n<p>Dans la perspective du 25e anniversaire de la r\u00e9solution 1325 en 2025, la Suisse devrait prendre en compte cet angle mort pour rem\u00e9dier \u00e0 la complaisance fond\u00e9e sur la popularit\u00e9 apparente de l\u2019agenda FPS et intensifier les efforts pour assurer la p\u00e9rennit\u00e9 de sa mise en \u0153uvre.<\/p>\n","protected":false},"excerpt":{"rendered":"<p>Construire une paix durable est l\u2019une des quatre priorit\u00e9s th\u00e9matiques du mandat 2023-2024 de la Suisse en tant que membre du Conseil de s\u00e9curit\u00e9 des Nations Unies (CSNU). Le pays s\u2019efforce de garantir le respect des droits humains et la participation \u00e9gale des femmes aux processus de paix. La r\u00e9solution 1325 du Conseil de s\u00e9curit\u00e9 <a href=\"https:\/\/koff.swisspeace.ch\/apropos\/2358\/notre-angle-mort-le-developpement-interieur\/\" class=\"more-link\">&#8230;<span class=\"screen-reader-text\">  Notre angle mort \u2013 le d\u00e9veloppement int\u00e9rieur<\/span><\/a><\/p>\n","protected":false},"author":3,"featured_media":2346,"comment_status":"open","ping_status":"open","sticky":false,"template":"","format":"standard","meta":{"advgb_blocks_editor_width":"","advgb_blocks_columns_visual_guide":""},"categories":[113],"tags":[],"issue":[212],"acf":[],"author_meta":{"display_name":"\u00e0 propos","author_link":"https:\/\/koff.swisspeace.ch\/apropos\/author\/apropos\/"},"featured_img":"https:\/\/koff.swisspeace.ch\/apropos\/wp-content\/uploads\/2023\/08\/WB182CoP-600x331.jpg","coauthors":[],"tax_additional":{"categories":{"linked":["<a href=\"https:\/\/koff.swisspeace.ch\/apropos\/category\/reports-fr\/\" class=\"advgb-post-tax-term\">Dossier<\/a>"],"unlinked":["<span class=\"advgb-post-tax-term\">Dossier<\/span>"]}},"comment_count":0,"relative_dates":{"created":"Posted 3 years ago","modified":"Updated 3 years ago"},"absolute_dates":{"created":"Posted on September 7, 2023","modified":"Updated on September 7, 2023"},"absolute_dates_time":{"created":"Posted on September 7, 2023 7:46 am","modified":"Updated on September 7, 2023 7:46 am"},"featured_img_caption":"","series_order":null,"_links":{"self":[{"href":"https:\/\/koff.swisspeace.ch\/apropos\/wp-json\/wp\/v2\/posts\/2358"}],"collection":[{"href":"https:\/\/koff.swisspeace.ch\/apropos\/wp-json\/wp\/v2\/posts"}],"about":[{"href":"https:\/\/koff.swisspeace.ch\/apropos\/wp-json\/wp\/v2\/types\/post"}],"author":[{"embeddable":true,"href":"https:\/\/koff.swisspeace.ch\/apropos\/wp-json\/wp\/v2\/users\/3"}],"replies":[{"embeddable":true,"href":"https:\/\/koff.swisspeace.ch\/apropos\/wp-json\/wp\/v2\/comments?post=2358"}],"version-history":[{"count":11,"href":"https:\/\/koff.swisspeace.ch\/apropos\/wp-json\/wp\/v2\/posts\/2358\/revisions"}],"predecessor-version":[{"id":2610,"href":"https:\/\/koff.swisspeace.ch\/apropos\/wp-json\/wp\/v2\/posts\/2358\/revisions\/2610"}],"wp:featuredmedia":[{"embeddable":true,"href":"https:\/\/koff.swisspeace.ch\/apropos\/wp-json\/wp\/v2\/media\/2346"}],"wp:attachment":[{"href":"https:\/\/koff.swisspeace.ch\/apropos\/wp-json\/wp\/v2\/media?parent=2358"}],"wp:term":[{"taxonomy":"category","embeddable":true,"href":"https:\/\/koff.swisspeace.ch\/apropos\/wp-json\/wp\/v2\/categories?post=2358"},{"taxonomy":"post_tag","embeddable":true,"href":"https:\/\/koff.swisspeace.ch\/apropos\/wp-json\/wp\/v2\/tags?post=2358"},{"taxonomy":"issue","embeddable":true,"href":"https:\/\/koff.swisspeace.ch\/apropos\/wp-json\/wp\/v2\/issue?post=2358"}],"curies":[{"name":"wp","href":"https:\/\/api.w.org\/{rel}","templated":true}]}}