{"id":2399,"date":"2023-09-06T08:51:13","date_gmt":"2023-09-06T08:51:13","guid":{"rendered":"https:\/\/koff.swisspeace.ch\/apropos\/?p=2399"},"modified":"2023-09-06T08:51:15","modified_gmt":"2023-09-06T08:51:15","slug":"des-espaces-limites-pour-les-luttes-feministes","status":"publish","type":"post","link":"https:\/\/koff.swisspeace.ch\/apropos\/2399\/des-espaces-limites-pour-les-luttes-feministes\/","title":{"rendered":"Des espaces limit\u00e9s pour les luttes f\u00e9ministes"},"content":{"rendered":"\n<p><\/p>\n\n\n\n<p>Le cfd et nombre de ses organisations partenaires constatent actuellement un retour en arri\u00e8re en ce qui concerne l\u2019\u00e9galit\u00e9 des genres et subissent des attaques contre leur travail. Ce ph\u00e9nom\u00e8ne s&#8217;est d\u00e9j\u00e0 fait ressentir pendant la pand\u00e9mie et s&#8217;est aggrav\u00e9 par la suite. Comment ces attaques se manifestent-elles concr\u00e8tement dans l\u2019environnement de travail de ces organisations et impactent-elles leurs projets ? Comment les comprendre&nbsp;?<\/p>\n\n\n\n<p>Le fait que la violence \u00e0 caract\u00e8re sexiste soit \u00e9troitement li\u00e9e au degr\u00e9 de militarisation d&#8217;une soci\u00e9t\u00e9 est une r\u00e9alit\u00e9 \u00e0 laquelle les organisations partenaires du cfd en Isra\u00ebl et en Palestine attestent quotidiennement. La population palestinienne souffre de plus en plus de la violence \u00e9tatique qu&#8217;engendre l&#8217;occupation isra\u00e9lienne ainsi que des attaques croissantes perp\u00e9tr\u00e9es par des colons radicaux. En plus de la pr\u00e9dominance du patriarcat au sein de la soci\u00e9t\u00e9, la pr\u00e9sence omnipr\u00e9sente de la violence militaris\u00e9e exerce une pression significative sur les relations familiales et intensifie la violence li\u00e9e au genre. La mont\u00e9e des partis de droite isra\u00e9liens s&#8217;accompagne en outre d&#8217;une forte r\u00e9duction de l&#8217;espace de la soci\u00e9t\u00e9 civile qui affecte toutes les organisations palestiniennes qui luttent pour le respect des droits fondamentaux de la population palestinienne. En 2021, six organisations de renom en Cisjordanie, dont une association de d\u00e9fense des droits des femmes, ont \u00e9t\u00e9 calomni\u00e9es et contraintes \u00e0 fermer par les autorit\u00e9s isra\u00e9liennes, en utilisant des justifications fallacieuses. Une organisation palestinienne partenaire du cfd en Isra\u00ebl a vu sa licence de travail menac\u00e9e par des obstacles bureaucratiques (\u00e0 motivation politique) et son travail en faveur des droits humains entrav\u00e9. De plus, la d\u00e9rive politique isra\u00e9lienne vers la droite favorise l&#8217;influence croissante des mouvements salafistes en Palestine. Ces groupes ont attaqu\u00e9 des organisations de d\u00e9fense des droits des femmes, dont des organisations partenaires du cfd, par une campagne agressive de d\u00e9l\u00e9gitimation. Le principal reproche \u00e9tait que ces organisations, en s&#8217;engageant pour l&#8217;ancrage local de la Convention des Nations Unies (ONU) sur l&#8217;\u00e9limination de toutes les formes de discrimination \u00e0 l&#8217;\u00e9gard des femmes (CEDEF), faisaient la promotion d&#8217;un instrument juridique occidental et attaquaient ainsi les valeurs de la communaut\u00e9 palestinienne. Le discours des agresseurs omettent le fait que la CEDEF a \u00e9t\u00e9 obtenue \u00e0 la fois par des groupes f\u00e9ministes et des mouvements sociaux de l&#8217;h\u00e9misph\u00e8re sud, ces derniers ayant ainsi souvent jou\u00e9 un r\u00f4le pr\u00e9curseur dans les soul\u00e8vements anti-patriarcaux.<\/p>\n\n\n\n<p>En Bosnie-Herz\u00e9govine, les organisations f\u00e9ministes observent des tensions politiques croissantes, renforc\u00e9es notamment par la guerre d&#8217;agression russe en Ukraine et le soutien ouvert de la Serbie \u00e0 la Russie. Les dirigeant\u00b7es politiques de la Republika Srpska menacent graduellement de faire s\u00e9cession de la Bosnie-Herz\u00e9govine et tentent d&#8217;attiser le nationalisme serbe au sein de la population. Aux yeux de ces forces nationalistes, les revendications f\u00e9ministes sont anti-nationalistes, anti-patriotiques et anti-traditionnelles. Elles sont consid\u00e9r\u00e9es comme une atteinte \u00e0 \u00ab l&#8217;unit\u00e9 des groupes ethniques \u00bb et une d\u00e9stabilisation de la soci\u00e9t\u00e9, car elles remettent en question \u00e0 la fois les mythes des guerres (pass\u00e9es) et les conceptions patriarcales courantes de la masculinit\u00e9. Ainsi, une organisation bosniaque partenaire du cfd, qui s&#8217;engage pour le renforcement des droits des personnes LGBTIQ+, rapporte que l&#8217;impact de ce r\u00e9cit, qui s\u2019intensifie depuis 30 ans, a atteint un nouveau sommet en mars dernier. Ainsi, la police de Banja Luka, la capitale de la Republika Srpska, a interdit \u00e0 la derni\u00e8re minute une manifestation d&#8217;activistes queer. Lorsque ces derni\u00e8r\u00b7es ont quitt\u00e9 leurs locaux la veille de l&#8217;annulation de la manifestation, ils\u00b7elles ont \u00e9t\u00e9 intercept\u00e9\u00b7es, poursuivi\u00b7es et violemment agress\u00e9\u00b7es par un groupe d&#8217;hommes. Les repr\u00e9sentant\u00b7es d&#8217;une autre organisation partenaire bosniaque du cfd constatent \u00e9galement que les participant\u00b7es aux projets dans les zones rurales sont insult\u00e9\u00b7es, poursuivi\u00b7es ou se font cracher dessus.<\/p>\n\n\n\n<p>En Suisse, les organisations f\u00e9ministes et de d\u00e9fense des droits des femmes se sont battues pour obtenir une meilleure protection des victimes au niveau l\u00e9gislatif dans le cadre de la r\u00e9vision du droit p\u00e9nal en mati\u00e8re sexuelle, qui aurait d\u00fb \u00eatre effectu\u00e9e depuis longtemps. Pourtant, nous constatons par exemple dans le projet du cfd visant \u00e0 promouvoir la participation \u00e9conomique des femmes migrantes un recul des pr\u00e9occupations en mati\u00e8re d&#8217;\u00e9galit\u00e9. La situation d\u00e9j\u00e0 difficile des participantes au projet s&#8217;est d\u00e9terior\u00e9e, d&#8217;une part en raison des modifications de la loi sur les \u00e9trang\u00e8r\u00b7es et l&#8217;int\u00e9gration et d&#8217;autre part en raison des r\u00e9percussions sociales et \u00e9conomiques de la pand\u00e9mie de Corona. Le nombre de femmes qui ont demand\u00e9 un soutien \u00e0 la direction du projet en raison de la violence domestique a augment\u00e9. Les participantes racis\u00e9es au projet ont constat\u00e9 une augmentation des discriminations \u00e0 leur \u00e9gard dans l&#8217;espace priv\u00e9 et public. L&#8217;une d&#8217;entre elle s&#8217;est vu refuser un cours d&#8217;allemand par les services sociaux, au motif qu&#8217;en tant que \u00ab pourvoyeur traditionnel \u00bb, la responsabilit\u00e9 d&#8217;entrer sur le march\u00e9 du travail incombait \u00e0 son mari. Malgr\u00e9 le manque de personnel qualifi\u00e9, des barri\u00e8res structurelles ont emp\u00each\u00e9 de nombreuses participantes au projet d&#8217;acc\u00e9der au march\u00e9 du travail. Cela a encore aggrav\u00e9 leur pr\u00e9carit\u00e9 socio-\u00e9conomique et a eu des cons\u00e9quences dramatiques pour beaucoup, allant du d\u00e9classement du droit de s\u00e9jour \u00e0 l&#8217;expulsion. Dans le discours public \u00e9galement, le travail en faveur de l&#8217;\u00e9galit\u00e9 est soumis \u00e0 un fort revers politique. Alors qu&#8217;apr\u00e8s la gr\u00e8ve du 14 juin 2019, des collectifs f\u00e9ministes et des organisations de d\u00e9fense des droits des femmes ont contribu\u00e9 \u00e0 fa\u00e7onner le discours social, ce sont plut\u00f4t des forces conservatrices et de droite qui dominent aujourd&#8217;hui. Ces derni\u00e8res qualifient l&#8217;activisme antiraciste de \u00ab folie woke \u00bb, la lutte contre le r\u00e9chauffement climatique d&#8217;\u00abhyst\u00e9rie climatique\u00bb et les revendications f\u00e9ministes (et queer) de \u00ab terreur du genre \u00bb. Elles d\u00e9forment ainsi une r\u00e9alit\u00e9 dans laquelle la violence dans les rapports sociaux pr\u00e9vaut. Enfin, depuis le d\u00e9but de la guerre russe contre l&#8217;Ukraine, nous percevons en Suisse aussi une conception plus militaris\u00e9e et avant tout nationale de la paix et de la s\u00e9curit\u00e9.<\/p>\n\n\n\n<p>Les forces conservatrices et de droite de plus en plus puissantes impactent donc les projets de cfd d\u00e9crits plus haut. Les aspirations f\u00e9ministes subissent \u00e0 la fois une r\u00e9sistance directe et une sorte de perte d&#8217;importance au profit d&#8217;autres probl\u00e8mes suppos\u00e9s prioritaires. Si la plupart des organisations f\u00e9ministes et de d\u00e9fense des droits des femmes concern\u00e9es s&#8217;accordent \u00e0 dire qu&#8217;il faut des alliances et des strat\u00e9gies collectives pour lutter contre ces tendances, elles ne s&#8217;accordent pas toujours sur la nature exacte de ces strat\u00e9gies. Or, pour n\u00e9gocier des strat\u00e9gies de r\u00e9sistance de mani\u00e8re collective et durable, il faut des ressources &#8211; et celles-ci restent in\u00e9galement r\u00e9parties dans le monde en raison de la violence structurelle et culturelle.<\/p>\n","protected":false},"excerpt":{"rendered":"<p>Le cfd et nombre de ses organisations partenaires constatent actuellement un retour en arri\u00e8re en ce qui concerne l\u2019\u00e9galit\u00e9 des genres et subissent des attaques contre leur travail. Ce ph\u00e9nom\u00e8ne s&#8217;est d\u00e9j\u00e0 fait ressentir pendant la pand\u00e9mie et s&#8217;est aggrav\u00e9 par la suite. Comment ces attaques se manifestent-elles concr\u00e8tement dans l\u2019environnement de travail de ces <a href=\"https:\/\/koff.swisspeace.ch\/apropos\/2399\/des-espaces-limites-pour-les-luttes-feministes\/\" class=\"more-link\">&#8230;<span class=\"screen-reader-text\">  Des espaces limit\u00e9s pour les luttes f\u00e9ministes<\/span><\/a><\/p>\n","protected":false},"author":3,"featured_media":2395,"comment_status":"open","ping_status":"open","sticky":false,"template":"","format":"standard","meta":{"advgb_blocks_editor_width":"","advgb_blocks_columns_visual_guide":""},"categories":[113],"tags":[],"issue":[212],"acf":[],"author_meta":{"display_name":"\u00e0 propos","author_link":"https:\/\/koff.swisspeace.ch\/apropos\/author\/apropos\/"},"featured_img":"https:\/\/koff.swisspeace.ch\/apropos\/wp-content\/uploads\/2023\/08\/cfd182-600x332.jpg","coauthors":[],"tax_additional":{"categories":{"linked":["<a href=\"https:\/\/koff.swisspeace.ch\/apropos\/category\/reports-fr\/\" class=\"advgb-post-tax-term\">Dossier<\/a>"],"unlinked":["<span class=\"advgb-post-tax-term\">Dossier<\/span>"]}},"comment_count":0,"relative_dates":{"created":"Posted 3 years ago","modified":"Updated 3 years ago"},"absolute_dates":{"created":"Posted on September 6, 2023","modified":"Updated on September 6, 2023"},"absolute_dates_time":{"created":"Posted on September 6, 2023 8:51 am","modified":"Updated on September 6, 2023 8:51 am"},"featured_img_caption":"","series_order":null,"_links":{"self":[{"href":"https:\/\/koff.swisspeace.ch\/apropos\/wp-json\/wp\/v2\/posts\/2399"}],"collection":[{"href":"https:\/\/koff.swisspeace.ch\/apropos\/wp-json\/wp\/v2\/posts"}],"about":[{"href":"https:\/\/koff.swisspeace.ch\/apropos\/wp-json\/wp\/v2\/types\/post"}],"author":[{"embeddable":true,"href":"https:\/\/koff.swisspeace.ch\/apropos\/wp-json\/wp\/v2\/users\/3"}],"replies":[{"embeddable":true,"href":"https:\/\/koff.swisspeace.ch\/apropos\/wp-json\/wp\/v2\/comments?post=2399"}],"version-history":[{"count":15,"href":"https:\/\/koff.swisspeace.ch\/apropos\/wp-json\/wp\/v2\/posts\/2399\/revisions"}],"predecessor-version":[{"id":2584,"href":"https:\/\/koff.swisspeace.ch\/apropos\/wp-json\/wp\/v2\/posts\/2399\/revisions\/2584"}],"wp:featuredmedia":[{"embeddable":true,"href":"https:\/\/koff.swisspeace.ch\/apropos\/wp-json\/wp\/v2\/media\/2395"}],"wp:attachment":[{"href":"https:\/\/koff.swisspeace.ch\/apropos\/wp-json\/wp\/v2\/media?parent=2399"}],"wp:term":[{"taxonomy":"category","embeddable":true,"href":"https:\/\/koff.swisspeace.ch\/apropos\/wp-json\/wp\/v2\/categories?post=2399"},{"taxonomy":"post_tag","embeddable":true,"href":"https:\/\/koff.swisspeace.ch\/apropos\/wp-json\/wp\/v2\/tags?post=2399"},{"taxonomy":"issue","embeddable":true,"href":"https:\/\/koff.swisspeace.ch\/apropos\/wp-json\/wp\/v2\/issue?post=2399"}],"curies":[{"name":"wp","href":"https:\/\/api.w.org\/{rel}","templated":true}]}}