{"id":2419,"date":"2023-09-07T07:49:38","date_gmt":"2023-09-07T07:49:38","guid":{"rendered":"https:\/\/koff.swisspeace.ch\/apropos\/?p=2419"},"modified":"2023-09-19T11:50:35","modified_gmt":"2023-09-19T11:50:35","slug":"silberstreif-am-horizont-fur-die-sexuellen-und-reproduktiven-rechte-von-frauen-in-honduras","status":"publish","type":"post","link":"https:\/\/koff.swisspeace.ch\/apropos\/2419\/silberstreif-am-horizont-fur-die-sexuellen-und-reproduktiven-rechte-von-frauen-in-honduras\/","title":{"rendered":"Silberstreif am Horizont f\u00fcr die sexuellen und reproduktiven Rechte von Frauen in Honduras"},"content":{"rendered":"\n<p><strong>Nachdem die Notfallverh\u00fctung f\u00fcr honduranische Frauen und M\u00e4dchen vierzehn Jahre lang illegal war, hob Xiomara Castro, Pr\u00e4sidentin von Honduras, am 8.&nbsp;M\u00e4rz 2023 das Verbot dieses Medikaments per Verordnung auf. Ein bemerkenswerter Schritt nach vorne in einem Land mit einer in der j\u00fcngsten Zeit restriktiven Sexual- und Reproduktionspolitik, die bis hin zu einem kompletten Abtreibungsverbot reicht.<\/strong><\/p>\n\n\n\n<p>Das Abtreibungsgesetz in Honduras geh\u00f6rt zu den striktesten der Welt. Restriktive Fortpflanzungs- und Abtreibungsgesetze tragen dort zur Aufrechterhaltung der geschlechtsspezifischen Gewalt bei, schr\u00e4nken den Handlungsraum von Frauen ein und verhindern so die Umsetzung der Agenda f\u00fcr Frauen, Frieden und Sicherheit. Angesichts der r\u00fcckl\u00e4ufigen reproduktiven Rechte in Honduras und in anderen L\u00e4ndern muss die internationale Gemeinschaft die n\u00f6tigen Gesetze im Rahmen der Agenda vorantreiben.<\/p>\n\n\n\n<p>In Honduras ist das Verbot des freiwilligen Schwangerschaftsabbruchs seit 1982 in der Verfassung festgeschrieben und seit 1997 werden Abtreibungen jeglicher Art mit bis zu zehn Jahren Gef\u00e4ngnis bestraft. W\u00e4hrend die legale, freiwillige und sichere Abtreibung eine zentrale Herausforderung f\u00fcr Frauenrechtsverteidiger:innen in Lateinamerika darstellt, verabschiedete das honduranische Parlament am 21.&nbsp;Januar 2021 eine Verfassungsreform mit dem Ziel, das komplette Abtreibungsverbot \u2013 mit den Worten einer Oppositionsabgeordneten \u2013 \u00abin Stein zu meisseln\u00bb. Das Parlament hat das umfassende Verbot eines freiwilligen Schwangerschaftsabbruchs, sogar nach einer Vergewaltigung, bei Inzest, einer Fehlbildung des F\u00f6tus oder bei gesundheitlichen oder lebensbedrohlichen Risiken f\u00fcr die Frau, in der Verfassung des Landes festgeschrieben. Dass dieser neue Artikel nur mit der Zustimmung von drei Vierteln der Parlamentsmitglieder ge\u00e4ndert werden und nicht durch eine sp\u00e4tere Verfassungsvorschrift aufgehoben oder ge\u00e4ndert werden kann, ist im Hinblick auf das k\u00fcnftige Recht auf Abtreibung und Gesundheit sowie auf das Recht der Frauen bez\u00fcglich reproduktiver Sexualit\u00e4t besorgniserregend. Honduras ist neben El Salvador, Haiti, der Dominikanischen Republik, Nicaragua und Suriname eines von sechs L\u00e4ndern in dieser Region mit einem kompletten Abtreibungsverbot.<\/p>\n\n\n\n<p><strong>Ein Angriff auf die Gesundheit und die Rechte von Frauen<\/strong><\/p>\n\n\n\n<p>Das Abtreibungsverbot entzieht den Frauen und M\u00e4dchen nicht nur ihre Grundrechte im Hinblick auf ihre sexuelle und reproduktive Gesundheit, sondern bringt ihre Gesundheit zus\u00e4tzlich in Gefahr. Tats\u00e4chlich konnte diese Massnahme die Abtreibungen nicht stoppen: Sch\u00e4tzungen der Vereinten Nationen zufolge werden jedes Jahr zwischen 50\u2019000 und 80\u2019000 illegale Abtreibungen vorgenommen. Die Schwangerschaftsabbr\u00fcche gehen unter riskanten Bedingungen vonstatten und z\u00e4hlen zu den prim\u00e4ren, aber gr\u00f6sstenteils vermeidbaren Ursachen f\u00fcr die m\u00fctterlichen Krankheits- und Sterberaten.<\/p>\n\n\n\n<p><strong>Wie sieht die Zukunft f\u00fcr die Gesundheitsrechte der Frauen in Honduras aus?<\/strong><\/p>\n\n\n\n<p>Im aktuellen Kontext hat Xiomara Castro als Pr\u00e4sidentin scheinbar nur einen begrenzten Handlungsspielraum f\u00fcr die St\u00e4rkung der Rechte von Frauen im Hinblick auf die sexuelle und reproduktive Gesundheit. Dennoch ist die von ihr am 8.&nbsp;M\u00e4rz 2023 unterzeichnete Verordnung f\u00fcr die Legalisierung der Notfallverh\u00fctung eine Trendwende und damit ein Silberstreif am Horizont. Dar\u00fcber hinaus hat die neue Regierung ihre Absicht zur Entkriminalisierung von Abtreibungen nach Vergewaltigungen oder Inzest, bei gesundheitlichen Risiken f\u00fcr die Frau oder bei einer schwerwiegenden Fehlbildung des F\u00f6tus mitgeteilt. Daf\u00fcr braucht sie aber noch Verb\u00fcndete im Parlament. Der Kampf f\u00fcr Frauenrechte w\u00e4re ohne den immensen Einsatz von Aktivist:innen aus der Zivilgesellschaft, die dabei sogar manchmal ihr Leben lassen, nicht m\u00f6glich. Zur Verbesserung ihrer Sicherheit und Sichtbarkeit unterst\u00fctzt PBI <a href=\"https:\/\/somoscdc.hn\/\">SOMOS CDC<\/a>, <a href=\"https:\/\/arcoirislgtbhonduras.es.tl\/\">Arco\u00edris<\/a> und die <a href=\"https:\/\/www.facebook.com\/Chonashn\/\">Frauenbewegung f\u00fcr den Frieden Visitaci\u00f3n Padilla<\/a> \u2013 feministische Organisationen, die f\u00fcr sexuelle Diversit\u00e4t sowie sexuelle und reproduktive Rechte in Honduras k\u00e4mpfen.<\/p>\n","protected":false},"excerpt":{"rendered":"<p>Nachdem die Notfallverh\u00fctung f\u00fcr honduranische Frauen und M\u00e4dchen vierzehn Jahre lang illegal war, hob Xiomara Castro, Pr\u00e4sidentin von Honduras, am 8.&nbsp;M\u00e4rz 2023 das Verbot dieses Medikaments per Verordnung auf. Ein bemerkenswerter Schritt nach vorne in einem Land mit einer in der j\u00fcngsten Zeit restriktiven Sexual- und Reproduktionspolitik, die bis hin zu einem kompletten Abtreibungsverbot reicht. <a href=\"https:\/\/koff.swisspeace.ch\/apropos\/2419\/silberstreif-am-horizont-fur-die-sexuellen-und-reproduktiven-rechte-von-frauen-in-honduras\/\" class=\"more-link\">&#8230;<span class=\"screen-reader-text\">  Silberstreif am Horizont f\u00fcr die sexuellen und reproduktiven Rechte von Frauen in Honduras<\/span><\/a><\/p>\n","protected":false},"author":3,"featured_media":2620,"comment_status":"open","ping_status":"open","sticky":false,"template":"","format":"standard","meta":{"advgb_blocks_editor_width":"","advgb_blocks_columns_visual_guide":""},"categories":[73],"tags":[],"issue":[210],"acf":[],"author_meta":{"display_name":"\u00e0 propos","author_link":"https:\/\/koff.swisspeace.ch\/apropos\/author\/apropos\/"},"featured_img":"https:\/\/koff.swisspeace.ch\/apropos\/wp-content\/uploads\/2023\/09\/Obs-Marcha-Mujeres-25-Noviembre-4-600x332.jpg","coauthors":[],"tax_additional":{"categories":{"linked":["<a href=\"https:\/\/koff.swisspeace.ch\/apropos\/category\/reports-de\/\" class=\"advgb-post-tax-term\">Dossier<\/a>"],"unlinked":["<span class=\"advgb-post-tax-term\">Dossier<\/span>"]}},"comment_count":0,"relative_dates":{"created":"Posted 3 years ago","modified":"Updated 3 years ago"},"absolute_dates":{"created":"Posted on September 7, 2023","modified":"Updated on September 19, 2023"},"absolute_dates_time":{"created":"Posted on September 7, 2023 7:49 am","modified":"Updated on September 19, 2023 11:50 am"},"featured_img_caption":"","series_order":null,"_links":{"self":[{"href":"https:\/\/koff.swisspeace.ch\/apropos\/wp-json\/wp\/v2\/posts\/2419"}],"collection":[{"href":"https:\/\/koff.swisspeace.ch\/apropos\/wp-json\/wp\/v2\/posts"}],"about":[{"href":"https:\/\/koff.swisspeace.ch\/apropos\/wp-json\/wp\/v2\/types\/post"}],"author":[{"embeddable":true,"href":"https:\/\/koff.swisspeace.ch\/apropos\/wp-json\/wp\/v2\/users\/3"}],"replies":[{"embeddable":true,"href":"https:\/\/koff.swisspeace.ch\/apropos\/wp-json\/wp\/v2\/comments?post=2419"}],"version-history":[{"count":14,"href":"https:\/\/koff.swisspeace.ch\/apropos\/wp-json\/wp\/v2\/posts\/2419\/revisions"}],"predecessor-version":[{"id":2715,"href":"https:\/\/koff.swisspeace.ch\/apropos\/wp-json\/wp\/v2\/posts\/2419\/revisions\/2715"}],"wp:featuredmedia":[{"embeddable":true,"href":"https:\/\/koff.swisspeace.ch\/apropos\/wp-json\/wp\/v2\/media\/2620"}],"wp:attachment":[{"href":"https:\/\/koff.swisspeace.ch\/apropos\/wp-json\/wp\/v2\/media?parent=2419"}],"wp:term":[{"taxonomy":"category","embeddable":true,"href":"https:\/\/koff.swisspeace.ch\/apropos\/wp-json\/wp\/v2\/categories?post=2419"},{"taxonomy":"post_tag","embeddable":true,"href":"https:\/\/koff.swisspeace.ch\/apropos\/wp-json\/wp\/v2\/tags?post=2419"},{"taxonomy":"issue","embeddable":true,"href":"https:\/\/koff.swisspeace.ch\/apropos\/wp-json\/wp\/v2\/issue?post=2419"}],"curies":[{"name":"wp","href":"https:\/\/api.w.org\/{rel}","templated":true}]}}