{"id":2505,"date":"2023-09-07T07:45:49","date_gmt":"2023-09-07T07:45:49","guid":{"rendered":"https:\/\/koff.swisspeace.ch\/apropos\/?p=2505"},"modified":"2023-09-07T10:18:28","modified_gmt":"2023-09-07T10:18:28","slug":"construire-la-paix-a-lheure-de-loffensive-anti-genre","status":"publish","type":"post","link":"https:\/\/koff.swisspeace.ch\/apropos\/2505\/construire-la-paix-a-lheure-de-loffensive-anti-genre\/","title":{"rendered":"Construire la paix \u00e0 l&#8217;heure de l&#8217;offensive anti-genre"},"content":{"rendered":"\n<div class=\"wp-block-advgb-images-slider advgb-images-slider-block advg-images-slider-d98186a1-5762-4fd0-b6ab-50235abe60c2\"><div class=\"advgb-images-slider\" dir=\"ltr\"><div class=\"advgb-image-slider-item\"><img decoding=\"async\" src=\"https:\/\/koff.swisspeace.ch\/apropos\/wp-content\/uploads\/2023\/09\/Cover182croped.jpg\" class=\"advgb-image-slider-img\" alt=\"\" style=\"width:100%;height:auto\"\/><div class=\"advgb-image-slider-item-info\" style=\"justify-content:flex-end;align-items:center\"><a class=\"advgb-image-slider-overlay\" target=\"_blank\" rel=\"noopener noreferrer\" href=\"#\" style=\"opacity:0.5\"><\/a><\/div><\/div><div class=\"advgb-image-slider-item\"><img decoding=\"async\" src=\"https:\/\/koff.swisspeace.ch\/apropos\/wp-content\/uploads\/2023\/08\/cfd182.jpg\" class=\"advgb-image-slider-img\" alt=\"Des espaces limit\u00e9s pour les luttes f\u00e9ministes\" style=\"width:100%;height:auto\"\/><div class=\"advgb-image-slider-item-info\" style=\"justify-content:flex-end;align-items:center\"><a class=\"advgb-image-slider-overlay\" target=\"_blank\" rel=\"noopener noreferrer\" href=\"https:\/\/koff.swisspeace.ch\/apropos\/2399\/des-espaces-limites-pour-les-luttes-feministes\/\" style=\"opacity:0.5\"><\/a><h4 class=\"advgb-image-slider-title\">Des espaces limit\u00e9s pour les luttes f\u00e9ministes<\/h4><\/div><\/div><div class=\"advgb-image-slider-item\"><img decoding=\"async\" src=\"https:\/\/koff.swisspeace.ch\/apropos\/wp-content\/uploads\/2023\/08\/WBInterpeace183.png\" class=\"advgb-image-slider-img\" alt=\"Rendre visible les invisibles\" style=\"width:100%;height:auto\"\/><div class=\"advgb-image-slider-item-info\" style=\"justify-content:flex-end;align-items:center\"><a class=\"advgb-image-slider-overlay\" target=\"_blank\" rel=\"noopener noreferrer\" href=\"https:\/\/koff.swisspeace.ch\/apropos\/2141\/rendre-visible-les-invisibles\/\" style=\"opacity:0.5\"><\/a><h4 class=\"advgb-image-slider-title\">Rendre visible les invisibles<\/h4><\/div><\/div><div class=\"advgb-image-slider-item\"><img decoding=\"async\" src=\"https:\/\/koff.swisspeace.ch\/apropos\/wp-content\/uploads\/2023\/08\/WB_Helvetas182.png\" class=\"advgb-image-slider-img\" alt=\"Moins d\u2019espace pour la soci\u00e9t\u00e9 civile, moins d\u2019espace pour les femmes\" style=\"width:100%;height:auto\"\/><div class=\"advgb-image-slider-item-info\" style=\"justify-content:flex-end;align-items:center\"><a class=\"advgb-image-slider-overlay\" target=\"_blank\" rel=\"noopener noreferrer\" href=\"https:\/\/koff.swisspeace.ch\/apropos\/2174\/moins-despace-pour-la-societe-civile-moins-despace-pour-les-femmes\/\" style=\"opacity:0.5\"><\/a><h4 class=\"advgb-image-slider-title\">Moins d\u2019espace pour la soci\u00e9t\u00e9 civile, moins d\u2019espace pour les femmes<\/h4><\/div><\/div><\/div><\/div>\n\n\n\n<p>L&#8217;Agenda \u00ab\u00a0Femmes, Paix et S\u00e9curit\u00e9\u00a0\u00bb ou \u00ab\u00a0FPS\u00a0\u00bb, n\u00e9 \u00e0 la suite de l&#8217;adoption de la r\u00e9solution 1325 des Nations unies en 2000, constitue un cadre politique qui reconna\u00eet le r\u00f4le essentiel des femmes dans tous les efforts visant \u00e0 instaurer une paix et une s\u00e9curit\u00e9 mondiales durables. Cet agenda met l&#8217;accent sur quatre piliers fondamentaux : Ils soulignent la n\u00e9cessit\u00e9 d&#8217;impliquer les femmes dans les initiatives de paix et de s\u00e9curit\u00e9, de les prot\u00e9ger, de pr\u00e9venir la violence \u00e0 caract\u00e8re sexiste et de veiller \u00e0 ce que leurs besoins soient pris en compte tout au long des op\u00e9rations d\u2019urgence et de rel\u00e8vement. Outre les mesures \u00e9tatiques, de nombreuses entit\u00e9s non gouvernementales, dont plusieurs organisations membres de KOFF, ont contribu\u00e9 \u00e0 soutenir la mise en \u0153uvre de cet agenda.<br>Toutefois, ces derni\u00e8res ann\u00e9es ont \u00e9t\u00e9 marqu\u00e9es par un \u00ab\u00a0gender backlash\u00a0\u00bb ou \u00ab offensive anti-genre \u00bb, r\u00e9action hostile \u00e0 l&#8217;\u00e9galit\u00e9 des genres, qui menace les progr\u00e8s r\u00e9alis\u00e9s en la mati\u00e8re. Ce ph\u00e9nom\u00e8ne a \u00e9merg\u00e9 en 2015 avec la mont\u00e9e en puissance des mouvements populistes et autoritaires, se manifeste notamment par la tentative de faire taire et de r\u00e9primer des organisations qui d\u00e9fendent l&#8217;\u00e9galit\u00e9 des genres, par l&#8217;exclusion des femmes des processus de paix, l&#8217;augmentation de la violence \u00e0 caract\u00e8re sexiste, des contraintes inflig\u00e9es en mati\u00e8re de sant\u00e9 reproductive et l&#8217;amplification des discours haineux, surtout sur les r\u00e9seaux sociaux, \u00e0 l&#8217;encontre des femmes, des mouvements pacifistes f\u00e9ministes et des personnes LGBTQI+.<br>Comment cette offensive a-t-elle affect\u00e9 les efforts des organisations membres de KOFF et de leurs partenaires qui s\u2019efforcent de promouvoir l\u2019agenda \u00ab Femmes, paix et s\u00e9curit\u00e9 \u00bb ? Quelles strat\u00e9gies d\u00e9veloppent-ils\u00b7elles pour y faire face? \u00c0 travers ce nouveau num\u00e9ro d&#8217;\u00e0 propos, les membres de KOFF se sont pench\u00e9s sur ces questions tr\u00e8s actuelles.<\/p>\n\n\n\n<p>Je vous souhaite une agr\u00e9able lecture!<\/p>\n\n\n\n<p>Sanjally Jobarteh, r\u00e9dactrice du magazine de <a href=\"https:\/\/koff.swisspeace.ch\/\" target=\"_blank\" rel=\"noreferrer noopener\">KOFF<\/a>.<\/p>\n","protected":false},"excerpt":{"rendered":"<p>L&#8217;Agenda \u00ab\u00a0Femmes, Paix et S\u00e9curit\u00e9\u00a0\u00bb ou \u00ab\u00a0FPS\u00a0\u00bb, n\u00e9 \u00e0 la suite de l&#8217;adoption de la r\u00e9solution 1325 des Nations unies en 2000, constitue un cadre politique qui reconna\u00eet le r\u00f4le essentiel des femmes dans tous les efforts visant \u00e0 instaurer une paix et une s\u00e9curit\u00e9 mondiales durables. Cet agenda met l&#8217;accent sur quatre piliers fondamentaux <a href=\"https:\/\/koff.swisspeace.ch\/apropos\/2505\/construire-la-paix-a-lheure-de-loffensive-anti-genre\/\" class=\"more-link\">&#8230;<span class=\"screen-reader-text\">  Construire la paix \u00e0 l&#8217;heure de l&#8217;offensive anti-genre<\/span><\/a><\/p>\n","protected":false},"author":3,"featured_media":0,"comment_status":"open","ping_status":"open","sticky":false,"template":"","format":"standard","meta":{"advgb_blocks_editor_width":"","advgb_blocks_columns_visual_guide":""},"categories":[87],"tags":[],"issue":[212],"acf":[],"author_meta":{"display_name":"\u00e0 propos","author_link":"https:\/\/koff.swisspeace.ch\/apropos\/author\/apropos\/"},"featured_img":null,"coauthors":[],"tax_additional":{"categories":{"linked":["<a href=\"https:\/\/koff.swisspeace.ch\/apropos\/category\/editorial-fr\/\" class=\"advgb-post-tax-term\">\u00c9ditorial<\/a>"],"unlinked":["<span class=\"advgb-post-tax-term\">\u00c9ditorial<\/span>"]}},"comment_count":0,"relative_dates":{"created":"Posted 3 years ago","modified":"Updated 3 years ago"},"absolute_dates":{"created":"Posted on September 7, 2023","modified":"Updated on September 7, 2023"},"absolute_dates_time":{"created":"Posted on September 7, 2023 7:45 am","modified":"Updated on September 7, 2023 10:18 am"},"featured_img_caption":"","series_order":null,"_links":{"self":[{"href":"https:\/\/koff.swisspeace.ch\/apropos\/wp-json\/wp\/v2\/posts\/2505"}],"collection":[{"href":"https:\/\/koff.swisspeace.ch\/apropos\/wp-json\/wp\/v2\/posts"}],"about":[{"href":"https:\/\/koff.swisspeace.ch\/apropos\/wp-json\/wp\/v2\/types\/post"}],"author":[{"embeddable":true,"href":"https:\/\/koff.swisspeace.ch\/apropos\/wp-json\/wp\/v2\/users\/3"}],"replies":[{"embeddable":true,"href":"https:\/\/koff.swisspeace.ch\/apropos\/wp-json\/wp\/v2\/comments?post=2505"}],"version-history":[{"count":15,"href":"https:\/\/koff.swisspeace.ch\/apropos\/wp-json\/wp\/v2\/posts\/2505\/revisions"}],"predecessor-version":[{"id":3022,"href":"https:\/\/koff.swisspeace.ch\/apropos\/wp-json\/wp\/v2\/posts\/2505\/revisions\/3022"}],"wp:attachment":[{"href":"https:\/\/koff.swisspeace.ch\/apropos\/wp-json\/wp\/v2\/media?parent=2505"}],"wp:term":[{"taxonomy":"category","embeddable":true,"href":"https:\/\/koff.swisspeace.ch\/apropos\/wp-json\/wp\/v2\/categories?post=2505"},{"taxonomy":"post_tag","embeddable":true,"href":"https:\/\/koff.swisspeace.ch\/apropos\/wp-json\/wp\/v2\/tags?post=2505"},{"taxonomy":"issue","embeddable":true,"href":"https:\/\/koff.swisspeace.ch\/apropos\/wp-json\/wp\/v2\/issue?post=2505"}],"curies":[{"name":"wp","href":"https:\/\/api.w.org\/{rel}","templated":true}]}}