{"id":2508,"date":"2023-09-07T07:48:18","date_gmt":"2023-09-07T07:48:18","guid":{"rendered":"https:\/\/koff.swisspeace.ch\/apropos\/?p=2508"},"modified":"2023-09-07T09:23:06","modified_gmt":"2023-09-07T09:23:06","slug":"friedensforderung-in-zeiten-des-gender-backlash","status":"publish","type":"post","link":"https:\/\/koff.swisspeace.ch\/apropos\/2508\/friedensforderung-in-zeiten-des-gender-backlash\/","title":{"rendered":"Friedensf\u00f6rderung in Zeiten des Gender Backlash"},"content":{"rendered":"\n<div class=\"wp-block-advgb-images-slider advgb-images-slider-block advg-images-slider-72122462-fac1-4164-b526-1e100037ade2 advgb-dyn-15c76468\"><div class=\"advgb-images-slider\" dir=\"ltr\"><div class=\"advgb-image-slider-item\"><img decoding=\"async\" src=\"https:\/\/koff.swisspeace.ch\/apropos\/wp-content\/uploads\/2023\/09\/Cover182croped.jpg\" class=\"advgb-image-slider-img\" alt=\"\" style=\"width:100%;height:auto\"\/><div class=\"advgb-image-slider-item-info\" style=\"justify-content:flex-end;align-items:center\"><a class=\"advgb-image-slider-overlay\" target=\"_blank\" rel=\"noopener noreferrer\" href=\"#\" style=\"opacity:0.5\"><\/a><\/div><\/div><div class=\"advgb-image-slider-item\"><img decoding=\"async\" src=\"https:\/\/koff.swisspeace.ch\/apropos\/wp-content\/uploads\/2023\/08\/cfd182.jpg\" class=\"advgb-image-slider-img\" alt=\"Wenig(er) Freir\u00e4ume f\u00fcr feministische K\u00e4mpfe\" style=\"width:100%;height:auto\"\/><div class=\"advgb-image-slider-item-info\" style=\"justify-content:flex-end;align-items:center\"><a class=\"advgb-image-slider-overlay\" target=\"_blank\" rel=\"noopener noreferrer\" href=\"https:\/\/koff.swisspeace.ch\/apropos\/2389\/weniger-freiraume-fur-feministische-kampfe\/\" style=\"opacity:0.5\"><\/a><h4 class=\"advgb-image-slider-title\">Wenig(er) Freir\u00e4ume f\u00fcr feministische K\u00e4mpfe<\/h4><\/div><\/div><div class=\"advgb-image-slider-item\"><img decoding=\"async\" src=\"https:\/\/koff.swisspeace.ch\/apropos\/wp-content\/uploads\/2023\/08\/WBInterpeace183.png\" class=\"advgb-image-slider-img\" alt=\"Die Unsichtbaren sichtbar machen\" style=\"width:100%;height:auto\"\/><div class=\"advgb-image-slider-item-info\" style=\"justify-content:flex-end;align-items:center\"><a class=\"advgb-image-slider-overlay\" target=\"_blank\" rel=\"noopener noreferrer\" href=\"https:\/\/koff.swisspeace.ch\/apropos\/2148\/die-unsichtbaren-sichtbar-machen\/\" style=\"opacity:0.5\"><\/a><h4 class=\"advgb-image-slider-title\">Die Unsichtbaren sichtbar machen<\/h4><\/div><\/div><div class=\"advgb-image-slider-item\"><img decoding=\"async\" src=\"https:\/\/koff.swisspeace.ch\/apropos\/wp-content\/uploads\/2023\/08\/WB_Helvetas182.png\" class=\"advgb-image-slider-img\" alt=\"Weniger zivilgesellschaftlicher Raum, weniger Handlungsspielraum f\u00fcr Frauen\" style=\"width:100%;height:auto\"\/><div class=\"advgb-image-slider-item-info\" style=\"justify-content:flex-end;align-items:center\"><a class=\"advgb-image-slider-overlay\" target=\"_blank\" rel=\"noopener noreferrer\" href=\"https:\/\/koff.swisspeace.ch\/apropos\/2181\/weniger-zivilgesellschaftlicher-raum-weniger-handlungsspielraum-fur-frauen\/\" style=\"opacity:0.5\"><\/a><h4 class=\"advgb-image-slider-title\">Weniger zivilgesellschaftlicher Raum, weniger Handlungsspielraum f\u00fcr Frauen<\/h4><\/div><\/div><\/div><\/div>\n\n\n\n<p><\/p>\n\n\n\n<p>Die Agenda f\u00fcr Frauen, Frieden und Sicherheit, die im Anschluss an die Verabschiedung der Resolution 1325 der Vereinten Nationen im Jahr 2000 entstanden ist, bildet einen politischen Rahmen, der die wesentliche Rolle von Frauen bei allen Bem\u00fchungen um die Schaffung eines nachhaltigen globalen Friedens und einer nachhaltigen Sicherheit anerkennt. Diese Agenda st\u00fctzt sich auf vier Grundpfeiler: Partizipation, Schutz, Pr\u00e4vention sowie Nothilfe und Wiederaufbau. Sie unterstreicht die Notwendigkeit, Frauen in Friedens- und Sicherheitsinitiativen einzubeziehen, sie vor Schaden zu sch\u00fctzen, geschlechtsspezifische Gewalt zu verhindern und sicherzustellen, dass ihre Bed\u00fcrfnisse bei allen Hilfs- und Wiederaufbauma\u00dfnahmen ber\u00fccksichtigt werden. Neben den staatlichen Massnahmen haben sich auch zahlreiche Nichtregierungsorganisationen, darunter mehrere KOFF-Organisationen, f\u00fcr die Umsetzung dieser Agenda eingesetzt. In den letzten Jahren ist jedoch ein sogenannter Gender Backlash zu beobachten, der diese Fortschritte gef\u00e4hrdet.<br>Dieser Backlash, der 2015 erstmals in dieser St\u00e4rke inmitten eines Aufschwungs von Autoritarismus und Populismus auftrat, beinhaltet einen starken Widerstand gegen die Rechte von Frauen und LGBTQI+-Personen und ihre zunehmende Pr\u00e4senz in der \u00d6ffentlichkeit als Verfechter:innen der Gendergleichstellung. Dieses Ph\u00e4nomen nimmt verschiedene Formen an, darunter die Exklusion von Friedensprozessen, erh\u00f6hte Zahlen von sexualisierter und geschlechtsspezifischer Gewalt, Einschr\u00e4nkungen der reproduktiven Gesundheit und die Zunahme von Hassrede, vor allem \u00fcber soziale Medien, gegen Frauen, feministische Friedensbewegungen und LGBTQI+-Personen.<br>Wie hat sich dieser Backlash auf die Bem\u00fchungen der KOFF-Organisationen und ihrer Partner:innen ausgewirkt, die sich f\u00fcr die Agenda Frauen, Frieden und Sicherheit einsetzen? Welche Strategien wenden sie an, um mit diesen Herausforderungen umzugehen? Die September-Ausgabe des \u00e0 propos-Magazins befasst sich mit diesen aktuellen Fragen.<\/p>\n\n\n\n<p>Ich w\u00fcnsche eine angenehme Lekt\u00fcre<\/p>\n\n\n\n<p>Redakteurin <a rel=\"noreferrer noopener\" href=\"https:\/\/koff.swisspeace.ch\/\" target=\"_blank\">KOFF<\/a> Magazin, Sanjally Jobarteh<\/p>\n\n\n\n<div class=\"wp-block-advgb-images-slider advgb-images-slider-block advg-images-slider-ccf4c94b-b217-47e5-846a-5714d126f508\"><div class=\"advgb-images-slider\" dir=\"ltr\"><\/div><\/div>\n","protected":false},"excerpt":{"rendered":"<p>Die Agenda f\u00fcr Frauen, Frieden und Sicherheit, die im Anschluss an die Verabschiedung der Resolution 1325 der Vereinten Nationen im Jahr 2000 entstanden ist, bildet einen politischen Rahmen, der die wesentliche Rolle von Frauen bei allen Bem\u00fchungen um die Schaffung eines nachhaltigen globalen Friedens und einer nachhaltigen Sicherheit anerkennt. Diese Agenda st\u00fctzt sich auf vier <a href=\"https:\/\/koff.swisspeace.ch\/apropos\/2508\/friedensforderung-in-zeiten-des-gender-backlash\/\" class=\"more-link\">&#8230;<span class=\"screen-reader-text\">  Friedensf\u00f6rderung in Zeiten des Gender Backlash<\/span><\/a><\/p>\n","protected":false},"author":3,"featured_media":0,"comment_status":"open","ping_status":"open","sticky":false,"template":"","format":"standard","meta":{"advgb_blocks_editor_width":"","advgb_blocks_columns_visual_guide":""},"categories":[26],"tags":[],"issue":[210],"acf":[],"author_meta":{"display_name":"\u00e0 propos","author_link":"https:\/\/koff.swisspeace.ch\/apropos\/author\/apropos\/"},"featured_img":null,"coauthors":[],"tax_additional":{"categories":{"linked":["<a href=\"https:\/\/koff.swisspeace.ch\/apropos\/category\/editorial-de\/\" class=\"advgb-post-tax-term\">Editorial<\/a>"],"unlinked":["<span class=\"advgb-post-tax-term\">Editorial<\/span>"]}},"comment_count":0,"relative_dates":{"created":"Posted 3 years ago","modified":"Updated 3 years ago"},"absolute_dates":{"created":"Posted on September 7, 2023","modified":"Updated on September 7, 2023"},"absolute_dates_time":{"created":"Posted on September 7, 2023 7:48 am","modified":"Updated on September 7, 2023 9:23 am"},"featured_img_caption":"","series_order":null,"_links":{"self":[{"href":"https:\/\/koff.swisspeace.ch\/apropos\/wp-json\/wp\/v2\/posts\/2508"}],"collection":[{"href":"https:\/\/koff.swisspeace.ch\/apropos\/wp-json\/wp\/v2\/posts"}],"about":[{"href":"https:\/\/koff.swisspeace.ch\/apropos\/wp-json\/wp\/v2\/types\/post"}],"author":[{"embeddable":true,"href":"https:\/\/koff.swisspeace.ch\/apropos\/wp-json\/wp\/v2\/users\/3"}],"replies":[{"embeddable":true,"href":"https:\/\/koff.swisspeace.ch\/apropos\/wp-json\/wp\/v2\/comments?post=2508"}],"version-history":[{"count":19,"href":"https:\/\/koff.swisspeace.ch\/apropos\/wp-json\/wp\/v2\/posts\/2508\/revisions"}],"predecessor-version":[{"id":3021,"href":"https:\/\/koff.swisspeace.ch\/apropos\/wp-json\/wp\/v2\/posts\/2508\/revisions\/3021"}],"wp:attachment":[{"href":"https:\/\/koff.swisspeace.ch\/apropos\/wp-json\/wp\/v2\/media?parent=2508"}],"wp:term":[{"taxonomy":"category","embeddable":true,"href":"https:\/\/koff.swisspeace.ch\/apropos\/wp-json\/wp\/v2\/categories?post=2508"},{"taxonomy":"post_tag","embeddable":true,"href":"https:\/\/koff.swisspeace.ch\/apropos\/wp-json\/wp\/v2\/tags?post=2508"},{"taxonomy":"issue","embeddable":true,"href":"https:\/\/koff.swisspeace.ch\/apropos\/wp-json\/wp\/v2\/issue?post=2508"}],"curies":[{"name":"wp","href":"https:\/\/api.w.org\/{rel}","templated":true}]}}