{"id":2753,"date":"2023-11-20T14:08:50","date_gmt":"2023-11-20T14:08:50","guid":{"rendered":"https:\/\/koff.swisspeace.ch\/apropos\/?p=2753"},"modified":"2023-11-20T14:08:50","modified_gmt":"2023-11-20T14:08:50","slug":"le-triple-nexus-et-leper-au-niger","status":"publish","type":"post","link":"https:\/\/koff.swisspeace.ch\/apropos\/2753\/le-triple-nexus-et-leper-au-niger\/","title":{"rendered":"Le Triple Nexus et l&#8217;EPER au Niger"},"content":{"rendered":"\n<p>L&#8217;EPER (\u0152uvre d&#8217;entraide protestante suisse) est active au Niger depuis les ann\u00e9es 70 et met actuellement en \u0153uvre des projets ax\u00e9s sur la gestion durable des ressources naturelles. Selon un <a href=\"https:\/\/www.worldbank.org\/en\/news\/feature\/2021\/10\/20\/this-is-how-niger-is-battling-climate-change\">rapport de la Banque mondiale<\/a>, 80% de la population nig\u00e9rienne d\u00e9pend de l&#8217;agriculture et de l&#8217;\u00e9levage, qui repr\u00e9sentent souvent leur unique source de revenus. Cependant, plusieurs facteurs, tels que la croissance d\u00e9mographique du pays, le changement climatique qui d\u00e9grade les terres, et la surutilisation de certaines ressources, ont entra\u00een\u00e9 une p\u00e9nurie de ressources naturelles, rendant ainsi de plus en plus difficile,\u00a0 la poursuite de ces activit\u00e9s g\u00e9n\u00e9ratrices de revenus.<\/p>\n\n\n\n<p>De plus, l&#8217;EPER a constat\u00e9 que la grande majorit\u00e9 des conflits en milieu rural au Niger sont li\u00e9s \u00e0 l&#8217;acc\u00e8s et \u00e0 la gestion de ces ressources naturelles, en particulier de l&#8217;eau et de la terre. Ces p\u00e9nuries obligent les agriculteur\u00b7rices \u00e0 occuper de plus en plus de terres ou de points d&#8217;eau traditionnellement r\u00e9serv\u00e9s aux activit\u00e9s pastorales. Les \u00e9leveur\u00b7euses (devant traverser les p\u00e2turages avec leurs troupeaux) endommagent les cultures, provoquant ainsi des tensions et des conflits parfois violents entre les \u00e9leveur\u00b7euses et les familles paysan\u00b7nes s\u00e9dentaires. Ces conflits sont principalement d&#8217;ordre intercommunautaire, mais ils peuvent \u00e9galement toucher les habitant\u00b7es d&#8217;un m\u00eame village, contraint\u00b7es de partager des espaces d&#8217;exploitation communs.<\/p>\n\n\n\n<p>Au cours de la derni\u00e8re d\u00e9cennie, l&#8217;EPER a concentr\u00e9 ses efforts en mati\u00e8re de gestion des ressources naturelles sur les r\u00e9gions de Maradi et de Zinder, particuli\u00e8rement touch\u00e9es par ces conflits. <\/p>\n\n\n\n<p>L&#8217;organisation poursuit trois objectifs majeurs :<\/p>\n\n\n\n<ul type=\"1\" start=\"1\">\n<li>Am\u00e9liorer la disponibilit\u00e9 des ressources en r\u00e9habilitant les terres d\u00e9grad\u00e9es et en cherchant \u00e0 am\u00e9liorer l&#8217;acc\u00e8s \u00e0 l&#8217;eau dans des zones n\u00e9glig\u00e9es (l&#8217;eau \u00e9tant la deuxi\u00e8me ressource en p\u00e9nurie).<\/li>\n\n\n\n<li>Mettre en place des m\u00e9canismes inclusifs et participatifs de gestion des conflits en collaboration avec les communaut\u00e9s et les autorit\u00e9s locales, qu&#8217;elles soient \u00e9tatiques ou traditionnelles, dans le but de promouvoir une r\u00e9solution pacifique des conflits.<\/li>\n\n\n\n<li>Soutenir les n\u00e9gociations sur l&#8217;am\u00e9nagement de corridors pour le passage de troupeaux d&#8217;\u00e9leveur\u00b7euses nomades et financer la construction d&#8217;abreuvoirs le long de ces corridors.<\/li>\n<\/ul>\n\n\n\n<p>Alors que la notion de &#8220;triple nexus&#8221; humanitaire, de d\u00e9veloppement et de promotion de la paix gagne en importance dans le secteur de la coop\u00e9ration internationale, le projet d\u00e9crit dans cet article illustre l&#8217;int\u00e9r\u00eat d&#8217;intervenir \u00e0 ces trois niveaux afin d\u2019am\u00e9liorer les conditions de vie des communaut\u00e9s locales. En am\u00e9liorant l&#8217;acc\u00e8s aux ressources naturelles et en soutenant les efforts de gestion des conflits en la mati\u00e8re, l&#8217;organisation favorise la s\u00e9curit\u00e9 alimentaire, la coexistence pacifique entre \u00e9leveur\u00b7euses mobiles et paysan\u00b7nes s\u00e9dentaires et contribue ainsi \u00e0 la r\u00e9duction des besoins humanitaires li\u00e9s \u00e0 la faim et \u00e0 la violence.<\/p>\n","protected":false},"excerpt":{"rendered":"<p>L&#8217;EPER (\u0152uvre d&#8217;entraide protestante suisse) est active au Niger depuis les ann\u00e9es 70 et met actuellement en \u0153uvre des projets ax\u00e9s sur la gestion durable des ressources naturelles. Selon un rapport de la Banque mondiale, 80% de la population nig\u00e9rienne d\u00e9pend de l&#8217;agriculture et de l&#8217;\u00e9levage, qui repr\u00e9sentent souvent leur unique source de revenus. Cependant, <a href=\"https:\/\/koff.swisspeace.ch\/apropos\/2753\/le-triple-nexus-et-leper-au-niger\/\" class=\"more-link\">&#8230;<span class=\"screen-reader-text\">  Le Triple Nexus et l&#8217;EPER au Niger<\/span><\/a><\/p>\n","protected":false},"author":3,"featured_media":2748,"comment_status":"open","ping_status":"open","sticky":false,"template":"","format":"standard","meta":{"advgb_blocks_editor_width":"","advgb_blocks_columns_visual_guide":""},"categories":[113],"tags":[],"issue":[242],"acf":[],"author_meta":{"display_name":"\u00e0 propos","author_link":"https:\/\/koff.swisspeace.ch\/apropos\/author\/apropos\/"},"featured_img":"https:\/\/koff.swisspeace.ch\/apropos\/wp-content\/uploads\/2023\/11\/182_eleveurs-transhumants-a-Maradi-600x332.jpg","coauthors":[],"tax_additional":{"categories":{"linked":["<a href=\"https:\/\/koff.swisspeace.ch\/apropos\/category\/reports-fr\/\" class=\"advgb-post-tax-term\">Dossier<\/a>"],"unlinked":["<span class=\"advgb-post-tax-term\">Dossier<\/span>"]}},"comment_count":0,"relative_dates":{"created":"Posted 3 years ago","modified":"Updated 3 years ago"},"absolute_dates":{"created":"Posted on November 20, 2023","modified":"Updated on November 20, 2023"},"absolute_dates_time":{"created":"Posted on November 20, 2023 2:08 pm","modified":"Updated on November 20, 2023 2:08 pm"},"featured_img_caption":"","series_order":null,"_links":{"self":[{"href":"https:\/\/koff.swisspeace.ch\/apropos\/wp-json\/wp\/v2\/posts\/2753"}],"collection":[{"href":"https:\/\/koff.swisspeace.ch\/apropos\/wp-json\/wp\/v2\/posts"}],"about":[{"href":"https:\/\/koff.swisspeace.ch\/apropos\/wp-json\/wp\/v2\/types\/post"}],"author":[{"embeddable":true,"href":"https:\/\/koff.swisspeace.ch\/apropos\/wp-json\/wp\/v2\/users\/3"}],"replies":[{"embeddable":true,"href":"https:\/\/koff.swisspeace.ch\/apropos\/wp-json\/wp\/v2\/comments?post=2753"}],"version-history":[{"count":8,"href":"https:\/\/koff.swisspeace.ch\/apropos\/wp-json\/wp\/v2\/posts\/2753\/revisions"}],"predecessor-version":[{"id":3035,"href":"https:\/\/koff.swisspeace.ch\/apropos\/wp-json\/wp\/v2\/posts\/2753\/revisions\/3035"}],"wp:featuredmedia":[{"embeddable":true,"href":"https:\/\/koff.swisspeace.ch\/apropos\/wp-json\/wp\/v2\/media\/2748"}],"wp:attachment":[{"href":"https:\/\/koff.swisspeace.ch\/apropos\/wp-json\/wp\/v2\/media?parent=2753"}],"wp:term":[{"taxonomy":"category","embeddable":true,"href":"https:\/\/koff.swisspeace.ch\/apropos\/wp-json\/wp\/v2\/categories?post=2753"},{"taxonomy":"post_tag","embeddable":true,"href":"https:\/\/koff.swisspeace.ch\/apropos\/wp-json\/wp\/v2\/tags?post=2753"},{"taxonomy":"issue","embeddable":true,"href":"https:\/\/koff.swisspeace.ch\/apropos\/wp-json\/wp\/v2\/issue?post=2753"}],"curies":[{"name":"wp","href":"https:\/\/api.w.org\/{rel}","templated":true}]}}