{"id":2791,"date":"2023-11-20T14:08:50","date_gmt":"2023-11-20T14:08:50","guid":{"rendered":"https:\/\/koff.swisspeace.ch\/apropos\/?p=2791"},"modified":"2023-11-20T14:26:41","modified_gmt":"2023-11-20T14:26:41","slug":"nouveau-magazine-feminists-connecting-for-peace","status":"publish","type":"post","link":"https:\/\/koff.swisspeace.ch\/apropos\/2791\/nouveau-magazine-feminists-connecting-for-peace\/","title":{"rendered":"Nouveau magazine \u00ab Feminists Connecting for Peace \u00bb"},"content":{"rendered":"\n<p>&#8220;Que signifie la s\u00e9curit\u00e9 pour toi ? Qu&#8217;est-ce qui te donne un sentiment de s\u00e9curit\u00e9 ? Qu&#8217;est-ce qui la menace?&#8221; Ces questions sont au c\u0153ur de nombreuses discussions au sein de notre r\u00e9seau mondial. C&#8217;est pourquoi nous avons choisi le th\u00e8me de la s\u00e9curit\u00e9 pour l&#8217;\u00e9dition de cette ann\u00e9e du magazine &#8220;Feminists Connecting for Peace&#8221;. Les neuf contributions &#8211; du Cameroun au Kosovo &#8211; d\u00e9voilent ce que signifie la s\u00e9curit\u00e9 dans une perspective f\u00e9ministe et comment cette compr\u00e9hension s&#8217;oppose \u00e0 une interpr\u00e9tation militaire de la s\u00e9curit\u00e9. <\/p>\n","protected":false},"excerpt":{"rendered":"<p>&#8220;Que signifie la s\u00e9curit\u00e9 pour toi ? Qu&#8217;est-ce qui te donne un sentiment de s\u00e9curit\u00e9 ? Qu&#8217;est-ce qui la menace?&#8221; Ces questions sont au c\u0153ur de nombreuses discussions au sein de notre r\u00e9seau mondial. C&#8217;est pourquoi nous avons choisi le th\u00e8me de la s\u00e9curit\u00e9 pour l&#8217;\u00e9dition de cette ann\u00e9e du magazine &#8220;Feminists Connecting for Peace&#8221;. <a href=\"https:\/\/koff.swisspeace.ch\/apropos\/2791\/nouveau-magazine-feminists-connecting-for-peace\/\" class=\"more-link\">&#8230;<span class=\"screen-reader-text\">  Nouveau magazine \u00ab Feminists Connecting for Peace \u00bb<\/span><\/a><\/p>\n","protected":false},"author":3,"featured_media":2783,"comment_status":"open","ping_status":"open","sticky":false,"template":"","format":"standard","meta":{"advgb_blocks_editor_width":"","advgb_blocks_columns_visual_guide":""},"categories":[99],"tags":[],"issue":[242],"acf":[],"author_meta":{"display_name":"\u00e0 propos","author_link":"https:\/\/koff.swisspeace.ch\/apropos\/author\/apropos\/"},"featured_img":"https:\/\/koff.swisspeace.ch\/apropos\/wp-content\/uploads\/2023\/11\/PWAG_Cover_mit_Text-600x331.jpg","coauthors":[],"tax_additional":{"categories":{"linked":["<a href=\"https:\/\/koff.swisspeace.ch\/apropos\/category\/news-fr\/\" class=\"advgb-post-tax-term\">Actualit\u00e9<\/a>"],"unlinked":["<span class=\"advgb-post-tax-term\">Actualit\u00e9<\/span>"]}},"comment_count":0,"relative_dates":{"created":"Posted 3 years ago","modified":"Updated 3 years ago"},"absolute_dates":{"created":"Posted on November 20, 2023","modified":"Updated on November 20, 2023"},"absolute_dates_time":{"created":"Posted on November 20, 2023 2:08 pm","modified":"Updated on November 20, 2023 2:26 pm"},"featured_img_caption":"","series_order":null,"_links":{"self":[{"href":"https:\/\/koff.swisspeace.ch\/apropos\/wp-json\/wp\/v2\/posts\/2791"}],"collection":[{"href":"https:\/\/koff.swisspeace.ch\/apropos\/wp-json\/wp\/v2\/posts"}],"about":[{"href":"https:\/\/koff.swisspeace.ch\/apropos\/wp-json\/wp\/v2\/types\/post"}],"author":[{"embeddable":true,"href":"https:\/\/koff.swisspeace.ch\/apropos\/wp-json\/wp\/v2\/users\/3"}],"replies":[{"embeddable":true,"href":"https:\/\/koff.swisspeace.ch\/apropos\/wp-json\/wp\/v2\/comments?post=2791"}],"version-history":[{"count":5,"href":"https:\/\/koff.swisspeace.ch\/apropos\/wp-json\/wp\/v2\/posts\/2791\/revisions"}],"predecessor-version":[{"id":3107,"href":"https:\/\/koff.swisspeace.ch\/apropos\/wp-json\/wp\/v2\/posts\/2791\/revisions\/3107"}],"wp:featuredmedia":[{"embeddable":true,"href":"https:\/\/koff.swisspeace.ch\/apropos\/wp-json\/wp\/v2\/media\/2783"}],"wp:attachment":[{"href":"https:\/\/koff.swisspeace.ch\/apropos\/wp-json\/wp\/v2\/media?parent=2791"}],"wp:term":[{"taxonomy":"category","embeddable":true,"href":"https:\/\/koff.swisspeace.ch\/apropos\/wp-json\/wp\/v2\/categories?post=2791"},{"taxonomy":"post_tag","embeddable":true,"href":"https:\/\/koff.swisspeace.ch\/apropos\/wp-json\/wp\/v2\/tags?post=2791"},{"taxonomy":"issue","embeddable":true,"href":"https:\/\/koff.swisspeace.ch\/apropos\/wp-json\/wp\/v2\/issue?post=2791"}],"curies":[{"name":"wp","href":"https:\/\/api.w.org\/{rel}","templated":true}]}}