{"id":2810,"date":"2023-11-20T14:08:50","date_gmt":"2023-11-20T14:08:50","guid":{"rendered":"https:\/\/koff.swisspeace.ch\/apropos\/?p=2810"},"modified":"2023-11-20T14:08:50","modified_gmt":"2023-11-20T14:08:50","slug":"mission-21-begegnen-4-2023-le-defi-de-la-liberte-religieuse-en-indonesie","status":"publish","type":"post","link":"https:\/\/koff.swisspeace.ch\/apropos\/2810\/mission-21-begegnen-4-2023-le-defi-de-la-liberte-religieuse-en-indonesie\/","title":{"rendered":"Mission 21 &#8211; \u00ab begegnen \u00bb 4-2023 : Le d\u00e9fi de la libert\u00e9 religieuse en Indon\u00e9sie"},"content":{"rendered":"\n<p>La libert\u00e9 de religion est certes garantie en Indon\u00e9sie, mais elle est limit\u00e9e \u00e0 cinq religions, \u00e0 savoir l&#8217;islam, l&#8217;hindouisme, le bouddhisme, le confucianisme et le christianisme. Malheureusement, l&#8217;intol\u00e9rance augmente  au sein de la population, attis\u00e9e par des groupes radicaux et par des influences ext\u00e9rieures, notamment de l&#8217;Arabie saoudite. En 2022, le Parlement a adopt\u00e9 une nouvelle loi p\u00e9nale qui pourrait aggraver cette intol\u00e9rance.<\/p>\n\n\n\n<p>Vous trouverez plus d&#8217;informations \u00e0 ce sujet dans l&#8217;\u00e9dition de d\u00e9cembre de \u00ab begegnen \u00bb, le magazine des donateur\u00b7rices de Mission 21, qui donne \u00e9galement la parole \u00e0 des partenaires de Mission 21 qui s&#8217;engagent en Indon\u00e9sie pour la compr\u00e9hension interreligieuse et la tol\u00e9rance. Selon eux\u00b7elles, l&#8217;\u00e9change et la rencontre au quotidien ou lors d&#8217;\u00e9v\u00e9nements religieux ainsi que l&#8217;engagement pour les droits humains et la d\u00e9mocratie sont essentiels pour une cohabitation pacifique.<\/p>\n","protected":false},"excerpt":{"rendered":"<p>La libert\u00e9 de religion est certes garantie en Indon\u00e9sie, mais elle est limit\u00e9e \u00e0 cinq religions, \u00e0 savoir l&#8217;islam, l&#8217;hindouisme, le bouddhisme, le confucianisme et le christianisme. Malheureusement, l&#8217;intol\u00e9rance augmente au sein de la population, attis\u00e9e par des groupes radicaux et par des influences ext\u00e9rieures, notamment de l&#8217;Arabie saoudite. En 2022, le Parlement a adopt\u00e9 <a href=\"https:\/\/koff.swisspeace.ch\/apropos\/2810\/mission-21-begegnen-4-2023-le-defi-de-la-liberte-religieuse-en-indonesie\/\" class=\"more-link\">&#8230;<span class=\"screen-reader-text\">  Mission 21 &#8211; \u00ab begegnen \u00bb 4-2023 : Le d\u00e9fi de la libert\u00e9 religieuse en Indon\u00e9sie<\/span><\/a><\/p>\n","protected":false},"author":3,"featured_media":2799,"comment_status":"open","ping_status":"open","sticky":false,"template":"","format":"standard","meta":{"advgb_blocks_editor_width":"","advgb_blocks_columns_visual_guide":""},"categories":[99],"tags":[],"issue":[242],"acf":[],"author_meta":{"display_name":"\u00e0 propos","author_link":"https:\/\/koff.swisspeace.ch\/apropos\/author\/apropos\/"},"featured_img":"https:\/\/koff.swisspeace.ch\/apropos\/wp-content\/uploads\/2023\/11\/MISSIO1-600x331.png","coauthors":[],"tax_additional":{"categories":{"linked":["<a href=\"https:\/\/koff.swisspeace.ch\/apropos\/category\/news-fr\/\" class=\"advgb-post-tax-term\">Actualit\u00e9<\/a>"],"unlinked":["<span class=\"advgb-post-tax-term\">Actualit\u00e9<\/span>"]}},"comment_count":0,"relative_dates":{"created":"Posted 3 years ago","modified":"Updated 3 years ago"},"absolute_dates":{"created":"Posted on November 20, 2023","modified":"Updated on November 20, 2023"},"absolute_dates_time":{"created":"Posted on November 20, 2023 2:08 pm","modified":"Updated on November 20, 2023 2:08 pm"},"featured_img_caption":"","series_order":null,"_links":{"self":[{"href":"https:\/\/koff.swisspeace.ch\/apropos\/wp-json\/wp\/v2\/posts\/2810"}],"collection":[{"href":"https:\/\/koff.swisspeace.ch\/apropos\/wp-json\/wp\/v2\/posts"}],"about":[{"href":"https:\/\/koff.swisspeace.ch\/apropos\/wp-json\/wp\/v2\/types\/post"}],"author":[{"embeddable":true,"href":"https:\/\/koff.swisspeace.ch\/apropos\/wp-json\/wp\/v2\/users\/3"}],"replies":[{"embeddable":true,"href":"https:\/\/koff.swisspeace.ch\/apropos\/wp-json\/wp\/v2\/comments?post=2810"}],"version-history":[{"count":6,"href":"https:\/\/koff.swisspeace.ch\/apropos\/wp-json\/wp\/v2\/posts\/2810\/revisions"}],"predecessor-version":[{"id":3069,"href":"https:\/\/koff.swisspeace.ch\/apropos\/wp-json\/wp\/v2\/posts\/2810\/revisions\/3069"}],"wp:featuredmedia":[{"embeddable":true,"href":"https:\/\/koff.swisspeace.ch\/apropos\/wp-json\/wp\/v2\/media\/2799"}],"wp:attachment":[{"href":"https:\/\/koff.swisspeace.ch\/apropos\/wp-json\/wp\/v2\/media?parent=2810"}],"wp:term":[{"taxonomy":"category","embeddable":true,"href":"https:\/\/koff.swisspeace.ch\/apropos\/wp-json\/wp\/v2\/categories?post=2810"},{"taxonomy":"post_tag","embeddable":true,"href":"https:\/\/koff.swisspeace.ch\/apropos\/wp-json\/wp\/v2\/tags?post=2810"},{"taxonomy":"issue","embeddable":true,"href":"https:\/\/koff.swisspeace.ch\/apropos\/wp-json\/wp\/v2\/issue?post=2810"}],"curies":[{"name":"wp","href":"https:\/\/api.w.org\/{rel}","templated":true}]}}