{"id":2818,"date":"2023-11-20T14:08:23","date_gmt":"2023-11-20T14:08:23","guid":{"rendered":"https:\/\/koff.swisspeace.ch\/apropos\/?p=2818"},"modified":"2023-11-20T14:08:23","modified_gmt":"2023-11-20T14:08:23","slug":"mitwirken-fuer-den-frieden","status":"publish","type":"post","link":"https:\/\/koff.swisspeace.ch\/apropos\/2818\/mitwirken-fuer-den-frieden\/","title":{"rendered":"Mitwirken f\u00fcr den Frieden"},"content":{"rendered":"\n<p>Die Frauen* f\u00fcr den Frieden Schweiz suchen Verst\u00e4rkung f\u00fcr ihren Vorstand. Ohne Gerechtigkeit kein Frieden, innen wie aussen, und das ist wichtiger denn je und doch sehr vielschichtig und, ja, komplex. Es ist aber auch lohnend und ein Mittel gegen Ohnmachtsgef\u00fchle. Wir suchen Frauen, die unseren Vorstand von vier Frauen und einer Gesch\u00e4ftsf\u00fchrerin vergr\u00f6ssern. Die Sitzungen finden in Basel statt. \u00dcber einen Kontakt w\u00fcrden wir uns sehr freuen.<\/p>\n\n\n\n<p>Sekretariat: Suzanne Schwarz, sekretariat@frauenfuerdenfrieden.ch, 044 945 0724<br><\/p>\n","protected":false},"excerpt":{"rendered":"<p>Die Frauen* f\u00fcr den Frieden Schweiz suchen Verst\u00e4rkung f\u00fcr ihren Vorstand. Ohne Gerechtigkeit kein Frieden, innen wie aussen, und das ist wichtiger denn je und doch sehr vielschichtig und, ja, komplex. Es ist aber auch lohnend und ein Mittel gegen Ohnmachtsgef\u00fchle. Wir suchen Frauen, die unseren Vorstand von vier Frauen und einer Gesch\u00e4ftsf\u00fchrerin vergr\u00f6ssern. Die <a href=\"https:\/\/koff.swisspeace.ch\/apropos\/2818\/mitwirken-fuer-den-frieden\/\" class=\"more-link\">&#8230;<span class=\"screen-reader-text\">  Mitwirken f\u00fcr den Frieden<\/span><\/a><\/p>\n","protected":false},"author":3,"featured_media":3068,"comment_status":"open","ping_status":"open","sticky":false,"template":"","format":"standard","meta":{"advgb_blocks_editor_width":"","advgb_blocks_columns_visual_guide":""},"categories":[71],"tags":[],"issue":[240],"acf":[],"author_meta":{"display_name":"\u00e0 propos","author_link":"https:\/\/koff.swisspeace.ch\/apropos\/author\/apropos\/"},"featured_img":"https:\/\/koff.swisspeace.ch\/apropos\/wp-content\/uploads\/2023\/11\/tim-mossholder-GOMhuCj-O9w-unsplash-600x331.png","coauthors":[],"tax_additional":{"categories":{"linked":["<a href=\"https:\/\/koff.swisspeace.ch\/apropos\/category\/news-de\/\" class=\"advgb-post-tax-term\">Aktuell<\/a>"],"unlinked":["<span class=\"advgb-post-tax-term\">Aktuell<\/span>"]}},"comment_count":0,"relative_dates":{"created":"Posted 3 years ago","modified":"Updated 3 years ago"},"absolute_dates":{"created":"Posted on November 20, 2023","modified":"Updated on November 20, 2023"},"absolute_dates_time":{"created":"Posted on November 20, 2023 2:08 pm","modified":"Updated on November 20, 2023 2:08 pm"},"featured_img_caption":"","series_order":null,"_links":{"self":[{"href":"https:\/\/koff.swisspeace.ch\/apropos\/wp-json\/wp\/v2\/posts\/2818"}],"collection":[{"href":"https:\/\/koff.swisspeace.ch\/apropos\/wp-json\/wp\/v2\/posts"}],"about":[{"href":"https:\/\/koff.swisspeace.ch\/apropos\/wp-json\/wp\/v2\/types\/post"}],"author":[{"embeddable":true,"href":"https:\/\/koff.swisspeace.ch\/apropos\/wp-json\/wp\/v2\/users\/3"}],"replies":[{"embeddable":true,"href":"https:\/\/koff.swisspeace.ch\/apropos\/wp-json\/wp\/v2\/comments?post=2818"}],"version-history":[{"count":4,"href":"https:\/\/koff.swisspeace.ch\/apropos\/wp-json\/wp\/v2\/posts\/2818\/revisions"}],"predecessor-version":[{"id":2822,"href":"https:\/\/koff.swisspeace.ch\/apropos\/wp-json\/wp\/v2\/posts\/2818\/revisions\/2822"}],"wp:featuredmedia":[{"embeddable":true,"href":"https:\/\/koff.swisspeace.ch\/apropos\/wp-json\/wp\/v2\/media\/3068"}],"wp:attachment":[{"href":"https:\/\/koff.swisspeace.ch\/apropos\/wp-json\/wp\/v2\/media?parent=2818"}],"wp:term":[{"taxonomy":"category","embeddable":true,"href":"https:\/\/koff.swisspeace.ch\/apropos\/wp-json\/wp\/v2\/categories?post=2818"},{"taxonomy":"post_tag","embeddable":true,"href":"https:\/\/koff.swisspeace.ch\/apropos\/wp-json\/wp\/v2\/tags?post=2818"},{"taxonomy":"issue","embeddable":true,"href":"https:\/\/koff.swisspeace.ch\/apropos\/wp-json\/wp\/v2\/issue?post=2818"}],"curies":[{"name":"wp","href":"https:\/\/api.w.org\/{rel}","templated":true}]}}