{"id":2830,"date":"2023-11-20T14:08:50","date_gmt":"2023-11-20T14:08:50","guid":{"rendered":"https:\/\/koff.swisspeace.ch\/apropos\/?p=2830"},"modified":"2023-11-20T14:08:50","modified_gmt":"2023-11-20T14:08:50","slug":"participer-a-la-paix","status":"publish","type":"post","link":"https:\/\/koff.swisspeace.ch\/apropos\/2830\/participer-a-la-paix\/","title":{"rendered":"Participer \u00e0 la paix"},"content":{"rendered":"\n<p>Les Femmes* pour la Paix Suisse recherchent un membre de plus pour compl\u00e9ter leur conseil d&#8217;administration. La justice est essentielle \u00e0 la paix int\u00e9rieure et ext\u00e9rieure, ce qui la rend plus cruciale que jamais, m\u00eame si elle reste complexe et multiforme. N\u00e9anmoins, s&#8217;engager pour cette cause est valorisant et permet de lutter contre le sentiment d&#8217;impuissance. Les Femmes* pour la Paix vous invitent \u00e0 \u00e9largir leur conseil d&#8217;administration, qui compte actuellement quatre femmes et un directeur. Les r\u00e9unions ont lieu \u00e0 B\u00e2le. Leurs membres se r\u00e9jouissent d&#8217;avance de votre prise de contact.<\/p>\n\n\n\n<p>Secr\u00e9tariat : Suzanne Schwarz, sekretariat@frauenfuerdenfrieden.ch, 044 945 0724<\/p>\n","protected":false},"excerpt":{"rendered":"<p>Les Femmes* pour la Paix Suisse recherchent un membre de plus pour compl\u00e9ter leur conseil d&#8217;administration. La justice est essentielle \u00e0 la paix int\u00e9rieure et ext\u00e9rieure, ce qui la rend plus cruciale que jamais, m\u00eame si elle reste complexe et multiforme. N\u00e9anmoins, s&#8217;engager pour cette cause est valorisant et permet de lutter contre le sentiment <a href=\"https:\/\/koff.swisspeace.ch\/apropos\/2830\/participer-a-la-paix\/\" class=\"more-link\">&#8230;<span class=\"screen-reader-text\">  Participer \u00e0 la paix<\/span><\/a><\/p>\n","protected":false},"author":3,"featured_media":3068,"comment_status":"open","ping_status":"open","sticky":false,"template":"","format":"standard","meta":{"advgb_blocks_editor_width":"","advgb_blocks_columns_visual_guide":""},"categories":[99],"tags":[],"issue":[242],"acf":[],"author_meta":{"display_name":"\u00e0 propos","author_link":"https:\/\/koff.swisspeace.ch\/apropos\/author\/apropos\/"},"featured_img":"https:\/\/koff.swisspeace.ch\/apropos\/wp-content\/uploads\/2023\/11\/tim-mossholder-GOMhuCj-O9w-unsplash-600x331.png","coauthors":[],"tax_additional":{"categories":{"linked":["<a href=\"https:\/\/koff.swisspeace.ch\/apropos\/category\/news-fr\/\" class=\"advgb-post-tax-term\">Actualit\u00e9<\/a>"],"unlinked":["<span class=\"advgb-post-tax-term\">Actualit\u00e9<\/span>"]}},"comment_count":0,"relative_dates":{"created":"Posted 3 years ago","modified":"Updated 3 years ago"},"absolute_dates":{"created":"Posted on November 20, 2023","modified":"Updated on November 20, 2023"},"absolute_dates_time":{"created":"Posted on November 20, 2023 2:08 pm","modified":"Updated on November 20, 2023 2:08 pm"},"featured_img_caption":"","series_order":null,"_links":{"self":[{"href":"https:\/\/koff.swisspeace.ch\/apropos\/wp-json\/wp\/v2\/posts\/2830"}],"collection":[{"href":"https:\/\/koff.swisspeace.ch\/apropos\/wp-json\/wp\/v2\/posts"}],"about":[{"href":"https:\/\/koff.swisspeace.ch\/apropos\/wp-json\/wp\/v2\/types\/post"}],"author":[{"embeddable":true,"href":"https:\/\/koff.swisspeace.ch\/apropos\/wp-json\/wp\/v2\/users\/3"}],"replies":[{"embeddable":true,"href":"https:\/\/koff.swisspeace.ch\/apropos\/wp-json\/wp\/v2\/comments?post=2830"}],"version-history":[{"count":5,"href":"https:\/\/koff.swisspeace.ch\/apropos\/wp-json\/wp\/v2\/posts\/2830\/revisions"}],"predecessor-version":[{"id":3067,"href":"https:\/\/koff.swisspeace.ch\/apropos\/wp-json\/wp\/v2\/posts\/2830\/revisions\/3067"}],"wp:featuredmedia":[{"embeddable":true,"href":"https:\/\/koff.swisspeace.ch\/apropos\/wp-json\/wp\/v2\/media\/3068"}],"wp:attachment":[{"href":"https:\/\/koff.swisspeace.ch\/apropos\/wp-json\/wp\/v2\/media?parent=2830"}],"wp:term":[{"taxonomy":"category","embeddable":true,"href":"https:\/\/koff.swisspeace.ch\/apropos\/wp-json\/wp\/v2\/categories?post=2830"},{"taxonomy":"post_tag","embeddable":true,"href":"https:\/\/koff.swisspeace.ch\/apropos\/wp-json\/wp\/v2\/tags?post=2830"},{"taxonomy":"issue","embeddable":true,"href":"https:\/\/koff.swisspeace.ch\/apropos\/wp-json\/wp\/v2\/issue?post=2830"}],"curies":[{"name":"wp","href":"https:\/\/api.w.org\/{rel}","templated":true}]}}