{"id":2876,"date":"2023-11-20T14:08:50","date_gmt":"2023-11-20T14:08:50","guid":{"rendered":"https:\/\/koff.swisspeace.ch\/apropos\/?p=2876"},"modified":"2023-11-20T14:08:50","modified_gmt":"2023-11-20T14:08:50","slug":"linformation-au-sahel-est-un-enjeu-de-paix","status":"publish","type":"post","link":"https:\/\/koff.swisspeace.ch\/apropos\/2876\/linformation-au-sahel-est-un-enjeu-de-paix\/","title":{"rendered":"<strong>L\u2019information au Sahel est un enjeu de paix<\/strong>"},"content":{"rendered":"\n<p><strong>Pendant la derni\u00e8re d\u00e9cennie, la violence s\u2019est intensifi\u00e9e dans la r\u00e9gion du Sahel. Entre ao\u00fbt et septembre 2023, plus de 500 civil\u00b7es y ont \u00e9t\u00e9 tu\u00e9\u00b7es \u00e0 la suite d&#8217;attaques de groupes arm\u00e9s non \u00e9tatiques, selon INSO.&nbsp;Les coups d\u2019\u00c9tat au Mali, Burkina Faso et au Niger sont en partie attribu\u00e9s \u00e0 la mauvaise gouvernance qui s\u00e9vit dans la r\u00e9gion. Dans ce contexte, le r\u00f4le des m\u00e9dias ind\u00e9pendants dans la pr\u00e9vention des crises multiformes est crucial. Cela implique de fournir une information fiable et inclusive, accessible au plus grand nombre.<\/strong><\/p>\n\n\n\n<p>La r\u00e9ponse exclusivement militaire de la communaut\u00e9 internationale visant \u00e0 r\u00e9tablir la paix dans le Sahel s\u2019est av\u00e9r\u00e9e inefficace, ne s\u2019attaquant pas aux causes profondes de l\u2019instabilit\u00e9 de la r\u00e9gion. Des domaines cl\u00e9s tels que la stabilit\u00e9 sociale, l&#8217;\u00e9ducation et la s\u00e9curit\u00e9 alimentaire ont \u00e9t\u00e9 les grands oubli\u00e9s de cette approche. Dans la r\u00e9gion, plus de 8000 \u00e9coles sont aujourd\u2019hui encore ferm\u00e9es, dont plus de 6100 \u00e9coles au Burkina Faso. A cela s\u2019ajoute l\u2019ins\u00e9curit\u00e9 alimentaire, l\u2019augmentation du co\u00fbt de la vie et les effets n\u00e9fastes du d\u00e9r\u00e8glement climatique qui p\u00e8sent sur les populations. Le r\u00f4le des m\u00e9dias ind\u00e9pendants est justement de couvrir au quotidien ces pr\u00e9occupations, faire entendre la voix des populations locales et tenter de faire dialoguer toutes les parties prenantes.<\/p>\n\n\n\n<p>Malheureusement, les m\u00e9dias aux Sahel font aujourd\u2019hui face \u00e0 des d\u00e9fis majeurs. L&#8217;\u00e9cosyst\u00e8me de l&#8217;information au Sahel est fragment\u00e9 et fragile. Il abrite certes un grand nombre de m\u00e9dias, mais le niveau de professionnalisme de ces derniers est faible, les rendant vuln\u00e9rables \u00e0 la r\u00e9cup\u00e9ration partisane. Les r\u00e9gimes militaires ont r\u00e9duit les libert\u00e9s d&#8217;expression et de la presse, notamment en r\u00e9voquant des autorisations de diffusion de m\u00e9dias \u00e9trangers tels que RFI et France 24, en suspendant des m\u00e9dias locaux et en arr\u00eatant des personnalit\u00e9s publiques suite \u00e0 leurs prises de position politique. De nombreux m\u00e9dias se sont autocensur\u00e9s \u00e0 l\u2019instar des acteur\u00b7rices politiques, de la soci\u00e9t\u00e9 civile, des expert\u00b7es et des citoyen\u00b7nes lambda. Cela met \u00e0 mal toute possibilit\u00e9 de gouvernance inclusive et citoyenne n\u00e9cessaire au d\u00e9veloppement de la r\u00e9gion.<\/p>\n\n\n\n<p><strong>Une&nbsp;information r\u00e9gionale, diversifi\u00e9e et fiable<\/strong><\/p>\n\n\n\n<p>Fausses informations, rumeurs, vid\u00e9os d\u00e9tourn\u00e9es, audios manipul\u00e9s, circulent sur les r\u00e9seaux sociaux et sont parfois relay\u00e9s par les m\u00e9dias. Des informations extr\u00eamement confuses \u00e9manent aussi bien du terrain que des plus hautes sph\u00e8res politiques et des citoyen\u00b7nes sans aucune consid\u00e9ration des r\u00e8gles de base du journalisme. La m\u00e9sinformation est toute aussi n\u00e9faste que la d\u00e9sinformation cibl\u00e9e. Il est difficile de quantifier la port\u00e9e des rumeurs et d\u2019en identifier les sources, une grande partie du contenu \u00e9tant transmise par des canaux comme WhatsApp.<\/p>\n\n\n\n<p>Pour faire face \u00e0 cette situation, les trois m\u00e9dias de la Fondation Hirondelle au Sahel, Studio Kalangou au Niger, Studio Tamani au Mali et Studio Yafa au Burkina Faso, proposent des rubriques \u00ab&nbsp;Fact-checking&nbsp;\u00bb ou v\u00e9rification des faits et d\u2019\u00e9ducation aux m\u00e9dias. L\u2019organisation propose \u00e9galement depuis ce printemps des coproductions afin de couvrir les d\u00e9fis communs entre les populations de la r\u00e9gion et de trouver des solutions en privil\u00e9giant les perspectives locales. Les premi\u00e8res productions diffus\u00e9es en 13 langues sur plus de 173 radios et 12 t\u00e9l\u00e9visions avec plus de 8 millions d\u2019auditeur\u00b7rices et t\u00e9l\u00e9spectateur\u00b7rices r\u00e9gulier\u00b7es ont port\u00e9 sur La migration et l\u2019ins\u00e9curit\u00e9.&nbsp;<\/p>\n","protected":false},"excerpt":{"rendered":"<p>Pendant la derni\u00e8re d\u00e9cennie, la violence s\u2019est intensifi\u00e9e dans la r\u00e9gion du Sahel. Entre ao\u00fbt et septembre 2023, plus de 500 civil\u00b7es y ont \u00e9t\u00e9 tu\u00e9\u00b7es \u00e0 la suite d&#8217;attaques de groupes arm\u00e9s non \u00e9tatiques, selon INSO.&nbsp;Les coups d\u2019\u00c9tat au Mali, Burkina Faso et au Niger sont en partie attribu\u00e9s \u00e0 la mauvaise gouvernance qui <a href=\"https:\/\/koff.swisspeace.ch\/apropos\/2876\/linformation-au-sahel-est-un-enjeu-de-paix\/\" class=\"more-link\">&#8230;<span class=\"screen-reader-text\">  &lt;strong&gt;L\u2019information au Sahel est un enjeu de paix&lt;\/strong&gt;<\/span><\/a><\/p>\n","protected":false},"author":3,"featured_media":3049,"comment_status":"open","ping_status":"open","sticky":false,"template":"","format":"standard","meta":{"advgb_blocks_editor_width":"","advgb_blocks_columns_visual_guide":""},"categories":[113],"tags":[],"issue":[242],"acf":[],"author_meta":{"display_name":"\u00e0 propos","author_link":"https:\/\/koff.swisspeace.ch\/apropos\/author\/apropos\/"},"featured_img":"https:\/\/koff.swisspeace.ch\/apropos\/wp-content\/uploads\/2023\/11\/FA183-600x331.png","coauthors":[],"tax_additional":{"categories":{"linked":["<a href=\"https:\/\/koff.swisspeace.ch\/apropos\/category\/reports-fr\/\" class=\"advgb-post-tax-term\">Dossier<\/a>"],"unlinked":["<span class=\"advgb-post-tax-term\">Dossier<\/span>"]}},"comment_count":0,"relative_dates":{"created":"Posted 3 years ago","modified":"Updated 3 years ago"},"absolute_dates":{"created":"Posted on November 20, 2023","modified":"Updated on November 20, 2023"},"absolute_dates_time":{"created":"Posted on November 20, 2023 2:08 pm","modified":"Updated on November 20, 2023 2:08 pm"},"featured_img_caption":"","series_order":null,"_links":{"self":[{"href":"https:\/\/koff.swisspeace.ch\/apropos\/wp-json\/wp\/v2\/posts\/2876"}],"collection":[{"href":"https:\/\/koff.swisspeace.ch\/apropos\/wp-json\/wp\/v2\/posts"}],"about":[{"href":"https:\/\/koff.swisspeace.ch\/apropos\/wp-json\/wp\/v2\/types\/post"}],"author":[{"embeddable":true,"href":"https:\/\/koff.swisspeace.ch\/apropos\/wp-json\/wp\/v2\/users\/3"}],"replies":[{"embeddable":true,"href":"https:\/\/koff.swisspeace.ch\/apropos\/wp-json\/wp\/v2\/comments?post=2876"}],"version-history":[{"count":12,"href":"https:\/\/koff.swisspeace.ch\/apropos\/wp-json\/wp\/v2\/posts\/2876\/revisions"}],"predecessor-version":[{"id":3051,"href":"https:\/\/koff.swisspeace.ch\/apropos\/wp-json\/wp\/v2\/posts\/2876\/revisions\/3051"}],"wp:featuredmedia":[{"embeddable":true,"href":"https:\/\/koff.swisspeace.ch\/apropos\/wp-json\/wp\/v2\/media\/3049"}],"wp:attachment":[{"href":"https:\/\/koff.swisspeace.ch\/apropos\/wp-json\/wp\/v2\/media?parent=2876"}],"wp:term":[{"taxonomy":"category","embeddable":true,"href":"https:\/\/koff.swisspeace.ch\/apropos\/wp-json\/wp\/v2\/categories?post=2876"},{"taxonomy":"post_tag","embeddable":true,"href":"https:\/\/koff.swisspeace.ch\/apropos\/wp-json\/wp\/v2\/tags?post=2876"},{"taxonomy":"issue","embeddable":true,"href":"https:\/\/koff.swisspeace.ch\/apropos\/wp-json\/wp\/v2\/issue?post=2876"}],"curies":[{"name":"wp","href":"https:\/\/api.w.org\/{rel}","templated":true}]}}