{"id":2888,"date":"2023-11-20T14:08:50","date_gmt":"2023-11-20T14:08:50","guid":{"rendered":"https:\/\/koff.swisspeace.ch\/apropos\/?p=2888"},"modified":"2024-03-21T16:56:39","modified_gmt":"2024-03-21T16:56:39","slug":"renouer-le-dialogue-au-nord-du-mali-une-urgence","status":"publish","type":"post","link":"https:\/\/koff.swisspeace.ch\/apropos\/2888\/renouer-le-dialogue-au-nord-du-mali-une-urgence\/","title":{"rendered":"Renouer le dialogue au Nord du Mali \u2013 Une urgence"},"content":{"rendered":"\n<p>Le d\u00e9part des troupes de la Mission multidimensionnelle int\u00e9gr\u00e9e des Nations Unies pour la stabilisation au Mali (MINUSMA), d\u00e9cid\u00e9 en juin dernier par le Conseil de s\u00e9curit\u00e9 de l\u2019ONU \u00e0 la demande des autorit\u00e9s maliennes, a d\u00e9clench\u00e9 de violents affrontements dans le nord du Mali. Enjeu crucial, le transfert des bases militaires onusiennes \u00e0 l\u2019arm\u00e9e malienne a suscit\u00e9 une forte opposition de la part de certains groupes arm\u00e9s signataires de l\u2019accord de paix de 2015, regroup\u00e9s au sein du Cadre strat\u00e9gique permanent (CSP). Les hostilit\u00e9s ont d\u00e9j\u00e0 fait des centaines de victimes et des milliers de d\u00e9plac\u00e9\u00b7es aupr\u00e8s d\u2019une population d\u00e9j\u00e0 affect\u00e9e par une d\u00e9cennie de violences jihadistes.<\/p>\n\n\n\n<p>Le retrait de la MINUSMA a exacerb\u00e9 les tensions pr\u00e9existantes entre les autorit\u00e9s issues des coups d\u2019\u00c9tat de 2020 et 2021 et le CSP. Le long conflit au nord du Mali a donn\u00e9 lieu \u00e0 quatre vagues de r\u00e9bellion depuis l\u2019ind\u00e9pendance du pays. N\u00e9goci\u00e9 sous l\u2019\u00e9gide de l\u2019Alg\u00e9rie, l\u2019accord de paix de 2015 liant gouvernement, mouvements s\u00e9paratistes et milices pro-gouvernementales avait mis fin aux combats entre Bamako et les groupes arm\u00e9s.<\/p>\n\n\n\n<p>Pour les autorit\u00e9s maliennes de transition, soutenues par le groupe Wagner, reprendre le contr\u00f4le des bases du nord s\u2019inscrit dans une politique visant \u00e0 r\u00e9affirmer leur souverainet\u00e9 sur l\u2019ensemble du territoire. Les groupes arm\u00e9s du CSP, quant \u00e0 eux, y per\u00e7oivent une violation de l\u2019accord de 2015 et des arrangements s\u00e9curitaires pass\u00e9s en 2014, et redoutent que le d\u00e9ploiement de l\u2019arm\u00e9e ne mette en p\u00e9ril les b\u00e9n\u00e9fices \u00e9conomiques et politiques qu\u2019ils tirent en administrant les zones sous leur contr\u00f4le.<\/p>\n\n\n\n<p>Cependant, la reprise des hostilit\u00e9s comporte bien plus de risques que d\u2019opportunit\u00e9s pour les bellig\u00e9rant\u00b7es. L\u2019annonce de d\u00e9faites tactiques ou d\u2019un probable enlisement nuirait \u00e0 la cr\u00e9dibilit\u00e9 du gouvernement transitionnel vis-\u00e0-vis de l\u2019opinion publique bamakoise, tandis que le simple contr\u00f4le des bases ne garantirait pas le r\u00e9tablissement de l\u2019autorit\u00e9 de l\u2019\u00c9tat dans le nord. La poursuite des combats mettrait en \u00e9vidence les divisions au sein des communaut\u00e9s touareg et arabes dont sont issus les membres du CSP et fragiliserait les avanc\u00e9es en mati\u00e8re de gouvernance locale autonome, une revendication centrale des groupes arm\u00e9s. Les violences aggraveraient une situation humanitaire d\u00e9j\u00e0 d\u00e9sastreuse, attiseraient la m\u00e9fiance entre communaut\u00e9s, et renforceraient davantage les insurrections jihadistes.<\/p>\n\n\n\n<p>Dans ce contexte, il est imp\u00e9ratif d\u2019initier des pourparlers visant un cessez-le-feu entre Bamako et le CSP. Les acteurs nationaux, r\u00e9gionaux et internationaux qui restent l\u00e9gitimes aux yeux des parties maliennes devraient s\u2019employer \u00e0 soutenir un dialogue sans tarder. Certes, l\u2019impasse actuelle du processus de paix et les enjeux g\u00e9opolitiques que suscite le partenariat entre le Mali et la Russie compliquent la donne. Mais sans action, chaque nouvel \u00e9pisode de violence \u00e9loigne la perspective d\u2019un arr\u00eat rapide des combats, et \u00e0 terme, d\u2019une reprise des discussions visant une solution politique. Une issue militaire claire \u00e0 la confrontation actuelle est ni r\u00e9aliste, ni souhaitable. L\u2019histoire r\u00e9cente du pays d\u00e9montre que seul un processus de n\u00e9gociation ad\u00e9quatement soutenu peut faire taire les armes.<\/p>\n","protected":false},"excerpt":{"rendered":"<p>Le d\u00e9part des troupes de la Mission multidimensionnelle int\u00e9gr\u00e9e des Nations Unies pour la stabilisation au Mali (MINUSMA), d\u00e9cid\u00e9 en juin dernier par le Conseil de s\u00e9curit\u00e9 de l\u2019ONU \u00e0 la demande des autorit\u00e9s maliennes, a d\u00e9clench\u00e9 de violents affrontements dans le nord du Mali. Enjeu crucial, le transfert des bases militaires onusiennes \u00e0 l\u2019arm\u00e9e <a href=\"https:\/\/koff.swisspeace.ch\/apropos\/2888\/renouer-le-dialogue-au-nord-du-mali-une-urgence\/\" class=\"more-link\">&#8230;<span class=\"screen-reader-text\">  Renouer le dialogue au Nord du Mali \u2013 Une urgence<\/span><\/a><\/p>\n","protected":false},"author":3,"featured_media":2857,"comment_status":"open","ping_status":"open","sticky":false,"template":"","format":"standard","meta":{"advgb_blocks_editor_width":"","advgb_blocks_columns_visual_guide":""},"categories":[113],"tags":[],"issue":[242],"acf":[],"author_meta":{"display_name":"\u00e0 propos","author_link":"https:\/\/koff.swisspeace.ch\/apropos\/author\/apropos\/"},"featured_img":"https:\/\/koff.swisspeace.ch\/apropos\/wp-content\/uploads\/2023\/11\/GIN_wb183-600x331.png","coauthors":[],"tax_additional":{"categories":{"linked":["<a href=\"https:\/\/koff.swisspeace.ch\/apropos\/category\/reports-fr\/\" class=\"advgb-post-tax-term\">Dossier<\/a>"],"unlinked":["<span class=\"advgb-post-tax-term\">Dossier<\/span>"]}},"comment_count":0,"relative_dates":{"created":"Posted 3 years ago","modified":"Updated 2 years ago"},"absolute_dates":{"created":"Posted on November 20, 2023","modified":"Updated on March 21, 2024"},"absolute_dates_time":{"created":"Posted on November 20, 2023 2:08 pm","modified":"Updated on March 21, 2024 4:56 pm"},"featured_img_caption":"","series_order":null,"_links":{"self":[{"href":"https:\/\/koff.swisspeace.ch\/apropos\/wp-json\/wp\/v2\/posts\/2888"}],"collection":[{"href":"https:\/\/koff.swisspeace.ch\/apropos\/wp-json\/wp\/v2\/posts"}],"about":[{"href":"https:\/\/koff.swisspeace.ch\/apropos\/wp-json\/wp\/v2\/types\/post"}],"author":[{"embeddable":true,"href":"https:\/\/koff.swisspeace.ch\/apropos\/wp-json\/wp\/v2\/users\/3"}],"replies":[{"embeddable":true,"href":"https:\/\/koff.swisspeace.ch\/apropos\/wp-json\/wp\/v2\/comments?post=2888"}],"version-history":[{"count":8,"href":"https:\/\/koff.swisspeace.ch\/apropos\/wp-json\/wp\/v2\/posts\/2888\/revisions"}],"predecessor-version":[{"id":3413,"href":"https:\/\/koff.swisspeace.ch\/apropos\/wp-json\/wp\/v2\/posts\/2888\/revisions\/3413"}],"wp:featuredmedia":[{"embeddable":true,"href":"https:\/\/koff.swisspeace.ch\/apropos\/wp-json\/wp\/v2\/media\/2857"}],"wp:attachment":[{"href":"https:\/\/koff.swisspeace.ch\/apropos\/wp-json\/wp\/v2\/media?parent=2888"}],"wp:term":[{"taxonomy":"category","embeddable":true,"href":"https:\/\/koff.swisspeace.ch\/apropos\/wp-json\/wp\/v2\/categories?post=2888"},{"taxonomy":"post_tag","embeddable":true,"href":"https:\/\/koff.swisspeace.ch\/apropos\/wp-json\/wp\/v2\/tags?post=2888"},{"taxonomy":"issue","embeddable":true,"href":"https:\/\/koff.swisspeace.ch\/apropos\/wp-json\/wp\/v2\/issue?post=2888"}],"curies":[{"name":"wp","href":"https:\/\/api.w.org\/{rel}","templated":true}]}}