{"id":2890,"date":"2023-11-20T14:08:50","date_gmt":"2023-11-20T14:08:50","guid":{"rendered":"https:\/\/koff.swisspeace.ch\/apropos\/?p=2890"},"modified":"2023-12-27T10:17:41","modified_gmt":"2023-12-27T10:17:41","slug":"violence-et-insecurite-impact-sur-les-femmes-et-les-filles-du-tillaberi","status":"publish","type":"post","link":"https:\/\/koff.swisspeace.ch\/apropos\/2890\/violence-et-insecurite-impact-sur-les-femmes-et-les-filles-du-tillaberi\/","title":{"rendered":"Violence et ins\u00e9curit\u00e9 \u2013 Impact sur les femmes et les filles du Tillab\u00e9ri"},"content":{"rendered":"\n<p><\/p>\n\n\n\n<p>Comme d&#8217;autres zones du Liptako-Gourma, la r\u00e9gion de Tillab\u00e9ri, \u00e0 l&#8217;ouest du Niger, est confront\u00e9e \u00e0 une crise s\u00e9curitaire s\u00e9v\u00e8re, ayant enregistr\u00e9 plus de 2 500 d\u00e9c\u00e8s document\u00e9s entre 2017 et mi-2022, repr\u00e9sentant ainsi 52,8 % du nombre total d&#8217;incidents violents au Niger pendant cette p\u00e9riode. Cette crise affecte la population civile locale de mani\u00e8re similaire ou distincte, touchant les femmes, les filles, les hommes et les gar\u00e7ons. Des <a href=\"https:\/\/issafrica.org\/research\/west-africa-report\/niger-womens-views-on-insecurity-in-the-tillaberi-region\" target=\"_blank\" rel=\"noreferrer noopener\">travaux de recherchent<\/a> r\u00e9v\u00e8lent certains impacts li\u00e9s au genre, en particulier une augmentation de la violence bas\u00e9e sur le genre, y compris le mariage d\u2019enfants. Le Niger d\u00e9tient d\u00e9j\u00e0 la pr\u00e9valence la plus \u00e9lev\u00e9e au monde en la mati\u00e8re, avec 76 % des filles mari\u00e9es avant 18 ans et 28 % avant 15 ans, g\u00e9n\u00e9ralement \u00e0 des hommes beaucoup plus \u00e2g\u00e9s. Dans les zones expos\u00e9es au conflit, ces taux sont encore plus \u00e9lev\u00e9s, souvent dus \u00e0 une pression \u00e9conomique, poussant les familles appauvries \u00e0 marier leurs filles dans le but de r\u00e9duire le nombre de personnes \u00e0 charge et d&#8217;\u00e9tablir des liens d\u2019entraide avec les familles du mari\u00e9.<\/p>\n\n\n\n<p>Le mariage d\u2019enfants, souvent associ\u00e9 au mariage forc\u00e9, porte atteinte aux droits et \u00e0 la s\u00e9curit\u00e9 humaine des jeunes filles et les expose \u00e0 la violence sexuelle, \u00e0 des dommages physiques graves et \u00e0 un risque accru de mortalit\u00e9 maternelle. La maternit\u00e9 pr\u00e9coce, avant que la physiologie des filles ne soit pr\u00eate \u00e0 enfanter, accro\u00eet ces risques sanitaires et vitaux. Le mariage des enfants compromet \u00e9galement l&#8217;avenir des filles, impliquant souvent leur d\u00e9scolarisation, les soumettant \u00e0 une d\u00e9pendance \u00e9conomique \u00e0 vie et les int\u00e9grant dans des dynamiques de couple marqu\u00e9es par des d\u00e9s\u00e9quilibres de pouvoir propices \u00e0 la normalisation de la violence domestique. R\u00e9ciproquement, la fermeture de pr\u00e8s d&#8217;un millier d&#8217;\u00e9coles (987 selon les <a href=\"https:\/\/www.unicef.org\/media\/146866\/file\/Niger-Humanitarian-Flash-Update-No.05,-20-October-2023.pdf\" target=\"_blank\" rel=\"noreferrer noopener\">chiffres de l&#8217;UNICEF<\/a>) en raison de l&#8217;ins\u00e9curit\u00e9 de la r\u00e9gion, aggrave l&#8217;exposition des filles au mariage des enfants et la vuln\u00e9rabilit\u00e9 des gar\u00e7ons au recrutement par des groupes arm\u00e9s.<\/p>\n\n\n\n<p>La violence et l&#8217;ins\u00e9curit\u00e9 augmentent le risque de violence sexuelle li\u00e9e au conflit, souvent sous-d\u00e9clar\u00e9e en raison de la stigmatisation sociale. Cette forme de violence est g\u00e9n\u00e9ralement associ\u00e9e \u00e0 des groupes arm\u00e9s non \u00e9tatiques mais peut \u00e9galement impliquer les forces de s\u00e9curit\u00e9, soulignant la n\u00e9cessit\u00e9 de leur imputabilit\u00e9 syst\u00e9matique. La situation post-coup d&#8217;\u00c9tat du 26 juillet 2023 rend une telle imputabilit\u00e9 moins probable, car l&#8217;espace civique s&#8217;est r\u00e9duit, laissant moins d&#8217;options s\u00e9curitaires pour les plaintes ou critiques publiques.<\/p>\n\n\n\n<p>La vuln\u00e9rabilit\u00e9 des femmes au vu de leur d\u00e9pendance financi\u00e8re \u00e0 l&#8217;\u00e9gard de leurs maris augmente lorsque ces derniers sont pris pour cible lors d&#8217;attaques. La situation des veuves et des enfants orphelins d&#8217;hommes victimes du conflit, qui font souvent face \u00e0 une d\u00e9tresse \u00e9conomique et \u00e0 l&#8217;isolement, est r\u00e9guli\u00e8rement n\u00e9glig\u00e9e par l\u2019Etat. En raison de la crise, les structures sociales qui soutiennent g\u00e9n\u00e9ralement les veuves et les orphelins de p\u00e8res, telles que les familles \u00e9largies, sont moins accessibles et efficaces. Le d\u00e9placement forc\u00e9 d\u00e9sarticule les familles \u00e9largies et distend les liens communautaires, coupant souvent les veuves et les orphelins des r\u00e9seaux de soutien traditionnels. Des politiques publiques devraient \u00eatre mises en \u0153uvre pour pr\u00e9venir la descente ult\u00e9rieure de ces femmes et enfants dans l&#8217;extr\u00eame pauvret\u00e9 ou dans les griffes de groupes arm\u00e9s.<\/p>\n\n\n\n<p>Une approche ax\u00e9e sur la s\u00e9curit\u00e9 humaine, prenant en compte l&#8217;impact de la violence bas\u00e9e sur le genre, est n\u00e9cessaire pour aborder de mani\u00e8re globale la crise s\u00e9curitaire dans la r\u00e9gion de Tillab\u00e9ri. Consulter directement la communaut\u00e9 peut aider \u00e0 identifier les pr\u00e9occupations locales, \u00e0 maintenir un dialogue constructif et \u00e0 \u00e9laborer des r\u00e9ponses pertinentes. Des donn\u00e9es d\u00e9taill\u00e9es et sp\u00e9cifiques au genre sont essentielles pour fa\u00e7onner des politiques publiques et des efforts humanitaires efficaces, b\u00e9n\u00e9ficiant \u00e0 toutes les personnes touch\u00e9es par le conflit, quel que soit leur genre.<\/p>\n","protected":false},"excerpt":{"rendered":"<p>Comme d&#8217;autres zones du Liptako-Gourma, la r\u00e9gion de Tillab\u00e9ri, \u00e0 l&#8217;ouest du Niger, est confront\u00e9e \u00e0 une crise s\u00e9curitaire s\u00e9v\u00e8re, ayant enregistr\u00e9 plus de 2 500 d\u00e9c\u00e8s document\u00e9s entre 2017 et mi-2022, repr\u00e9sentant ainsi 52,8 % du nombre total d&#8217;incidents violents au Niger pendant cette p\u00e9riode. Cette crise affecte la population civile locale de mani\u00e8re <a href=\"https:\/\/koff.swisspeace.ch\/apropos\/2890\/violence-et-insecurite-impact-sur-les-femmes-et-les-filles-du-tillaberi\/\" class=\"more-link\">&#8230;<span class=\"screen-reader-text\">  Violence et ins\u00e9curit\u00e9 \u2013 Impact sur les femmes et les filles du Tillab\u00e9ri<\/span><\/a><\/p>\n","protected":false},"author":3,"featured_media":2849,"comment_status":"open","ping_status":"open","sticky":false,"template":"","format":"standard","meta":{"advgb_blocks_editor_width":"","advgb_blocks_columns_visual_guide":""},"categories":[113],"tags":[],"issue":[242],"acf":[],"author_meta":{"display_name":"\u00e0 propos","author_link":"https:\/\/koff.swisspeace.ch\/apropos\/author\/apropos\/"},"featured_img":"https:\/\/koff.swisspeace.ch\/apropos\/wp-content\/uploads\/2023\/11\/GIN-600x332.png","coauthors":[],"tax_additional":{"categories":{"linked":["<a href=\"https:\/\/koff.swisspeace.ch\/apropos\/category\/reports-fr\/\" class=\"advgb-post-tax-term\">Dossier<\/a>"],"unlinked":["<span class=\"advgb-post-tax-term\">Dossier<\/span>"]}},"comment_count":0,"relative_dates":{"created":"Posted 3 years ago","modified":"Updated 3 years ago"},"absolute_dates":{"created":"Posted on November 20, 2023","modified":"Updated on December 27, 2023"},"absolute_dates_time":{"created":"Posted on November 20, 2023 2:08 pm","modified":"Updated on December 27, 2023 10:17 am"},"featured_img_caption":"","series_order":null,"_links":{"self":[{"href":"https:\/\/koff.swisspeace.ch\/apropos\/wp-json\/wp\/v2\/posts\/2890"}],"collection":[{"href":"https:\/\/koff.swisspeace.ch\/apropos\/wp-json\/wp\/v2\/posts"}],"about":[{"href":"https:\/\/koff.swisspeace.ch\/apropos\/wp-json\/wp\/v2\/types\/post"}],"author":[{"embeddable":true,"href":"https:\/\/koff.swisspeace.ch\/apropos\/wp-json\/wp\/v2\/users\/3"}],"replies":[{"embeddable":true,"href":"https:\/\/koff.swisspeace.ch\/apropos\/wp-json\/wp\/v2\/comments?post=2890"}],"version-history":[{"count":11,"href":"https:\/\/koff.swisspeace.ch\/apropos\/wp-json\/wp\/v2\/posts\/2890\/revisions"}],"predecessor-version":[{"id":3158,"href":"https:\/\/koff.swisspeace.ch\/apropos\/wp-json\/wp\/v2\/posts\/2890\/revisions\/3158"}],"wp:featuredmedia":[{"embeddable":true,"href":"https:\/\/koff.swisspeace.ch\/apropos\/wp-json\/wp\/v2\/media\/2849"}],"wp:attachment":[{"href":"https:\/\/koff.swisspeace.ch\/apropos\/wp-json\/wp\/v2\/media?parent=2890"}],"wp:term":[{"taxonomy":"category","embeddable":true,"href":"https:\/\/koff.swisspeace.ch\/apropos\/wp-json\/wp\/v2\/categories?post=2890"},{"taxonomy":"post_tag","embeddable":true,"href":"https:\/\/koff.swisspeace.ch\/apropos\/wp-json\/wp\/v2\/tags?post=2890"},{"taxonomy":"issue","embeddable":true,"href":"https:\/\/koff.swisspeace.ch\/apropos\/wp-json\/wp\/v2\/issue?post=2890"}],"curies":[{"name":"wp","href":"https:\/\/api.w.org\/{rel}","templated":true}]}}