{"id":2899,"date":"2023-11-20T14:08:23","date_gmt":"2023-11-20T14:08:23","guid":{"rendered":"https:\/\/koff.swisspeace.ch\/apropos\/?p=2899"},"modified":"2023-12-13T09:12:50","modified_gmt":"2023-12-13T09:12:50","slug":"burkina-faso-solidarische-aktion-im-triple-nexus-zur-bewaeltigung-der-instabilitaet","status":"publish","type":"post","link":"https:\/\/koff.swisspeace.ch\/apropos\/2899\/burkina-faso-solidarische-aktion-im-triple-nexus-zur-bewaeltigung-der-instabilitaet\/","title":{"rendered":"Burkina Faso \u2013 Solidarische Aktion im Triple-Nexus zur Bew\u00e4ltigung der Instabilit\u00e4t \u00a0"},"content":{"rendered":"\n<p>Unsere Partnerorganisationen in Burkina Faso sind vermehrt mit terroristischer Gewalt konfrontiert. Diese manifestiert sich in Form von nicht-identifizierten bewaffneten M\u00e4nnern, die sich in den meisten Projektregionen bewegen, unregelm\u00e4\u00dfigen Kontrollen auf den Landstrecken, bewaffneten \u00dcberf\u00e4llen mit Todesopfern und Entf\u00fchrungen. Die Folgen sind vielf\u00e4ltig, darunter die Vertreibung der Projektbeg\u00fcnstigen, die Unm\u00f6glichkeit gewisse Projektregionen zu besuchen, und die Betreuung der Projektbeg\u00fcnstigten zu gew\u00e4hrleisten. Das Monitoring der Aktivit\u00e4ten ist schwierig geworden und muss teilweise, sofern m\u00f6glich, telefonisch durchgef\u00fchrt werden. Konkrete Beispiele verdeutlichen dieses Ph\u00e4nomen: Eine unserer Partnerorganisationen musste mit Hilfe eines humanit\u00e4ren Fluges einen Workshop in der Hauptstadt Ouagadougou erreichen, da die Reise auf dem Landweg zu viele Risiken mit sich brachte. Ein Koordinator einer anderen Organisation im \u00ab Centre-Nord \u00bb wurde k\u00fcrzlich bei einer Busfahrt Opfer eines bewaffneten terroristischen \u00dcberfalls.<\/p>\n\n\n\n<p>Als Organisation der Entwicklungszusammenarbeit erkennen wir zunehmend die Notwendigkeit der Umsetzung von humanit\u00e4ren Massnahmen um die unserer Ziele zu erreichen und stellen uns verst\u00e4rkt die Frage, inwieweit und auf welche Weise unsere Arbeit mit diesen, erg\u00e4nzt werden kann (Triple-Nexus). Besonders in unseren Projekten, die die intern Vertriebenen (IDPs) unterst\u00fctzen, besteht in dieser Hinsicht grosses Potenzial. Mehrere unserer Projektpartner f\u00fchren gleichzeitig kleine humanit\u00e4re Projekte zur Unterst\u00fctzung der Binnenvertriebenen durch. Dabei geht es haupts\u00e4chlich darum, einen Beitrag zur Verbesserung der Ern\u00e4hrungssicherheit und St\u00e4rkung der Lebensgrundlagen zu leisten, um die Resilienz der Betroffenen zu st\u00e4rken. Dazu werden die Haushalte durch einkommensschaffende Ma\u00dfnahmen, Aufkl\u00e4rungsarbeit und die Ausstattung der Haushalte mit verschiedenen Materialkits unterst\u00fctzt; z.B. zur Herstellung von Seifen f\u00fcr den Verkauf. &nbsp;&nbsp;<\/p>\n\n\n\n<p>Ein weiterer Mechanismus zur St\u00e4rkung der Resilienz liegt in der F\u00f6rderung der sozialen Koh\u00e4sion. Dies geschieht unter anderem durch Spargruppen oder Gemeinschaftsfelder, sowie durch Massnahmen zur Konfliktsensitivit\u00e4t wie dem \u00abDo No Harm Approach\u00bb. Auf der individuellen Ebene findet in einem Projekt ein Pilotversuch einer Schulung zu psychosozialer Unterst\u00fctzung f\u00fcr alle Projektmitarbeiter:innen statt und Fastenaktion hat durch das Rote Kreuz Burkina Faso einen Erste-Hilfe-Kurs f\u00fcr die Koordinator:innen und Projektverantwortlichen durchgef\u00fchrt. Denn die Belastung, die aus der Projektarbeit resultiert, ist nicht zu untersch\u00e4tzen.<\/p>\n\n\n\n<p>In Bezug auf die Friedensf\u00f6rderung arbeiten wir eng mit den Partnerorganisationen zusammen, um die Partizipation der Gemeinschaften zu f\u00f6rdern. Potenziell konflikttr\u00e4chtige Situationen werden analysiert, um eventuelle negative Folgen der Projektaktivit\u00e4ten zu antizipieren. Dies ist besonders im Hinblick auf den Einbezug der IDPs in die Projekte wichtig. Denn Gastgemeinden k\u00f6nnen sich vernachl\u00e4ssigt f\u00fchlen, wenn humanit\u00e4re Organisationen ihre Hilfe nur an die Vertriebenen richten. Wenn auch nicht beabsichtigt, kann dies zu Konflikten f\u00fchren. Dem Versuchen wir in den langfristigen Entwicklungsprojekten und in den wenigen kleinen humanit\u00e4ren Projekten entgegenzuwirken, in dem wir beide Gruppen, die Gastgemeinden und IDPs gleichzeitig unterst\u00fctzen und zur Zusammenarbeit ermutigen.<\/p>\n\n\n\n<p>Angesichts der aktuellen Situation stehen wir vor grossen Herausforderungen und sehen die Notwendigkeit, humanit\u00e4re Massnahmen, Friedensf\u00f6rderung und Entwicklungszusammenarbeit im Rahmen des Triple-Nexus Ansatzes zu verbinden. Dementsprechend werden wir weiterhin Flexibilit\u00e4t und Innovationsf\u00e4higkeit in der Konzeption und Umsetzung der Projekte beweisen m\u00fcssen. Denn es ist schwer abzusch\u00e4tzen, wie sich die Sicherheitssituation in der Region in Zukunft entwickeln wir.&nbsp;<\/p>\n","protected":false},"excerpt":{"rendered":"<p>Unsere Partnerorganisationen in Burkina Faso sind vermehrt mit terroristischer Gewalt konfrontiert. Diese manifestiert sich in Form von nicht-identifizierten bewaffneten M\u00e4nnern, die sich in den meisten Projektregionen bewegen, unregelm\u00e4\u00dfigen Kontrollen auf den Landstrecken, bewaffneten \u00dcberf\u00e4llen mit Todesopfern und Entf\u00fchrungen. Die Folgen sind vielf\u00e4ltig, darunter die Vertreibung der Projektbeg\u00fcnstigen, die Unm\u00f6glichkeit gewisse Projektregionen zu besuchen, und die <a href=\"https:\/\/koff.swisspeace.ch\/apropos\/2899\/burkina-faso-solidarische-aktion-im-triple-nexus-zur-bewaeltigung-der-instabilitaet\/\" class=\"more-link\">&#8230;<span class=\"screen-reader-text\">  Burkina Faso \u2013 Solidarische Aktion im Triple-Nexus zur Bew\u00e4ltigung der Instabilit\u00e4t \u00a0<\/span><\/a><\/p>\n","protected":false},"author":3,"featured_media":2896,"comment_status":"open","ping_status":"open","sticky":false,"template":"","format":"standard","meta":{"advgb_blocks_editor_width":"","advgb_blocks_columns_visual_guide":""},"categories":[73],"tags":[],"issue":[240],"acf":[],"author_meta":{"display_name":"\u00e0 propos","author_link":"https:\/\/koff.swisspeace.ch\/apropos\/author\/apropos\/"},"featured_img":"https:\/\/koff.swisspeace.ch\/apropos\/wp-content\/uploads\/2023\/11\/WB183_Site-des-PDI-Gorom-Gorom--600x331.jpg","coauthors":[],"tax_additional":{"categories":{"linked":["<a href=\"https:\/\/koff.swisspeace.ch\/apropos\/category\/reports-de\/\" class=\"advgb-post-tax-term\">Dossier<\/a>"],"unlinked":["<span class=\"advgb-post-tax-term\">Dossier<\/span>"]}},"comment_count":0,"relative_dates":{"created":"Posted 3 years ago","modified":"Updated 3 years ago"},"absolute_dates":{"created":"Posted on November 20, 2023","modified":"Updated on December 13, 2023"},"absolute_dates_time":{"created":"Posted on November 20, 2023 2:08 pm","modified":"Updated on December 13, 2023 9:12 am"},"featured_img_caption":"","series_order":null,"_links":{"self":[{"href":"https:\/\/koff.swisspeace.ch\/apropos\/wp-json\/wp\/v2\/posts\/2899"}],"collection":[{"href":"https:\/\/koff.swisspeace.ch\/apropos\/wp-json\/wp\/v2\/posts"}],"about":[{"href":"https:\/\/koff.swisspeace.ch\/apropos\/wp-json\/wp\/v2\/types\/post"}],"author":[{"embeddable":true,"href":"https:\/\/koff.swisspeace.ch\/apropos\/wp-json\/wp\/v2\/users\/3"}],"replies":[{"embeddable":true,"href":"https:\/\/koff.swisspeace.ch\/apropos\/wp-json\/wp\/v2\/comments?post=2899"}],"version-history":[{"count":5,"href":"https:\/\/koff.swisspeace.ch\/apropos\/wp-json\/wp\/v2\/posts\/2899\/revisions"}],"predecessor-version":[{"id":3133,"href":"https:\/\/koff.swisspeace.ch\/apropos\/wp-json\/wp\/v2\/posts\/2899\/revisions\/3133"}],"wp:featuredmedia":[{"embeddable":true,"href":"https:\/\/koff.swisspeace.ch\/apropos\/wp-json\/wp\/v2\/media\/2896"}],"wp:attachment":[{"href":"https:\/\/koff.swisspeace.ch\/apropos\/wp-json\/wp\/v2\/media?parent=2899"}],"wp:term":[{"taxonomy":"category","embeddable":true,"href":"https:\/\/koff.swisspeace.ch\/apropos\/wp-json\/wp\/v2\/categories?post=2899"},{"taxonomy":"post_tag","embeddable":true,"href":"https:\/\/koff.swisspeace.ch\/apropos\/wp-json\/wp\/v2\/tags?post=2899"},{"taxonomy":"issue","embeddable":true,"href":"https:\/\/koff.swisspeace.ch\/apropos\/wp-json\/wp\/v2\/issue?post=2899"}],"curies":[{"name":"wp","href":"https:\/\/api.w.org\/{rel}","templated":true}]}}