{"id":2904,"date":"2023-11-20T14:08:50","date_gmt":"2023-11-20T14:08:50","guid":{"rendered":"https:\/\/koff.swisspeace.ch\/apropos\/?p=2904"},"modified":"2023-11-20T14:08:50","modified_gmt":"2023-11-20T14:08:50","slug":"burkina-faso-action-solidaire-en-triple-nexus-contre-linstabilite","status":"publish","type":"post","link":"https:\/\/koff.swisspeace.ch\/apropos\/2904\/burkina-faso-action-solidaire-en-triple-nexus-contre-linstabilite\/","title":{"rendered":"Burkina Faso &#8211; Action solidaire en Triple Nexus contre l&#8217;instabilit\u00e9"},"content":{"rendered":"\n<p>Au Burkina Faso, nos partenaires font face \u00e0 une mont\u00e9e croissante de la violence terroriste, une r\u00e9alit\u00e9 que nous, Action de Car\u00eame, observons de pr\u00e8s. Celle-ci se manifeste par la pr\u00e9sence d&#8217;hommes arm\u00e9s non identifi\u00e9s dans la plupart des r\u00e9gions du projet, des contr\u00f4les irr\u00e9guliers sur les routes, des attaques arm\u00e9es entra\u00eenant des victimes et des enl\u00e8vements. Les cons\u00e9quences sont nombreuses, notamment le d\u00e9placement des b\u00e9n\u00e9ficiaires du projet, l&#8217;impossibilit\u00e9 de visiter certaines r\u00e9gions et d&#8217;assurer le suivi des b\u00e9n\u00e9ficiaires. Le suivi des activit\u00e9s est devenu compliqu\u00e9 et doit parfois \u00eatre r\u00e9alis\u00e9 par t\u00e9l\u00e9phone, dans la mesure du possible. Des exemples concrets illustrent cette situation, tels qu&#8217;une organisation partenaire ayant d\u00fb recourir \u00e0 un vol humanitaire pour se rendre \u00e0 un atelier \u00e0 Ouagadougou, en raison des risques qu\u2019un voyage Terrestre aurait impliqu\u00e9. De m\u00eame, un coordinateur d&#8217;une autre organisation dans la r\u00e9gion du \u00ab Centre-Nord \u00bb a r\u00e9cemment \u00e9t\u00e9 victime d&#8217;une attaque terroriste arm\u00e9e lors d&#8217;un voyage en bus.<\/p>\n\n\n\n<p>Chez Action de car\u00eame, organisation de coop\u00e9ration au d\u00e9veloppement, nous attestons de plus en plus de la n\u00e9cessit\u00e9 de mettre en \u0153uvre des mesures humanitaires pour atteindre nos objectifs et nous cherchons comment les int\u00e9grer \u00e0 notre travail (triple nexus). Il existe un grand potentiel \u00e0 cet \u00e9gard, en particulier en ce qui concerne nos projets de soutien aux personnes d\u00e9plac\u00e9es internes (IDP). Plusieurs de nos partenaires m\u00e8nent des projets humanitaires qui leur sont destin\u00e9s. Il s&#8217;agit principalement de contribuer \u00e0 am\u00e9liorer leur s\u00e9curit\u00e9 alimentaire et de renforcer leurs moyens de subsistance afin d&#8217;accro\u00eetre leur r\u00e9silience. Pour ce faire, les m\u00e9nages sont soutenus par des activit\u00e9s g\u00e9n\u00e9ratrices de revenus, des activit\u00e9s d&#8217;\u00e9ducation et la fourniture de diff\u00e9rents kits de mat\u00e9riel ; par exemple, pour la fabrication de savons destin\u00e9s \u00e0 la vente.&nbsp;&nbsp;<\/p>\n\n\n\n<p>Un autre m\u00e9canisme de renforcement de la r\u00e9silience consiste \u00e0 promouvoir la coh\u00e9sion sociale. Cela se fait notamment par le biais de groupes d&#8217;\u00e9pargne ou de champs communautaires, ainsi que par des mesures de sensibilit\u00e9 aux conflits comme l&#8217;approche \u00ab&nbsp;Do No Harm&nbsp;\u00bb. Au niveau individuel, un projet pilote de formation au soutien psychosocial pour tous les personnes collaboratrices au projet est en cours et nous avons organis\u00e9 un cours de premiers secours pour les coordinat\u00b7eur \u00b7rices et les responsables de projet par le biais de la Croix-Rouge burkinab\u00e9.<\/p>\n\n\n\n<p>En ce qui concerne la promotion de la paix, nous travaillons \u00e9troitement avec nos organisations partenaires afin d&#8217;encourager la participation des communaut\u00e9s. Les situations potentiellement conflictuelles sont analys\u00e9es afin d&#8217;anticiper les \u00e9ventuelles cons\u00e9quences n\u00e9gatives li\u00e9es aux activit\u00e9s du projet. Ceci est particuli\u00e8rement important en ce qui concerne l&#8217;implication des d\u00e9plac\u00e9\u00b7es internes dans les projets. En effet, les communaut\u00e9s h\u00f4tes peuvent se sentir n\u00e9glig\u00e9es si les organisations humanitaires ne dirigent leur aide que vers les personnes d\u00e9plac\u00e9es. M\u00eame si ce n&#8217;est pas intentionnel, cela peut conduire \u00e0 des conflits. Nous essayons d&#8217;y rem\u00e9dier dans les projets de d\u00e9veloppement \u00e0 long terme et quelques petits projets humanitaires en soutenant simultan\u00e9ment les deux groupes, les communaut\u00e9s d&#8217;accueil et les IDP, et en les encourageant \u00e0 collaborer.<\/p>\n\n\n\n<p>La situation actuelle nous expose \u00e0 des d\u00e9fis consid\u00e9rables et nous attestons de la n\u00e9cessit\u00e9 de combiner des mesures humanitaires, de promotion de la paix et de coop\u00e9ration au d\u00e9veloppement dans le cadre de l&#8217;approche triple-nexus. En cons\u00e9quence, nous devrons continuer \u00e0 faire preuve de flexibilit\u00e9 et d&#8217;innovation dans la conception et la mise en \u0153uvre des projets &#8211; l&#8217;\u00e9volution s\u00e9curitaire de la r\u00e9gion \u00e9tant difficile \u00e0 estimer.<\/p>\n","protected":false},"excerpt":{"rendered":"<p>Au Burkina Faso, nos partenaires font face \u00e0 une mont\u00e9e croissante de la violence terroriste, une r\u00e9alit\u00e9 que nous, Action de Car\u00eame, observons de pr\u00e8s. Celle-ci se manifeste par la pr\u00e9sence d&#8217;hommes arm\u00e9s non identifi\u00e9s dans la plupart des r\u00e9gions du projet, des contr\u00f4les irr\u00e9guliers sur les routes, des attaques arm\u00e9es entra\u00eenant des victimes et <a href=\"https:\/\/koff.swisspeace.ch\/apropos\/2904\/burkina-faso-action-solidaire-en-triple-nexus-contre-linstabilite\/\" class=\"more-link\">&#8230;<span class=\"screen-reader-text\">  Burkina Faso &#8211; Action solidaire en Triple Nexus contre l&#8217;instabilit\u00e9<\/span><\/a><\/p>\n","protected":false},"author":3,"featured_media":2896,"comment_status":"open","ping_status":"open","sticky":false,"template":"","format":"standard","meta":{"advgb_blocks_editor_width":"","advgb_blocks_columns_visual_guide":""},"categories":[113],"tags":[],"issue":[242],"acf":[],"author_meta":{"display_name":"\u00e0 propos","author_link":"https:\/\/koff.swisspeace.ch\/apropos\/author\/apropos\/"},"featured_img":"https:\/\/koff.swisspeace.ch\/apropos\/wp-content\/uploads\/2023\/11\/WB183_Site-des-PDI-Gorom-Gorom--600x331.jpg","coauthors":[],"tax_additional":{"categories":{"linked":["<a href=\"https:\/\/koff.swisspeace.ch\/apropos\/category\/reports-fr\/\" class=\"advgb-post-tax-term\">Dossier<\/a>"],"unlinked":["<span class=\"advgb-post-tax-term\">Dossier<\/span>"]}},"comment_count":0,"relative_dates":{"created":"Posted 3 years ago","modified":"Updated 3 years ago"},"absolute_dates":{"created":"Posted on November 20, 2023","modified":"Updated on November 20, 2023"},"absolute_dates_time":{"created":"Posted on November 20, 2023 2:08 pm","modified":"Updated on November 20, 2023 2:08 pm"},"featured_img_caption":"","series_order":null,"_links":{"self":[{"href":"https:\/\/koff.swisspeace.ch\/apropos\/wp-json\/wp\/v2\/posts\/2904"}],"collection":[{"href":"https:\/\/koff.swisspeace.ch\/apropos\/wp-json\/wp\/v2\/posts"}],"about":[{"href":"https:\/\/koff.swisspeace.ch\/apropos\/wp-json\/wp\/v2\/types\/post"}],"author":[{"embeddable":true,"href":"https:\/\/koff.swisspeace.ch\/apropos\/wp-json\/wp\/v2\/users\/3"}],"replies":[{"embeddable":true,"href":"https:\/\/koff.swisspeace.ch\/apropos\/wp-json\/wp\/v2\/comments?post=2904"}],"version-history":[{"count":4,"href":"https:\/\/koff.swisspeace.ch\/apropos\/wp-json\/wp\/v2\/posts\/2904\/revisions"}],"predecessor-version":[{"id":3056,"href":"https:\/\/koff.swisspeace.ch\/apropos\/wp-json\/wp\/v2\/posts\/2904\/revisions\/3056"}],"wp:featuredmedia":[{"embeddable":true,"href":"https:\/\/koff.swisspeace.ch\/apropos\/wp-json\/wp\/v2\/media\/2896"}],"wp:attachment":[{"href":"https:\/\/koff.swisspeace.ch\/apropos\/wp-json\/wp\/v2\/media?parent=2904"}],"wp:term":[{"taxonomy":"category","embeddable":true,"href":"https:\/\/koff.swisspeace.ch\/apropos\/wp-json\/wp\/v2\/categories?post=2904"},{"taxonomy":"post_tag","embeddable":true,"href":"https:\/\/koff.swisspeace.ch\/apropos\/wp-json\/wp\/v2\/tags?post=2904"},{"taxonomy":"issue","embeddable":true,"href":"https:\/\/koff.swisspeace.ch\/apropos\/wp-json\/wp\/v2\/issue?post=2904"}],"curies":[{"name":"wp","href":"https:\/\/api.w.org\/{rel}","templated":true}]}}