{"id":2910,"date":"2023-11-20T14:08:23","date_gmt":"2023-11-20T14:08:23","guid":{"rendered":"https:\/\/koff.swisspeace.ch\/apropos\/?p=2910"},"modified":"2023-11-20T14:08:23","modified_gmt":"2023-11-20T14:08:23","slug":"pwag-sucht-dich","status":"publish","type":"post","link":"https:\/\/koff.swisspeace.ch\/apropos\/2910\/pwag-sucht-dich\/","title":{"rendered":"PWAG sucht dich!"},"content":{"rendered":"\n<p>M\u00f6chtest du mit uns die feministische Friedensarbeit mitgestalten und f\u00fcr Frauen in Friedensprozessen einen Unterschied bewirken? Zur Erg\u00e4nzung unseres Teams in Bern suchen wir per sofort oder nach Vereinbarung eine Netzwerk- und Advocacy-Verantwortliche f\u00fcr unser wachsendes globales Netzwerk und unser politisches Engagement.<\/p>\n","protected":false},"excerpt":{"rendered":"<p>M\u00f6chtest du mit uns die feministische Friedensarbeit mitgestalten und f\u00fcr Frauen in Friedensprozessen einen Unterschied bewirken? Zur Erg\u00e4nzung unseres Teams in Bern suchen wir per sofort oder nach Vereinbarung eine Netzwerk- und Advocacy-Verantwortliche f\u00fcr unser wachsendes globales Netzwerk und unser politisches Engagement.<\/p>\n","protected":false},"author":3,"featured_media":2771,"comment_status":"open","ping_status":"open","sticky":false,"template":"","format":"standard","meta":{"advgb_blocks_editor_width":"","advgb_blocks_columns_visual_guide":""},"categories":[71],"tags":[],"issue":[240],"acf":[],"author_meta":{"display_name":"\u00e0 propos","author_link":"https:\/\/koff.swisspeace.ch\/apropos\/author\/apropos\/"},"featured_img":"https:\/\/koff.swisspeace.ch\/apropos\/wp-content\/uploads\/2023\/11\/hiring-6587770_1280-600x600.png","coauthors":[],"tax_additional":{"categories":{"linked":["<a href=\"https:\/\/koff.swisspeace.ch\/apropos\/category\/news-de\/\" class=\"advgb-post-tax-term\">Aktuell<\/a>"],"unlinked":["<span class=\"advgb-post-tax-term\">Aktuell<\/span>"]}},"comment_count":0,"relative_dates":{"created":"Posted 3 years ago","modified":"Updated 3 years ago"},"absolute_dates":{"created":"Posted on November 20, 2023","modified":"Updated on November 20, 2023"},"absolute_dates_time":{"created":"Posted on November 20, 2023 2:08 pm","modified":"Updated on November 20, 2023 2:08 pm"},"featured_img_caption":"","series_order":null,"_links":{"self":[{"href":"https:\/\/koff.swisspeace.ch\/apropos\/wp-json\/wp\/v2\/posts\/2910"}],"collection":[{"href":"https:\/\/koff.swisspeace.ch\/apropos\/wp-json\/wp\/v2\/posts"}],"about":[{"href":"https:\/\/koff.swisspeace.ch\/apropos\/wp-json\/wp\/v2\/types\/post"}],"author":[{"embeddable":true,"href":"https:\/\/koff.swisspeace.ch\/apropos\/wp-json\/wp\/v2\/users\/3"}],"replies":[{"embeddable":true,"href":"https:\/\/koff.swisspeace.ch\/apropos\/wp-json\/wp\/v2\/comments?post=2910"}],"version-history":[{"count":2,"href":"https:\/\/koff.swisspeace.ch\/apropos\/wp-json\/wp\/v2\/posts\/2910\/revisions"}],"predecessor-version":[{"id":2912,"href":"https:\/\/koff.swisspeace.ch\/apropos\/wp-json\/wp\/v2\/posts\/2910\/revisions\/2912"}],"wp:featuredmedia":[{"embeddable":true,"href":"https:\/\/koff.swisspeace.ch\/apropos\/wp-json\/wp\/v2\/media\/2771"}],"wp:attachment":[{"href":"https:\/\/koff.swisspeace.ch\/apropos\/wp-json\/wp\/v2\/media?parent=2910"}],"wp:term":[{"taxonomy":"category","embeddable":true,"href":"https:\/\/koff.swisspeace.ch\/apropos\/wp-json\/wp\/v2\/categories?post=2910"},{"taxonomy":"post_tag","embeddable":true,"href":"https:\/\/koff.swisspeace.ch\/apropos\/wp-json\/wp\/v2\/tags?post=2910"},{"taxonomy":"issue","embeddable":true,"href":"https:\/\/koff.swisspeace.ch\/apropos\/wp-json\/wp\/v2\/issue?post=2910"}],"curies":[{"name":"wp","href":"https:\/\/api.w.org\/{rel}","templated":true}]}}