{"id":2930,"date":"2023-11-20T14:08:23","date_gmt":"2023-11-20T14:08:23","guid":{"rendered":"https:\/\/koff.swisspeace.ch\/apropos\/?p=2930"},"modified":"2023-11-20T14:08:23","modified_gmt":"2023-11-20T14:08:23","slug":"events-8","status":"publish","type":"post","link":"https:\/\/koff.swisspeace.ch\/apropos\/2930\/events-8\/","title":{"rendered":"Events"},"content":{"rendered":"\n<h2>Schweigen der Frauen f\u00fcr den Frieden Z\u00fcrich<\/h2>\n\n\n\n<p><strong>Immer am zweiten Freitag im Monat von 17.45 \u2013 18.15 Uhr beim Fraum\u00fcnster in Z\u00fcrich<\/strong><\/p>\n\n\n\n<p>Gemeinsam hinstehen f\u00fcr mehr Gerechtigkeit. Uns gegenseitig st\u00e4rken. Aktuelle Anliegen mit Flyern unter die Leute bringen. Schliessen Sie sich uns an!<\/p>\n\n\n\n<p><a rel=\"noreferrer noopener\" href=\"http:\/\/www.frauenfuerdenfrieden.ch\" target=\"_blank\">Weitere Informationen<\/a><\/p>\n\n\n\n<h2>Debatte &#8211; Konferenz: \u00ab <strong>What kind of justice for a troubled world?<\/strong> \u00bb<\/h2>\n\n\n\n<p><strong>29. November, 18:00 &#8211; 20:00 Uhr im Salon Soutter des RTS (Genf)<\/strong><\/p>\n\n\n\n<p>Etwa f\u00fcnfzehn Journalist:innen, die sich auf die Berichterstattung \u00fcber die \u00dcbergangsjustiz in der ganzen Welt spezialisiert haben, laden Sie ein, mit Ihnen \u00fcber die wichtigsten aktuellen Fragen zu diskutieren und zu debattieren.<br>Mit der au\u00dfergew\u00f6hnlichen Anwesenheit von Justice Info-Korrespondent:innen aus Kolumbien, der Ukraine, der Demokratischen Republik Kongo, Gambia, Deutschland, Tunesien, den Niederlanden, der Zentralafrikanischen Republik, Uganda, Mali und Benin sowie den Redaktionsleitern von Justice Info.<\/p>\n\n\n\n<p><a href=\"https:\/\/www.linkedin.com\/events\/whatkindofjusticeforatroubledwo7127587953962315776\/?mc_cid=ff2784e6ec&amp;mc_eid=ac6e12b117\" target=\"_blank\" rel=\"noreferrer noopener\">Weitere Informationen<\/a><\/p>\n\n\n\n<h2>Ilanzer Sommer 2024:<strong> Wo Friedensvisionen Gestalt annehmen<\/strong><\/h2>\n\n\n\n<p><strong>August 2024, Haus der Begegnung sowie Kulturorte in Ilanz<\/strong><\/p>\n\n\n\n<p>Entdecken Sie am Ilanzer Sommer, wie Friedenskultur in die Tat umgesetzt werden kann. In einer Zeit, in der wir einen Frieden mehr als je zuvor ersehnen, bietet Ilanz eine Plattform, um verschiedene Perspektiven, Hintergr\u00fcnde und Ideen in einem dynamischen Austausch zusammenzubringen. Frieden beginnt in unseren Herzen, unserer Nachbarschaft und in unserer Gesellschaft. Geniessen Sie eine Woche mit Ateliers, kulturellen Vorf\u00fchrungen und lebhaften Debatten, die alle darauf abzielen, den Umgang mit Konflikten und das Miteinander in der Schweiz zu st\u00e4rken.<br><br>Organisiert vom unabh\u00e4ngigen Verein \u00abForum f\u00fcr Friedenskultur\u00bb und unterst\u00fctzt u.a. durch die Stiftung der Ilanzer Dominikanerinnen, ist dieses Festival ein Muss f\u00fcr alle, die an einer besseren, friedlicheren Zukunft interessiert sind.<\/p>\n\n\n\n<p><a href=\"http:\/\/www.frauenfuerdenfrieden.ch\/\"><br><br><\/a><\/p>\n\n\n\n<p><br><br><\/p>\n","protected":false},"excerpt":{"rendered":"<p>Schweigen der Frauen f\u00fcr den Frieden Z\u00fcrich Immer am zweiten Freitag im Monat von 17.45 \u2013 18.15 Uhr beim Fraum\u00fcnster in Z\u00fcrich Gemeinsam hinstehen f\u00fcr mehr Gerechtigkeit. Uns gegenseitig st\u00e4rken. Aktuelle Anliegen mit Flyern unter die Leute bringen. Schliessen Sie sich uns an! Weitere Informationen Debatte &#8211; Konferenz: \u00ab What kind of justice for a <a href=\"https:\/\/koff.swisspeace.ch\/apropos\/2930\/events-8\/\" class=\"more-link\">&#8230;<span class=\"screen-reader-text\">  Events<\/span><\/a><\/p>\n","protected":false},"author":3,"featured_media":392,"comment_status":"open","ping_status":"open","sticky":false,"template":"","format":"standard","meta":{"advgb_blocks_editor_width":"","advgb_blocks_columns_visual_guide":""},"categories":[93],"tags":[],"issue":[240],"acf":[],"author_meta":{"display_name":"\u00e0 propos","author_link":"https:\/\/koff.swisspeace.ch\/apropos\/author\/apropos\/"},"featured_img":"https:\/\/koff.swisspeace.ch\/apropos\/wp-content\/uploads\/2023\/01\/Bildschirmfoto-2023-01-03-um-11.57.47-e1672743726765-300x200.png","coauthors":[],"tax_additional":{"categories":{"linked":["<a href=\"https:\/\/koff.swisspeace.ch\/apropos\/category\/calendar-de\/\" class=\"advgb-post-tax-term\">Kalender<\/a>"],"unlinked":["<span class=\"advgb-post-tax-term\">Kalender<\/span>"]}},"comment_count":0,"relative_dates":{"created":"Posted 3 years ago","modified":"Updated 3 years ago"},"absolute_dates":{"created":"Posted on November 20, 2023","modified":"Updated on November 20, 2023"},"absolute_dates_time":{"created":"Posted on November 20, 2023 2:08 pm","modified":"Updated on November 20, 2023 2:08 pm"},"featured_img_caption":"","series_order":null,"_links":{"self":[{"href":"https:\/\/koff.swisspeace.ch\/apropos\/wp-json\/wp\/v2\/posts\/2930"}],"collection":[{"href":"https:\/\/koff.swisspeace.ch\/apropos\/wp-json\/wp\/v2\/posts"}],"about":[{"href":"https:\/\/koff.swisspeace.ch\/apropos\/wp-json\/wp\/v2\/types\/post"}],"author":[{"embeddable":true,"href":"https:\/\/koff.swisspeace.ch\/apropos\/wp-json\/wp\/v2\/users\/3"}],"replies":[{"embeddable":true,"href":"https:\/\/koff.swisspeace.ch\/apropos\/wp-json\/wp\/v2\/comments?post=2930"}],"version-history":[{"count":4,"href":"https:\/\/koff.swisspeace.ch\/apropos\/wp-json\/wp\/v2\/posts\/2930\/revisions"}],"predecessor-version":[{"id":2995,"href":"https:\/\/koff.swisspeace.ch\/apropos\/wp-json\/wp\/v2\/posts\/2930\/revisions\/2995"}],"wp:featuredmedia":[{"embeddable":true,"href":"https:\/\/koff.swisspeace.ch\/apropos\/wp-json\/wp\/v2\/media\/392"}],"wp:attachment":[{"href":"https:\/\/koff.swisspeace.ch\/apropos\/wp-json\/wp\/v2\/media?parent=2930"}],"wp:term":[{"taxonomy":"category","embeddable":true,"href":"https:\/\/koff.swisspeace.ch\/apropos\/wp-json\/wp\/v2\/categories?post=2930"},{"taxonomy":"post_tag","embeddable":true,"href":"https:\/\/koff.swisspeace.ch\/apropos\/wp-json\/wp\/v2\/tags?post=2930"},{"taxonomy":"issue","embeddable":true,"href":"https:\/\/koff.swisspeace.ch\/apropos\/wp-json\/wp\/v2\/issue?post=2930"}],"curies":[{"name":"wp","href":"https:\/\/api.w.org\/{rel}","templated":true}]}}