{"id":2936,"date":"2023-11-20T14:08:50","date_gmt":"2023-11-20T14:08:50","guid":{"rendered":"https:\/\/koff.swisspeace.ch\/apropos\/?p=2936"},"modified":"2023-11-20T14:08:50","modified_gmt":"2023-11-20T14:08:50","slug":"evenements-5","status":"publish","type":"post","link":"https:\/\/koff.swisspeace.ch\/apropos\/2936\/evenements-5\/","title":{"rendered":"\u00c9v\u00e9nements"},"content":{"rendered":"\n<h2>Silence of the Women for Peace Zurich<\/h2>\n\n\n\n<p><strong>Tous les deuxi\u00e8mes vendredis du mois, de 17h45 \u00e0 18h15 au Frauenm\u00fcnster (Zurich)<\/strong><br>S&#8217;unir pour la justice. Se renforcer mutuellement. Partager des pr\u00e9occupations actuelles. Rejoignez-nous !<\/p>\n\n\n\n<p>Plus d&#8217;informations <a href=\"https:\/\/www.frauenfuerdenfrieden.ch\/\" target=\"_blank\" rel=\"noreferrer noopener\">ici<\/a>.<\/p>\n\n\n\n<h2>Conf\u00e9rence-D\u00e9bat: <strong>\u00ab What kind of justice for a troubled world? \u00bb<\/strong><\/h2>\n\n\n\n<p><strong>29 November, 18:00 &#8211; 20:00<\/strong> <strong>au Salon Soutter de la RTS (Gen\u00e8ve) <\/strong><\/p>\n\n\n\n<p>Une quinzaine de journalistes sp\u00e9cialis\u00e9\u00b7es dans la couverture de th\u00e8mes li\u00e9s \u00e0 la justice transitionnelle \u00e0 travers le monde vous invitent \u00e0 discuter et \u00e0 d\u00e9battre avec elles\u00b7eux des grandes questions d&#8217;actualit\u00e9.<br>Avec la pr\u00e9sence exceptionnelle des correspondant\u00b7es de Justice Info en Colombie, Ukraine, R\u00e9publique d\u00e9mocratique du Congo, Gambie, Allemagne, Tunisie, Pays-Bas, R\u00e9publique centrafricaine, Ouganda, Mali et B\u00e9nin, et des responsables de la r\u00e9daction de Justice Info.<\/p>\n\n\n\n<p>Plus d&#8217;informations <a rel=\"noreferrer noopener\" href=\"https:\/\/www.linkedin.com\/events\/whatkindofjusticeforatroubledwo7127587953962315776\/?mc_cid=ff2784e6ec&amp;mc_eid=ac6e12b117\" target=\"_blank\">ici<\/a>.<\/p>\n\n\n\n<h2>Ilanzer Sommer 2024 : L&#8217;\u00e9v\u00e9nement o\u00f9 les visions de paix prennent forme<\/h2>\n\n\n\n<p><strong>Ao\u00fbt 2024, Haus der Begegnung et lieux culturels, Ilanz<\/strong><\/p>\n\n\n\n<p>\u00c0 l&#8217;Ilanzer Sommer, vous d\u00e9couvrirez comment une culture de la paix peut se manifester. \u00c0 l&#8217;heure o\u00f9 le d\u00e9sir de paix est plus fort que jamais, Ilanz offre une plateforme qui favorise un \u00e9change dynamique de perspectives et d&#8217;id\u00e9es diverses. La paix commence dans nos c\u0153urs, nos quartiers et notre soci\u00e9t\u00e9. Profitez d&#8217;une semaine remplie d&#8217;ateliers, de divertissements culturels et de d\u00e9bats anim\u00e9s qui visent tous \u00e0 renforcer l&#8217;interaction sur les th\u00e8mes des conflits et de la coh\u00e9sion sociale en Suisse. Organis\u00e9 par l&#8217;association ind\u00e9pendante \u00ab Forum f\u00fcr Friedenskultur \u00bb et soutenu par la Fondation des Dominicains d&#8217;Ilanz, le festival est un must pour tous\u00b7tes ceux et celles qui s&#8217;int\u00e9ressent \u00e0 un avenir meilleur et plus pacifique.<\/p>\n\n\n\n<p>Plus d&#8217;informations <a href=\"http:\/\/www.ilanzersommer.ch\" target=\"_blank\" rel=\"noreferrer noopener\">ici<\/a>.<\/p>\n","protected":false},"excerpt":{"rendered":"<p>Silence of the Women for Peace Zurich Tous les deuxi\u00e8mes vendredis du mois, de 17h45 \u00e0 18h15 au Frauenm\u00fcnster (Zurich)S&#8217;unir pour la justice. Se renforcer mutuellement. Partager des pr\u00e9occupations actuelles. Rejoignez-nous ! Plus d&#8217;informations ici. Conf\u00e9rence-D\u00e9bat: \u00ab What kind of justice for a troubled world? \u00bb 29 November, 18:00 &#8211; 20:00 au Salon Soutter de <a href=\"https:\/\/koff.swisspeace.ch\/apropos\/2936\/evenements-5\/\" class=\"more-link\">&#8230;<span class=\"screen-reader-text\">  \u00c9v\u00e9nements<\/span><\/a><\/p>\n","protected":false},"author":3,"featured_media":392,"comment_status":"open","ping_status":"open","sticky":false,"template":"","format":"standard","meta":{"advgb_blocks_editor_width":"","advgb_blocks_columns_visual_guide":""},"categories":[97],"tags":[],"issue":[242],"acf":[],"author_meta":{"display_name":"\u00e0 propos","author_link":"https:\/\/koff.swisspeace.ch\/apropos\/author\/apropos\/"},"featured_img":"https:\/\/koff.swisspeace.ch\/apropos\/wp-content\/uploads\/2023\/01\/Bildschirmfoto-2023-01-03-um-11.57.47-e1672743726765-300x200.png","coauthors":[],"tax_additional":{"categories":{"linked":["<a href=\"https:\/\/koff.swisspeace.ch\/apropos\/category\/calendar-fr\/\" class=\"advgb-post-tax-term\">Calendrier<\/a>"],"unlinked":["<span class=\"advgb-post-tax-term\">Calendrier<\/span>"]}},"comment_count":0,"relative_dates":{"created":"Posted 3 years ago","modified":"Updated 3 years ago"},"absolute_dates":{"created":"Posted on November 20, 2023","modified":"Updated on November 20, 2023"},"absolute_dates_time":{"created":"Posted on November 20, 2023 2:08 pm","modified":"Updated on November 20, 2023 2:08 pm"},"featured_img_caption":"","series_order":null,"_links":{"self":[{"href":"https:\/\/koff.swisspeace.ch\/apropos\/wp-json\/wp\/v2\/posts\/2936"}],"collection":[{"href":"https:\/\/koff.swisspeace.ch\/apropos\/wp-json\/wp\/v2\/posts"}],"about":[{"href":"https:\/\/koff.swisspeace.ch\/apropos\/wp-json\/wp\/v2\/types\/post"}],"author":[{"embeddable":true,"href":"https:\/\/koff.swisspeace.ch\/apropos\/wp-json\/wp\/v2\/users\/3"}],"replies":[{"embeddable":true,"href":"https:\/\/koff.swisspeace.ch\/apropos\/wp-json\/wp\/v2\/comments?post=2936"}],"version-history":[{"count":3,"href":"https:\/\/koff.swisspeace.ch\/apropos\/wp-json\/wp\/v2\/posts\/2936\/revisions"}],"predecessor-version":[{"id":3072,"href":"https:\/\/koff.swisspeace.ch\/apropos\/wp-json\/wp\/v2\/posts\/2936\/revisions\/3072"}],"wp:featuredmedia":[{"embeddable":true,"href":"https:\/\/koff.swisspeace.ch\/apropos\/wp-json\/wp\/v2\/media\/392"}],"wp:attachment":[{"href":"https:\/\/koff.swisspeace.ch\/apropos\/wp-json\/wp\/v2\/media?parent=2936"}],"wp:term":[{"taxonomy":"category","embeddable":true,"href":"https:\/\/koff.swisspeace.ch\/apropos\/wp-json\/wp\/v2\/categories?post=2936"},{"taxonomy":"post_tag","embeddable":true,"href":"https:\/\/koff.swisspeace.ch\/apropos\/wp-json\/wp\/v2\/tags?post=2936"},{"taxonomy":"issue","embeddable":true,"href":"https:\/\/koff.swisspeace.ch\/apropos\/wp-json\/wp\/v2\/issue?post=2936"}],"curies":[{"name":"wp","href":"https:\/\/api.w.org\/{rel}","templated":true}]}}