{"id":2939,"date":"2023-11-20T14:08:22","date_gmt":"2023-11-20T14:08:22","guid":{"rendered":"https:\/\/koff.swisspeace.ch\/apropos\/?p=2939"},"modified":"2023-11-20T14:08:22","modified_gmt":"2023-11-20T14:08:22","slug":"mit-sport-und-spiel-auf-die-schule-vorbereitet-armans-geschichte","status":"publish","type":"post","link":"https:\/\/koff.swisspeace.ch\/apropos\/2939\/mit-sport-und-spiel-auf-die-schule-vorbereitet-armans-geschichte\/","title":{"rendered":"Mit Sport und Spiel auf die Schule vorbereitet &#8211; Armans Geschichte"},"content":{"rendered":"\n<p>Der siebenj\u00e4hrige Arman geht seit einem Jahr zur Schule und kommt im Unterricht gut mit. Dies ist nicht selbstverst\u00e4ndlich, denn in Indien bleibt vielen Kindern, welche unter schwierigen Bedingungen aufwachsen, der Zugang zu hochwertiger Bildung verwehrt.<br>Armans Eltern sind davon \u00fcberzeugt, dass seine guten Leistungen auf seine fr\u00fche F\u00f6rderung zur\u00fcckzuf\u00fchren sind. Er besuchte eines der 50 Zentren f\u00fcr fr\u00fchkindliche Entwicklung, die die Swiss Academy for Development (SA4D) und ihre Partnerorganisation Centre for Rural Education and Development (CREDA) im Rahmen des \u201cMove &amp; Improve\u201d-Projekts in Indien eingerichtet hatten. Dort werden Kinder mit Sport und Spiel in ihrer ganzheitlichen Entwicklung unterst\u00fctzt.<\/p>\n\n\n\n<p><a href=\"https:\/\/sa4d.org\/news-media\/news\/article-armans-story\/\" data-type=\"URL\" data-id=\"https:\/\/sa4d.org\/news-media\/news\/article-armans-story\/\">Dieser Artikel <\/a>erz\u00e4hlt Armans Geschichte und gibt umfassende Einblicke in das \u201cMove &amp; Improve\u201d-Projekt. Der Artikel wurde f\u00fcr das Childhood Education Innovations Magazine (Ausgabe Mai\/Juni 2023) geschrieben.<\/p>\n","protected":false},"excerpt":{"rendered":"<p>Der siebenj\u00e4hrige Arman geht seit einem Jahr zur Schule und kommt im Unterricht gut mit. Dies ist nicht selbstverst\u00e4ndlich, denn in Indien bleibt vielen Kindern, welche unter schwierigen Bedingungen aufwachsen, der Zugang zu hochwertiger Bildung verwehrt.Armans Eltern sind davon \u00fcberzeugt, dass seine guten Leistungen auf seine fr\u00fche F\u00f6rderung zur\u00fcckzuf\u00fchren sind. Er besuchte eines der 50 <a href=\"https:\/\/koff.swisspeace.ch\/apropos\/2939\/mit-sport-und-spiel-auf-die-schule-vorbereitet-armans-geschichte\/\" class=\"more-link\">&#8230;<span class=\"screen-reader-text\">  Mit Sport und Spiel auf die Schule vorbereitet &#8211; Armans Geschichte<\/span><\/a><\/p>\n","protected":false},"author":3,"featured_media":2943,"comment_status":"open","ping_status":"open","sticky":false,"template":"","format":"standard","meta":{"advgb_blocks_editor_width":"","advgb_blocks_columns_visual_guide":""},"categories":[71],"tags":[],"issue":[240],"acf":[],"author_meta":{"display_name":"\u00e0 propos","author_link":"https:\/\/koff.swisspeace.ch\/apropos\/author\/apropos\/"},"featured_img":"https:\/\/koff.swisspeace.ch\/apropos\/wp-content\/uploads\/2023\/11\/SA4D-Arman-600x337.jpg","coauthors":[],"tax_additional":{"categories":{"linked":["<a href=\"https:\/\/koff.swisspeace.ch\/apropos\/category\/news-de\/\" class=\"advgb-post-tax-term\">Aktuell<\/a>"],"unlinked":["<span class=\"advgb-post-tax-term\">Aktuell<\/span>"]}},"comment_count":0,"relative_dates":{"created":"Posted 3 years ago","modified":"Updated 3 years ago"},"absolute_dates":{"created":"Posted on November 20, 2023","modified":"Updated on November 20, 2023"},"absolute_dates_time":{"created":"Posted on November 20, 2023 2:08 pm","modified":"Updated on November 20, 2023 2:08 pm"},"featured_img_caption":"","series_order":null,"_links":{"self":[{"href":"https:\/\/koff.swisspeace.ch\/apropos\/wp-json\/wp\/v2\/posts\/2939"}],"collection":[{"href":"https:\/\/koff.swisspeace.ch\/apropos\/wp-json\/wp\/v2\/posts"}],"about":[{"href":"https:\/\/koff.swisspeace.ch\/apropos\/wp-json\/wp\/v2\/types\/post"}],"author":[{"embeddable":true,"href":"https:\/\/koff.swisspeace.ch\/apropos\/wp-json\/wp\/v2\/users\/3"}],"replies":[{"embeddable":true,"href":"https:\/\/koff.swisspeace.ch\/apropos\/wp-json\/wp\/v2\/comments?post=2939"}],"version-history":[{"count":10,"href":"https:\/\/koff.swisspeace.ch\/apropos\/wp-json\/wp\/v2\/posts\/2939\/revisions"}],"predecessor-version":[{"id":2993,"href":"https:\/\/koff.swisspeace.ch\/apropos\/wp-json\/wp\/v2\/posts\/2939\/revisions\/2993"}],"wp:featuredmedia":[{"embeddable":true,"href":"https:\/\/koff.swisspeace.ch\/apropos\/wp-json\/wp\/v2\/media\/2943"}],"wp:attachment":[{"href":"https:\/\/koff.swisspeace.ch\/apropos\/wp-json\/wp\/v2\/media?parent=2939"}],"wp:term":[{"taxonomy":"category","embeddable":true,"href":"https:\/\/koff.swisspeace.ch\/apropos\/wp-json\/wp\/v2\/categories?post=2939"},{"taxonomy":"post_tag","embeddable":true,"href":"https:\/\/koff.swisspeace.ch\/apropos\/wp-json\/wp\/v2\/tags?post=2939"},{"taxonomy":"issue","embeddable":true,"href":"https:\/\/koff.swisspeace.ch\/apropos\/wp-json\/wp\/v2\/issue?post=2939"}],"curies":[{"name":"wp","href":"https:\/\/api.w.org\/{rel}","templated":true}]}}