{"id":2954,"date":"2023-11-20T14:08:50","date_gmt":"2023-11-20T14:08:50","guid":{"rendered":"https:\/\/koff.swisspeace.ch\/apropos\/?p=2954"},"modified":"2023-11-20T14:08:50","modified_gmt":"2023-11-20T14:08:50","slug":"se-preparer-a-lecole-par-le-sport-et-le-jeu-lhistoire-darman","status":"publish","type":"post","link":"https:\/\/koff.swisspeace.ch\/apropos\/2954\/se-preparer-a-lecole-par-le-sport-et-le-jeu-lhistoire-darman\/","title":{"rendered":"Se pr\u00e9parer \u00e0 l&#8217;\u00e9cole par le sport et le jeu &#8211; l&#8217;histoire d&#8217;Arman"},"content":{"rendered":"\n<p>Arman, \u00e2g\u00e9 de sept ans, fr\u00e9quente l&#8217;\u00e9cole depuis un an et r\u00e9ussit bien en classe. Cela n&#8217;est pas \u00e0 prendre pour acquis, car de nombreux enfants qui grandissent en Inde dans des conditions difficiles se voient refuser l&#8217;acc\u00e8s \u00e0 une \u00e9ducation de qualit\u00e9. Les parents d&#8217;Arman sont convaincus que son bon niveau est du \u00e0 sa prise en charge pr\u00e9coce. Il a fr\u00e9quent\u00e9 l&#8217;un des 50 centres de d\u00e9veloppement de la petite enfance mis en place par l&#8217;Acad\u00e9mie suisse pour le d\u00e9veloppement (SA4D) et son organisation partenaire, le Centre for Rural Education and Development (CREDA), dans le cadre du projet \u00ab Move &amp; Improve \u00bb en Inde. Les enfants y sont soutenus dans leur d\u00e9veloppement global \u00e0 travers le sport et le jeu.<\/p>\n\n\n\n<p><a rel=\"noreferrer noopener\" href=\"https:\/\/sa4d.org\/news-media\/news\/article-armans-story\/\" target=\"_blank\">Cet article<\/a> raconte l&#8217;histoire d&#8217;Arman et offre des perspectives compl\u00e8tes sur le projet \u00ab Move &amp; Improve  \u00bb. L&#8217;article a \u00e9t\u00e9 r\u00e9dig\u00e9 pour le magazine Childhood Education Innovations (num\u00e9ro de mai\/juin 2023).<\/p>\n","protected":false},"excerpt":{"rendered":"<p>Arman, \u00e2g\u00e9 de sept ans, fr\u00e9quente l&#8217;\u00e9cole depuis un an et r\u00e9ussit bien en classe. Cela n&#8217;est pas \u00e0 prendre pour acquis, car de nombreux enfants qui grandissent en Inde dans des conditions difficiles se voient refuser l&#8217;acc\u00e8s \u00e0 une \u00e9ducation de qualit\u00e9. Les parents d&#8217;Arman sont convaincus que son bon niveau est du \u00e0 <a href=\"https:\/\/koff.swisspeace.ch\/apropos\/2954\/se-preparer-a-lecole-par-le-sport-et-le-jeu-lhistoire-darman\/\" class=\"more-link\">&#8230;<span class=\"screen-reader-text\">  Se pr\u00e9parer \u00e0 l&#8217;\u00e9cole par le sport et le jeu &#8211; l&#8217;histoire d&#8217;Arman<\/span><\/a><\/p>\n","protected":false},"author":3,"featured_media":2943,"comment_status":"open","ping_status":"open","sticky":false,"template":"","format":"standard","meta":{"advgb_blocks_editor_width":"","advgb_blocks_columns_visual_guide":""},"categories":[99],"tags":[],"issue":[242],"acf":[],"author_meta":{"display_name":"\u00e0 propos","author_link":"https:\/\/koff.swisspeace.ch\/apropos\/author\/apropos\/"},"featured_img":"https:\/\/koff.swisspeace.ch\/apropos\/wp-content\/uploads\/2023\/11\/SA4D-Arman-600x337.jpg","coauthors":[],"tax_additional":{"categories":{"linked":["<a href=\"https:\/\/koff.swisspeace.ch\/apropos\/category\/news-fr\/\" class=\"advgb-post-tax-term\">Actualit\u00e9<\/a>"],"unlinked":["<span class=\"advgb-post-tax-term\">Actualit\u00e9<\/span>"]}},"comment_count":0,"relative_dates":{"created":"Posted 3 years ago","modified":"Updated 3 years ago"},"absolute_dates":{"created":"Posted on November 20, 2023","modified":"Updated on November 20, 2023"},"absolute_dates_time":{"created":"Posted on November 20, 2023 2:08 pm","modified":"Updated on November 20, 2023 2:08 pm"},"featured_img_caption":"","series_order":null,"_links":{"self":[{"href":"https:\/\/koff.swisspeace.ch\/apropos\/wp-json\/wp\/v2\/posts\/2954"}],"collection":[{"href":"https:\/\/koff.swisspeace.ch\/apropos\/wp-json\/wp\/v2\/posts"}],"about":[{"href":"https:\/\/koff.swisspeace.ch\/apropos\/wp-json\/wp\/v2\/types\/post"}],"author":[{"embeddable":true,"href":"https:\/\/koff.swisspeace.ch\/apropos\/wp-json\/wp\/v2\/users\/3"}],"replies":[{"embeddable":true,"href":"https:\/\/koff.swisspeace.ch\/apropos\/wp-json\/wp\/v2\/comments?post=2954"}],"version-history":[{"count":7,"href":"https:\/\/koff.swisspeace.ch\/apropos\/wp-json\/wp\/v2\/posts\/2954\/revisions"}],"predecessor-version":[{"id":3061,"href":"https:\/\/koff.swisspeace.ch\/apropos\/wp-json\/wp\/v2\/posts\/2954\/revisions\/3061"}],"wp:featuredmedia":[{"embeddable":true,"href":"https:\/\/koff.swisspeace.ch\/apropos\/wp-json\/wp\/v2\/media\/2943"}],"wp:attachment":[{"href":"https:\/\/koff.swisspeace.ch\/apropos\/wp-json\/wp\/v2\/media?parent=2954"}],"wp:term":[{"taxonomy":"category","embeddable":true,"href":"https:\/\/koff.swisspeace.ch\/apropos\/wp-json\/wp\/v2\/categories?post=2954"},{"taxonomy":"post_tag","embeddable":true,"href":"https:\/\/koff.swisspeace.ch\/apropos\/wp-json\/wp\/v2\/tags?post=2954"},{"taxonomy":"issue","embeddable":true,"href":"https:\/\/koff.swisspeace.ch\/apropos\/wp-json\/wp\/v2\/issue?post=2954"}],"curies":[{"name":"wp","href":"https:\/\/api.w.org\/{rel}","templated":true}]}}