{"id":2979,"date":"2023-11-20T14:08:50","date_gmt":"2023-11-20T14:08:50","guid":{"rendered":"https:\/\/koff.swisspeace.ch\/apropos\/?p=2979"},"modified":"2023-11-20T14:25:19","modified_gmt":"2023-11-20T14:25:19","slug":"nouvel-ordre-pour-la-paix-et-la-securite-au-sahel","status":"publish","type":"post","link":"https:\/\/koff.swisspeace.ch\/apropos\/2979\/nouvel-ordre-pour-la-paix-et-la-securite-au-sahel\/","title":{"rendered":"Nouvel ordre pour la paix et la s\u00e9curit\u00e9 au Sahel"},"content":{"rendered":"\n<p><\/p>\n\n\n\n<div class=\"wp-block-advgb-images-slider advgb-images-slider-block advg-images-slider-4d800acb-8a9b-4e40-b153-6fb744a1ea0d\"><div class=\"advgb-images-slider\" dir=\"ltr\"><div class=\"advgb-image-slider-item\"><img decoding=\"async\" src=\"https:\/\/koff.swisspeace.ch\/apropos\/wp-content\/uploads\/2023\/11\/1.jpg\" class=\"advgb-image-slider-img\" alt=\"\" style=\"width:100%;height:auto\"\/><div class=\"advgb-image-slider-item-info\" style=\"justify-content:flex-end;align-items:center\"><a class=\"advgb-image-slider-overlay\" target=\"_blank\" rel=\"noopener noreferrer\" href=\"#\" style=\"opacity:0.5\"><\/a><\/div><\/div><div class=\"advgb-image-slider-item\"><img decoding=\"async\" src=\"https:\/\/koff.swisspeace.ch\/apropos\/wp-content\/uploads\/2023\/11\/GIN_wb183.png\" class=\"advgb-image-slider-img\" alt=\"Renouer le dialogue au Nord du Mali \u2013 Une urgence \" style=\"width:100%;height:auto\"\/><div class=\"advgb-image-slider-item-info\" style=\"justify-content:flex-end;align-items:center\"><a class=\"advgb-image-slider-overlay\" target=\"_blank\" rel=\"noopener noreferrer\" href=\"https:\/\/koff.swisspeace.ch\/apropos\/2888\/renouer-le-dialogue-au-nord-du-mali-une-urgence\/\" style=\"opacity:0.5\"><\/a><h4 class=\"advgb-image-slider-title\">Renouer le dialogue au Nord du Mali \u2013 Une urgence <\/h4><\/div><\/div><div class=\"advgb-image-slider-item\"><img decoding=\"async\" src=\"https:\/\/koff.swisspeace.ch\/apropos\/wp-content\/uploads\/2023\/11\/GIN.png\" class=\"advgb-image-slider-img\" alt=\"Violence et ins\u00e9curit\u00e9 \u2013 Impact sur les femmes et les filles du Tillab\u00e9ri\" style=\"width:100%;height:auto\"\/><div class=\"advgb-image-slider-item-info\" style=\"justify-content:flex-end;align-items:center\"><a class=\"advgb-image-slider-overlay\" target=\"_blank\" rel=\"noopener noreferrer\" href=\"https:\/\/koff.swisspeace.ch\/apropos\/2890\/violence-et-insecurite-impact-sur-les-femmes-et-les-filles-du-tillaberi\/\" style=\"opacity:0.5\"><\/a><h4 class=\"advgb-image-slider-title\">Violence et ins\u00e9curit\u00e9 \u2013 Impact sur les femmes et les filles du Tillab\u00e9ri<\/h4><\/div><\/div><div class=\"advgb-image-slider-item\"><img decoding=\"async\" src=\"https:\/\/koff.swisspeace.ch\/apropos\/wp-content\/uploads\/2023\/11\/DCAF183-1.jpg\" class=\"advgb-image-slider-img\" alt=\"La r\u00e9forme du secteur de la s\u00e9curit\u00e9 a-t-elle toujours un r\u00f4le \u00e0 jouer au Sahel?\" style=\"width:100%;height:auto\"\/><div class=\"advgb-image-slider-item-info\" style=\"justify-content:flex-end;align-items:center\"><a class=\"advgb-image-slider-overlay\" target=\"_blank\" rel=\"noopener noreferrer\" href=\"https:\/\/koff.swisspeace.ch\/apropos\/2840\/la-reforme-du-secteur-de-la-securite-a-t-elle-toujours-un-role-a-jouer-au-sahel\/\" style=\"opacity:0.5\"><\/a><h4 class=\"advgb-image-slider-title\">La r\u00e9forme du secteur de la s\u00e9curit\u00e9 a-t-elle toujours un r\u00f4le \u00e0 jouer au Sahel?<\/h4><\/div><\/div><\/div><\/div>\n\n\n\n<p>L&#8217;\u00e9dition de novembre d\u2019\u00e0 propos vous plonge au coeur des dynamiques complexes qui fa\u00e7onnent le Sahel, une r\u00e9gion d&#8217;Afrique de l&#8217;Ouest caract\u00e9ris\u00e9e par une instabilit\u00e9 politique persistante et des violences depuis les ann\u00e9es 1960, alors que la plupart de ses \u00c9tats obtenaient leur ind\u00e9pendance. Les probl\u00e8mes de gouvernance, associ\u00e9s \u00e0 des d\u00e9fis socio-\u00e9conomiques et environnementaux, contribuent \u00e0 l&#8217;\u00e9mergence de groupes extr\u00e9mistes, de conflits li\u00e9s au changement climatique pour l&#8217;acc\u00e8s \u00e0 la terre, et \u00e0 l&#8217;ins\u00e9curit\u00e9 alimentaire, compromettant une situation pr\u00e9caire pour les populations locales.<\/p>\n\n\n\n<p>Des troupes internationales sont intervenues avec pour objectif officiel de soutenir les gouvernements locaux dans la lutte contre l&#8217;ins\u00e9curit\u00e9 au Sahel. Cependant, leurs leurs m\u00e9thodes ont \u00e9t\u00e9 de plus en plus soumises aux critiques, accus\u00e9es de desseins cach\u00e9s, de comportements n\u00e9ocoloniaux et de contributions \u00e0 la prolif\u00e9ration de l\u2019insurgence rebelle \u00e0 travers le Sahel.<\/p>\n\n\n\n<p>Outre les six coups d&#8217;\u00c9tat survenus dans la r\u00e9gion depuis 2020, ces all\u00e9gations ont jou\u00e9 un r\u00f4le dans le retrait partiel des troupes internationales du Mali en ao\u00fbt 2022, du Burkina Faso en janvier 2023 et du Niger en octobre 2023, marquant un changement important en termes de la paix et de s\u00e9curit\u00e9 dans la r\u00e9gion. La situation r\u00e9sultante soul\u00e8ve des questions cruciales sur le r\u00f4le de la soci\u00e9t\u00e9 civile et sur la mani\u00e8re dont elle peut r\u00e9pondre au nouvel ordre s\u00e9curitaire. Dans cette \u00e9dition, plusieurs organisations de KOFF et leurs partenaires nous informent sur leurs activit\u00e9s et leurs pr\u00e9occupations en cette p\u00e9riode tumultueuse.<\/p>\n\n\n\n<p><\/p>\n\n\n\n<p>Je vous souhaite une agr\u00e9able lecture.<\/p>\n\n\n\n<p>Sanjally Jobarteh, r\u00e9dactrice du magazine de <a rel=\"noreferrer noopener\" href=\"https:\/\/koff.swisspeace.ch\/\" target=\"_blank\">KOFF<\/a>.<\/p>\n","protected":false},"excerpt":{"rendered":"<p>L&#8217;\u00e9dition de novembre d\u2019\u00e0 propos vous plonge au coeur des dynamiques complexes qui fa\u00e7onnent le Sahel, une r\u00e9gion d&#8217;Afrique de l&#8217;Ouest caract\u00e9ris\u00e9e par une instabilit\u00e9 politique persistante et des violences depuis les ann\u00e9es 1960, alors que la plupart de ses \u00c9tats obtenaient leur ind\u00e9pendance. Les probl\u00e8mes de gouvernance, associ\u00e9s \u00e0 des d\u00e9fis socio-\u00e9conomiques et environnementaux, <a href=\"https:\/\/koff.swisspeace.ch\/apropos\/2979\/nouvel-ordre-pour-la-paix-et-la-securite-au-sahel\/\" class=\"more-link\">&#8230;<span class=\"screen-reader-text\">  Nouvel ordre pour la paix et la s\u00e9curit\u00e9 au Sahel<\/span><\/a><\/p>\n","protected":false},"author":3,"featured_media":0,"comment_status":"open","ping_status":"open","sticky":false,"template":"","format":"standard","meta":{"advgb_blocks_editor_width":"","advgb_blocks_columns_visual_guide":""},"categories":[87],"tags":[],"issue":[242],"acf":[],"author_meta":{"display_name":"\u00e0 propos","author_link":"https:\/\/koff.swisspeace.ch\/apropos\/author\/apropos\/"},"featured_img":null,"coauthors":[],"tax_additional":{"categories":{"linked":["<a href=\"https:\/\/koff.swisspeace.ch\/apropos\/category\/editorial-fr\/\" class=\"advgb-post-tax-term\">\u00c9ditorial<\/a>"],"unlinked":["<span class=\"advgb-post-tax-term\">\u00c9ditorial<\/span>"]}},"comment_count":0,"relative_dates":{"created":"Posted 3 years ago","modified":"Updated 3 years ago"},"absolute_dates":{"created":"Posted on November 20, 2023","modified":"Updated on November 20, 2023"},"absolute_dates_time":{"created":"Posted on November 20, 2023 2:08 pm","modified":"Updated on November 20, 2023 2:25 pm"},"featured_img_caption":"","series_order":null,"_links":{"self":[{"href":"https:\/\/koff.swisspeace.ch\/apropos\/wp-json\/wp\/v2\/posts\/2979"}],"collection":[{"href":"https:\/\/koff.swisspeace.ch\/apropos\/wp-json\/wp\/v2\/posts"}],"about":[{"href":"https:\/\/koff.swisspeace.ch\/apropos\/wp-json\/wp\/v2\/types\/post"}],"author":[{"embeddable":true,"href":"https:\/\/koff.swisspeace.ch\/apropos\/wp-json\/wp\/v2\/users\/3"}],"replies":[{"embeddable":true,"href":"https:\/\/koff.swisspeace.ch\/apropos\/wp-json\/wp\/v2\/comments?post=2979"}],"version-history":[{"count":11,"href":"https:\/\/koff.swisspeace.ch\/apropos\/wp-json\/wp\/v2\/posts\/2979\/revisions"}],"predecessor-version":[{"id":3505,"href":"https:\/\/koff.swisspeace.ch\/apropos\/wp-json\/wp\/v2\/posts\/2979\/revisions\/3505"}],"wp:attachment":[{"href":"https:\/\/koff.swisspeace.ch\/apropos\/wp-json\/wp\/v2\/media?parent=2979"}],"wp:term":[{"taxonomy":"category","embeddable":true,"href":"https:\/\/koff.swisspeace.ch\/apropos\/wp-json\/wp\/v2\/categories?post=2979"},{"taxonomy":"post_tag","embeddable":true,"href":"https:\/\/koff.swisspeace.ch\/apropos\/wp-json\/wp\/v2\/tags?post=2979"},{"taxonomy":"issue","embeddable":true,"href":"https:\/\/koff.swisspeace.ch\/apropos\/wp-json\/wp\/v2\/issue?post=2979"}],"curies":[{"name":"wp","href":"https:\/\/api.w.org\/{rel}","templated":true}]}}