{"id":2983,"date":"2023-11-20T14:08:22","date_gmt":"2023-11-20T14:08:22","guid":{"rendered":"https:\/\/koff.swisspeace.ch\/apropos\/?p=2983"},"modified":"2023-11-20T14:20:08","modified_gmt":"2023-11-20T14:20:08","slug":"neue-friedens-und-sicherheitsentwicklungen-im-sahel","status":"publish","type":"post","link":"https:\/\/koff.swisspeace.ch\/apropos\/2983\/neue-friedens-und-sicherheitsentwicklungen-im-sahel\/","title":{"rendered":"Neue Friedens- und Sicherheitsentwicklungen im Sahel"},"content":{"rendered":"\n<p><\/p>\n\n\n\n<div class=\"wp-block-advgb-images-slider advgb-images-slider-block advg-images-slider-20e01c8e-3544-4678-963b-98c9b4951a8a\"><div class=\"advgb-images-slider\" dir=\"ltr\"><div class=\"advgb-image-slider-item\"><img decoding=\"async\" src=\"https:\/\/koff.swisspeace.ch\/apropos\/wp-content\/uploads\/2023\/11\/1.jpg\" class=\"advgb-image-slider-img\" alt=\"\" style=\"width:100%;height:auto\"\/><div class=\"advgb-image-slider-item-info\" style=\"justify-content:flex-end;align-items:center\"><a class=\"advgb-image-slider-overlay\" target=\"_blank\" rel=\"noopener noreferrer\" href=\"#\" style=\"opacity:0.5\"><\/a><\/div><\/div><div class=\"advgb-image-slider-item\"><img decoding=\"async\" src=\"https:\/\/koff.swisspeace.ch\/apropos\/wp-content\/uploads\/2023\/11\/GIN_wb183.png\" class=\"advgb-image-slider-img\" alt=\"Gespr\u00e4che im Norden Malis sind dringend wieder aufzunehmen\" style=\"width:100%;height:auto\"\/><div class=\"advgb-image-slider-item-info\" style=\"justify-content:flex-end;align-items:center\"><a class=\"advgb-image-slider-overlay\" target=\"_blank\" rel=\"noopener noreferrer\" href=\"https:\/\/koff.swisspeace.ch\/apropos\/2885\/gespraeche-im-norden-malis-sind-dringend-wieder-aufzunehmen\/\" style=\"opacity:0.5\"><\/a><h4 class=\"advgb-image-slider-title\">Gespr\u00e4che im Norden Malis sind dringend wieder aufzunehmen<\/h4><\/div><\/div><div class=\"advgb-image-slider-item\"><img decoding=\"async\" src=\"https:\/\/koff.swisspeace.ch\/apropos\/wp-content\/uploads\/2023\/11\/GIN.png\" class=\"advgb-image-slider-img\" alt=\"Gewalt und Unsicherheit in der Region Tillab\u00e9ri \u2013  Auswirkungen auf Frauen und M\u00e4dchen \" style=\"width:100%;height:auto\"\/><div class=\"advgb-image-slider-item-info\" style=\"justify-content:flex-end;align-items:center\"><a class=\"advgb-image-slider-overlay\" target=\"_blank\" rel=\"noopener noreferrer\" href=\"https:\/\/koff.swisspeace.ch\/apropos\/2853\/auswirkungen-von-gewalt-und-unsicherheit-auf-frauen-und-maedchen-in-der-region-tillaberi\/\" style=\"opacity:0.5\"><\/a><h4 class=\"advgb-image-slider-title\">Gewalt und Unsicherheit in der Region Tillab\u00e9ri \u2013  Auswirkungen auf Frauen und M\u00e4dchen <\/h4><\/div><\/div><div class=\"advgb-image-slider-item\"><img decoding=\"async\" src=\"https:\/\/koff.swisspeace.ch\/apropos\/wp-content\/uploads\/2023\/11\/DCAF183-1.jpg\" class=\"advgb-image-slider-img\" alt=\"Ist eine Reform des Sicherheitssektors in der Sahelzone noch sinnvoll?\" style=\"width:100%;height:auto\"\/><div class=\"advgb-image-slider-item-info\" style=\"justify-content:flex-end;align-items:center\"><a class=\"advgb-image-slider-overlay\" target=\"_blank\" rel=\"noopener noreferrer\" href=\"https:\/\/koff.swisspeace.ch\/apropos\/2836\/ist-eine-reform-des-sicherheitssektors-in-der-sahelzone-noch-sinnvoll\/\" style=\"opacity:0.5\"><\/a><h4 class=\"advgb-image-slider-title\">Ist eine Reform des Sicherheitssektors in der Sahelzone noch sinnvoll?<\/h4><\/div><\/div><\/div><\/div>\n\n\n\n<p>Die Novemberausgabe des \u00e0 propos bietet einen umfassenden Einblick in die komplexen Dynamiken, die den Sahel pr\u00e4gen. Es ist eine Region in Westafrika, die seit den 1960er Jahren, als die meisten ihrer Staaten ihre Unabh\u00e4ngigkeit erlangten, von anhaltender politischer Instabilit\u00e4t und Gewalt gepr\u00e4gt ist. Governance-Probleme, verbunden mit sozio\u00f6konomischen und Umweltproblemen, tragen zur Entstehung extremistischer Gruppen, klimainduzierter Konflikte um Land, sowie zu Nahrungsmittelunsicherheit bei und versch\u00e4rfen so die prek\u00e4re Situation f\u00fcr die lokale Bev\u00f6lkerung.<\/p>\n\n\n\n<p>Internationale Truppen haben mit dem offiziellen Ziel, lokale Regierungen im Kampf gegen die Unsicherheit im Sahel zu unterst\u00fctzen, interveniert. Ihre Methoden stehen jedoch zunehmend mit Vorw\u00fcrfen zu verdeckter Absichten, neokolonialem Verhalten und ihrem Beitrag zur Ausbreitung von Aufst\u00e4nden im gesamten Sahel in der Kritik.<\/p>\n\n\n\n<p>Neben den sechs Staatsstreichen in der Region seit 2020 haben diese Vorw\u00fcrfe auch dazu beigetragen, dass die internationalen Truppen im August 2022 aus Mali, im Januar 2023 aus Burkina Faso und im Oktober 2023 aus Niger teilweise abgezogen wurden, was eine erhebliche Ver\u00e4nderung der Friedens- und Sicherheitslandschaft in der Region bedeutet. Die resultierende Situation wirft entscheidende Fragen zur Rolle der Zivilgesellschaft und ihrer Reaktion auf die neue Sicherheitsordnung auf. In dieser Ausgabe gew\u00e4hren mehrere KOFF-Organisationen und ihre Partner Einblicke in ihre Aktivit\u00e4ten und Anliegen angesichts dieser Ver\u00e4nderungen. <\/p>\n\n\n\n<p>Ich w\u00fcnsche eine angenehme Lekt\u00fcre.<\/p>\n\n\n\n<p>Redakteurin <a rel=\"noreferrer noopener\" href=\"https:\/\/koff.swisspeace.ch\/\" target=\"_blank\">KOFF<\/a> Magazin, Sanjally Jobarteh<\/p>\n","protected":false},"excerpt":{"rendered":"<p>Die Novemberausgabe des \u00e0 propos bietet einen umfassenden Einblick in die komplexen Dynamiken, die den Sahel pr\u00e4gen. Es ist eine Region in Westafrika, die seit den 1960er Jahren, als die meisten ihrer Staaten ihre Unabh\u00e4ngigkeit erlangten, von anhaltender politischer Instabilit\u00e4t und Gewalt gepr\u00e4gt ist. Governance-Probleme, verbunden mit sozio\u00f6konomischen und Umweltproblemen, tragen zur Entstehung extremistischer Gruppen, <a href=\"https:\/\/koff.swisspeace.ch\/apropos\/2983\/neue-friedens-und-sicherheitsentwicklungen-im-sahel\/\" class=\"more-link\">&#8230;<span class=\"screen-reader-text\">  Neue Friedens- und Sicherheitsentwicklungen im Sahel<\/span><\/a><\/p>\n","protected":false},"author":3,"featured_media":0,"comment_status":"open","ping_status":"open","sticky":false,"template":"","format":"standard","meta":{"advgb_blocks_editor_width":"","advgb_blocks_columns_visual_guide":""},"categories":[26],"tags":[],"issue":[240],"acf":[],"author_meta":{"display_name":"\u00e0 propos","author_link":"https:\/\/koff.swisspeace.ch\/apropos\/author\/apropos\/"},"featured_img":null,"coauthors":[],"tax_additional":{"categories":{"linked":["<a href=\"https:\/\/koff.swisspeace.ch\/apropos\/category\/editorial-de\/\" class=\"advgb-post-tax-term\">Editorial<\/a>"],"unlinked":["<span class=\"advgb-post-tax-term\">Editorial<\/span>"]}},"comment_count":0,"relative_dates":{"created":"Posted 3 years ago","modified":"Updated 3 years ago"},"absolute_dates":{"created":"Posted on November 20, 2023","modified":"Updated on November 20, 2023"},"absolute_dates_time":{"created":"Posted on November 20, 2023 2:08 pm","modified":"Updated on November 20, 2023 2:20 pm"},"featured_img_caption":"","series_order":null,"_links":{"self":[{"href":"https:\/\/koff.swisspeace.ch\/apropos\/wp-json\/wp\/v2\/posts\/2983"}],"collection":[{"href":"https:\/\/koff.swisspeace.ch\/apropos\/wp-json\/wp\/v2\/posts"}],"about":[{"href":"https:\/\/koff.swisspeace.ch\/apropos\/wp-json\/wp\/v2\/types\/post"}],"author":[{"embeddable":true,"href":"https:\/\/koff.swisspeace.ch\/apropos\/wp-json\/wp\/v2\/users\/3"}],"replies":[{"embeddable":true,"href":"https:\/\/koff.swisspeace.ch\/apropos\/wp-json\/wp\/v2\/comments?post=2983"}],"version-history":[{"count":10,"href":"https:\/\/koff.swisspeace.ch\/apropos\/wp-json\/wp\/v2\/posts\/2983\/revisions"}],"predecessor-version":[{"id":3101,"href":"https:\/\/koff.swisspeace.ch\/apropos\/wp-json\/wp\/v2\/posts\/2983\/revisions\/3101"}],"wp:attachment":[{"href":"https:\/\/koff.swisspeace.ch\/apropos\/wp-json\/wp\/v2\/media?parent=2983"}],"wp:term":[{"taxonomy":"category","embeddable":true,"href":"https:\/\/koff.swisspeace.ch\/apropos\/wp-json\/wp\/v2\/categories?post=2983"},{"taxonomy":"post_tag","embeddable":true,"href":"https:\/\/koff.swisspeace.ch\/apropos\/wp-json\/wp\/v2\/tags?post=2983"},{"taxonomy":"issue","embeddable":true,"href":"https:\/\/koff.swisspeace.ch\/apropos\/wp-json\/wp\/v2\/issue?post=2983"}],"curies":[{"name":"wp","href":"https:\/\/api.w.org\/{rel}","templated":true}]}}