{"id":3237,"date":"2024-03-25T15:25:31","date_gmt":"2024-03-25T15:25:31","guid":{"rendered":"https:\/\/koff.swisspeace.ch\/apropos\/?p=3237"},"modified":"2025-05-19T13:11:35","modified_gmt":"2025-05-19T13:11:35","slug":"de-la-tour-divoire-aux-feux-des-projecteurs","status":"publish","type":"post","link":"https:\/\/koff.swisspeace.ch\/apropos\/3237\/de-la-tour-divoire-aux-feux-des-projecteurs\/","title":{"rendered":"De la tour d&#8217;ivoire aux feux des projecteurs"},"content":{"rendered":"\n<p><\/p>\n\n\n\n<p>La r\u00e9cente intensification des conflits en Ukraine et en Isra\u00ebl\/Palestine a plac\u00e9 la guerre sous les projecteurs m\u00e9diatiques. En Suisse, cette attention croissante a entrain\u00e9 une pression accrue sur les organisations de la soci\u00e9t\u00e9 civile pour la prise de position dans les m\u00e9dias (et sur les r\u00e9seaux sociaux)&nbsp;; l&#8217;avalanche d&#8217;informations a m\u00eame submerg\u00e9 les expert\u00b7e\u00b7s. En d\u00e9but d&#8217;ann\u00e9e, un incident a illustr\u00e9 comment la polarisation croissante peut conduire \u00e0 des malentendus, \u00e0 l&#8217;\u00e9motionnalisation et \u00e0 la d\u00e9sinformation, mettant m\u00eame en p\u00e9ril l&#8217;existence d\u2019organisations de la soci\u00e9t\u00e9 civile.<\/p>\n\n\n\n<p>Dans les zones de conflits, il est essentiel de dissocier les jugements moraux des analyses, de remettre en question les r\u00e9cits de diff\u00e9rentes parties (impliqu\u00e9es) et, par souci de sensibilit\u00e9 au conflit, de toujours inclure diff\u00e9rentes perspectives. Un d\u00e9fi particulier se pose lorsque ces activit\u00e9s sont soudainement politis\u00e9es dans un tout autre contexte &#8211; loin des champs de bataille, dans l&#8217;idyllique Liestal.<\/p>\n\n\n\n<p>L&#8217;ann\u00e9e derni\u00e8re, le canton de B\u00e2le-Campagne avait envisag\u00e9 d\u2019accorder un soutien financier annuel \u00e0 swisspeace, \u00e0 la suite de l&#8217;adoption d&#8217;une motion en ce sens, sign\u00e9e par plusieurs partis, par une forte majorit\u00e9 du parlement. Cependant, lors du d\u00e9bat sur le budget, l&#8217;un des co-initiateurs a fait volte-face de mani\u00e8re surprenante et le Parlement l&#8217;a suivi dans un vote serr\u00e9, entra\u00eenant ainsi le rejet de la subvention. Ce revirement \u00e9tait fond\u00e9 sur des d\u00e9clarations faites par notre directeur lors de ses interventions m\u00e9diatiques en tant qu&#8217;expert invit\u00e9 \u00e0 s\u2019exprimer sur le conflit au Proche-Orient. Ces d\u00e9clarations s\u2019appuyaient sur une \u00e9valuation analytique d\u2019un universitaire sp\u00e9cialis\u00e9 dans la recherche sur la paix et les conflits depuis des d\u00e9cennies.<\/p>\n\n\n\n<p>Il est inqui\u00e9tant de constater que le rejet de ce projet de soutien n\u2019\u00e9tait bas\u00e9 que sur les d\u00e9clarations publiques d&#8217;une personne concernant un conflit sp\u00e9cifique, sans tenir compte de la qualit\u00e9 g\u00e9n\u00e9rale de la recherche et du travail de swisspeace dans son ensemble. Le proc\u00e8s-verbal de la s\u00e9ance du parlement en question, accessible au public, a certes soulign\u00e9 de mani\u00e8re positive le travail \u00e9tendu de swisspeace sur d&#8217;autres contextes affect\u00e9s par les conflits. Malgr\u00e9 cela, une discussion diff\u00e9renci\u00e9e n&#8217;a manifestement pas \u00e9t\u00e9 possible. La recherche ne devrait-elle pas \u00eatre un lieu de th\u00e8se et d&#8217;antith\u00e8se, dans lequel les id\u00e9es controvers\u00e9es sont analys\u00e9es et discut\u00e9es ind\u00e9pendamment des convictions personnelles ? Les institutions financ\u00e9es en partie par des fonds publics doivent-elles s&#8217;autocensurer pour survivre ?<\/p>\n\n\n\n<p>Nous assistons actuellement \u00e0 des d\u00e9bats tr\u00e8s charg\u00e9s \u00e9motionnellement, dans lesquels des d\u00e9clarations soutenues par la science sont politis\u00e9es et utilis\u00e9es \u00e0 des fins personnelles. Cela suscite un cynisme chez le public local et soul\u00e8ve de nombreuses questions sur l&#8217;\u00e9thique de la r\u00e9ception des contenus m\u00e9diatiques.<\/p>\n\n\n\n<p>En p\u00e9riode d\u2019instabilit\u00e9 politique, les partenariats strat\u00e9giques \u00e0 long terme sont vitaux pour les acteurs de la soci\u00e9t\u00e9 civile car sans base solide, ils risquent rapidement de vaciller. Pour swisspeace, les relations de confiance au niveau f\u00e9d\u00e9ral et cantonal ainsi qu&#8217;avec l&#8217;Universit\u00e9 de B\u00e2le se sont une fois de plus av\u00e9r\u00e9es \u00eatre tr\u00e8s pr\u00e9cieuses. N\u00e9anmoins, il a fallu une certaine habilet\u00e9 strat\u00e9gique, des ressources suppl\u00e9mentaires et un esprit combatif personnel pour ne pas se reconfiner dans la tour d&#8217;ivoire face \u00e0 la temp\u00eate m\u00e9diatique, mais plut\u00f4t rechercher le dialogue et ramener le discours \u00e0 un niveau factuel et analytique. \u00c0 cette fin, les outils de communication sont essentiels. La construction d\u2019une paix durable n\u00e9cessite un soutien provenant de multiples horizons et \u00e0 divers niveaux.<\/p>\n","protected":false},"excerpt":{"rendered":"<p>La r\u00e9cente intensification des conflits en Ukraine et en Isra\u00ebl\/Palestine a plac\u00e9 la guerre sous les projecteurs m\u00e9diatiques. En Suisse, cette attention croissante a entrain\u00e9 une pression accrue sur les organisations de la soci\u00e9t\u00e9 civile pour la prise de position dans les m\u00e9dias (et sur les r\u00e9seaux sociaux)&nbsp;; l&#8217;avalanche d&#8217;informations a m\u00eame submerg\u00e9 les expert\u00b7e\u00b7s. <a href=\"https:\/\/koff.swisspeace.ch\/apropos\/3237\/de-la-tour-divoire-aux-feux-des-projecteurs\/\" class=\"more-link\">&#8230;<span class=\"screen-reader-text\">  De la tour d&#8217;ivoire aux feux des projecteurs<\/span><\/a><\/p>\n","protected":false},"author":3,"featured_media":5378,"comment_status":"closed","ping_status":"closed","sticky":false,"template":"","format":"standard","meta":{"advgb_blocks_editor_width":"","advgb_blocks_columns_visual_guide":""},"categories":[113],"tags":[],"issue":[264],"acf":[],"author_meta":{"display_name":"\u00e0 propos","author_link":"https:\/\/koff.swisspeace.ch\/apropos\/author\/apropos\/"},"featured_img":"https:\/\/koff.swisspeace.ch\/apropos\/wp-content\/uploads\/2024\/03\/184swisspeace-600x332.jpg","coauthors":[],"tax_additional":{"categories":{"linked":["<a href=\"https:\/\/koff.swisspeace.ch\/apropos\/category\/reports-fr\/\" class=\"advgb-post-tax-term\">Dossier<\/a>"],"unlinked":["<span class=\"advgb-post-tax-term\">Dossier<\/span>"]}},"comment_count":0,"relative_dates":{"created":"Posted 2 years ago","modified":"Updated 1 year ago"},"absolute_dates":{"created":"Posted on March 25, 2024","modified":"Updated on May 19, 2025"},"absolute_dates_time":{"created":"Posted on March 25, 2024 3:25 pm","modified":"Updated on May 19, 2025 1:11 pm"},"featured_img_caption":"","series_order":null,"_links":{"self":[{"href":"https:\/\/koff.swisspeace.ch\/apropos\/wp-json\/wp\/v2\/posts\/3237"}],"collection":[{"href":"https:\/\/koff.swisspeace.ch\/apropos\/wp-json\/wp\/v2\/posts"}],"about":[{"href":"https:\/\/koff.swisspeace.ch\/apropos\/wp-json\/wp\/v2\/types\/post"}],"author":[{"embeddable":true,"href":"https:\/\/koff.swisspeace.ch\/apropos\/wp-json\/wp\/v2\/users\/3"}],"replies":[{"embeddable":true,"href":"https:\/\/koff.swisspeace.ch\/apropos\/wp-json\/wp\/v2\/comments?post=3237"}],"version-history":[{"count":9,"href":"https:\/\/koff.swisspeace.ch\/apropos\/wp-json\/wp\/v2\/posts\/3237\/revisions"}],"predecessor-version":[{"id":5380,"href":"https:\/\/koff.swisspeace.ch\/apropos\/wp-json\/wp\/v2\/posts\/3237\/revisions\/5380"}],"wp:featuredmedia":[{"embeddable":true,"href":"https:\/\/koff.swisspeace.ch\/apropos\/wp-json\/wp\/v2\/media\/5378"}],"wp:attachment":[{"href":"https:\/\/koff.swisspeace.ch\/apropos\/wp-json\/wp\/v2\/media?parent=3237"}],"wp:term":[{"taxonomy":"category","embeddable":true,"href":"https:\/\/koff.swisspeace.ch\/apropos\/wp-json\/wp\/v2\/categories?post=3237"},{"taxonomy":"post_tag","embeddable":true,"href":"https:\/\/koff.swisspeace.ch\/apropos\/wp-json\/wp\/v2\/tags?post=3237"},{"taxonomy":"issue","embeddable":true,"href":"https:\/\/koff.swisspeace.ch\/apropos\/wp-json\/wp\/v2\/issue?post=3237"}],"curies":[{"name":"wp","href":"https:\/\/api.w.org\/{rel}","templated":true}]}}