{"id":3282,"date":"2024-03-25T15:25:31","date_gmt":"2024-03-25T15:25:31","guid":{"rendered":"https:\/\/koff.swisspeace.ch\/apropos\/?p=3282"},"modified":"2024-03-25T15:25:31","modified_gmt":"2024-03-25T15:25:31","slug":"comprendre-les-processus-de-paix-les-recits-doivent-etre-racontes-sous-un-angle-feministe","status":"publish","type":"post","link":"https:\/\/koff.swisspeace.ch\/apropos\/3282\/comprendre-les-processus-de-paix-les-recits-doivent-etre-racontes-sous-un-angle-feministe\/","title":{"rendered":"Comprendre les processus de paix \u2013 les r\u00e9cits doivent \u00eatre racont\u00e9s sous un angle f\u00e9ministe"},"content":{"rendered":"\n<p>Quelles images le mot \u00ab processus de paix \u00bb vous \u00e9voque-t-il? Vous imaginez une grande salle? Des hommes qui n\u00e9gocient pendant des ann\u00e9es? Et le bouquet final: une c\u00e9r\u00e9monie au cours de laquelle les parties au conflit signent un accord et une photo de la poign\u00e9e de main qui fait le tour du monde? Passer de villes bombard\u00e9es \u00e0 une soci\u00e9t\u00e9 pacifique en une poign\u00e9e de main et quelques dizaines de pages de papier: une illusion? La fin d\u2019une guerre apporte rarement la paix. Pourquoi continue-t-on \u00e0 v\u00e9hiculer cette id\u00e9e?<\/p>\n\n\n\n<p>Depuis 2000, la r\u00e9solution 1325 de l\u2019ONU exige une plus grande participation des femmes aux processus de paix, et plusieurs \u00e9tudes<sup>1<\/sup> d\u00e9montrent les effets b\u00e9n\u00e9fiques de leur participation. Le fait est que les femmes travaillent quotidiennement \u00e0 la construction d\u2019une paix durable. Pour donner plus de visibilit\u00e9 \u00e0 leur travail, il faut \u00e9largir la compr\u00e9hension des processus de paix et mieux communiquer sur le sujet.<br>PeaceWomen Across the Globe (PWAG) a remis en question l\u2019image habituellement v\u00e9hicul\u00e9e, l\u2019a d\u00e9construite et a mis en lumi\u00e8re l\u2019influence des femmes. Ce travail a donn\u00e9 naissance \u00e0 un outil graphique (ci-dessous) qui, d\u2019une part, repr\u00e9sente les diff\u00e9rentes \u00e9tapes d\u2019un \u00e9ventuel processus de paix et, d\u2019autre part, met l\u2019accent sur les r\u00f4les et l\u2019influence des femmes pour faire avancer ce processus ou \u00e9viter qu\u2019il ne recule. Cet instrument n\u2019est pas con\u00e7u comme un mod\u00e8le th\u00e9orique universellement applicable. Il a pour but de questionner et d\u2019alimenter les discussions analytiques et d\u2019inciter \u00e0 enrichir les r\u00e9cits habituels par des visions f\u00e9ministes.<\/p>\n\n\n\n<p><\/p>\n\n\n<div class=\"wp-block-image\">\n<figure class=\"alignright size-large is-resized\"><img decoding=\"async\" src=\"https:\/\/koff.swisspeace.ch\/apropos\/wp-content\/uploads\/2024\/03\/WB-Grafik-3-1024x566.jpg\" alt=\"\" class=\"wp-image-3288\" width=\"754\" height=\"417\" srcset=\"https:\/\/koff.swisspeace.ch\/apropos\/wp-content\/uploads\/2024\/03\/WB-Grafik-3-1024x566.jpg 1024w, https:\/\/koff.swisspeace.ch\/apropos\/wp-content\/uploads\/2024\/03\/WB-Grafik-3-600x332.jpg 600w, https:\/\/koff.swisspeace.ch\/apropos\/wp-content\/uploads\/2024\/03\/WB-Grafik-3.jpg 2000w\" sizes=\"(max-width: 754px) 100vw, 754px\" \/><\/figure><\/div>\n\n\n<p><\/p>\n\n\n\n<p><\/p>\n\n\n\n<p><\/p>\n\n\n\n<p><\/p>\n\n\n\n<p>La repr\u00e9sentation graphique vise \u00e0 mettre en \u00e9vidence la complexit\u00e9 des processus de paix. Elle permet ainsi de mieux communiquer, par exemple, la pertinence de la r\u00e9conciliation et du traitement du pass\u00e9 dans le cadre de la pr\u00e9vention des conflits futurs ou l\u2019importance de la cr\u00e9ation d\u2019intentions de paix pendant un conflit arm\u00e9.<\/p>\n\n\n\n<p>Chaque \u00e9tape illustr\u00e9e du processus permet ainsi d\u2019associer le travail pour la paix \u00e0 des visions f\u00e9ministes. Par exemple, la demande de nos partenaires en Ukraine d\u2019investir dans la transformation sociale, la sant\u00e9, l\u2019\u00e9ducation et l\u2019ind\u00e9pendance \u00e9conomique dans le cadre des efforts de paix.<br>Pour int\u00e9grer de mani\u00e8re cr\u00e9dible les activit\u00e9s de paix men\u00e9es par des femmes, il faut davantage mettre en avant les r\u00e9cits f\u00e9ministes. Pour cela, la soci\u00e9t\u00e9 civile, les m\u00e9dias et les institutions publiques doivent s\u2019engager \u00e0 communiquer de mani\u00e8re plus diff\u00e9renci\u00e9e sur les processus de paix. Afin que l\u2019image de la poign\u00e9e de main masculine puisse \u00eatre remplac\u00e9e par celle de la pr\u00e9vention et de la transformation des conflits au quotidien, actions principalement r\u00e9alis\u00e9es par des femmes.<\/p>\n\n\n\n<p><\/p>\n\n\n\n<p><sup>[1] \u00c0 titre d\u2019exemple on peut citer: Thania Paffenholz, Nick Ross, Steven Dixon, Anna-Lena Schluchter and Jacqui True, &#8220;Making Women Count &#8211; Not Just Counting Women: Assessing Women\u2019s Inclusion and Influence on Peace Negotiations, &#8220;Geneva: Inclusive Peace and Transition Initiative (The Graduate Institute of International and Development Studies)&#8221;, UN Women, avril 2016.<\/sup><\/p>\n\n\n\n<p><\/p>\n","protected":false},"excerpt":{"rendered":"<p>Quelles images le mot \u00ab processus de paix \u00bb vous \u00e9voque-t-il? Vous imaginez une grande salle? Des hommes qui n\u00e9gocient pendant des ann\u00e9es? Et le bouquet final: une c\u00e9r\u00e9monie au cours de laquelle les parties au conflit signent un accord et une photo de la poign\u00e9e de main qui fait le tour du monde? Passer <a href=\"https:\/\/koff.swisspeace.ch\/apropos\/3282\/comprendre-les-processus-de-paix-les-recits-doivent-etre-racontes-sous-un-angle-feministe\/\" class=\"more-link\">&#8230;<span class=\"screen-reader-text\">  Comprendre les processus de paix \u2013 les r\u00e9cits doivent \u00eatre racont\u00e9s sous un angle f\u00e9ministe<\/span><\/a><\/p>\n","protected":false},"author":3,"featured_media":3249,"comment_status":"closed","ping_status":"closed","sticky":false,"template":"","format":"standard","meta":{"advgb_blocks_editor_width":"","advgb_blocks_columns_visual_guide":""},"categories":[113],"tags":[],"issue":[264],"acf":[],"author_meta":{"display_name":"\u00e0 propos","author_link":"https:\/\/koff.swisspeace.ch\/apropos\/author\/apropos\/"},"featured_img":"https:\/\/koff.swisspeace.ch\/apropos\/wp-content\/uploads\/2024\/03\/WB184_Frieda-600x332.jpg","coauthors":[],"tax_additional":{"categories":{"linked":["<a href=\"https:\/\/koff.swisspeace.ch\/apropos\/category\/reports-fr\/\" class=\"advgb-post-tax-term\">Dossier<\/a>"],"unlinked":["<span class=\"advgb-post-tax-term\">Dossier<\/span>"]}},"comment_count":0,"relative_dates":{"created":"Posted 2 years ago","modified":"Updated 2 years ago"},"absolute_dates":{"created":"Posted on March 25, 2024","modified":"Updated on March 25, 2024"},"absolute_dates_time":{"created":"Posted on March 25, 2024 3:25 pm","modified":"Updated on March 25, 2024 3:25 pm"},"featured_img_caption":"","series_order":null,"_links":{"self":[{"href":"https:\/\/koff.swisspeace.ch\/apropos\/wp-json\/wp\/v2\/posts\/3282"}],"collection":[{"href":"https:\/\/koff.swisspeace.ch\/apropos\/wp-json\/wp\/v2\/posts"}],"about":[{"href":"https:\/\/koff.swisspeace.ch\/apropos\/wp-json\/wp\/v2\/types\/post"}],"author":[{"embeddable":true,"href":"https:\/\/koff.swisspeace.ch\/apropos\/wp-json\/wp\/v2\/users\/3"}],"replies":[{"embeddable":true,"href":"https:\/\/koff.swisspeace.ch\/apropos\/wp-json\/wp\/v2\/comments?post=3282"}],"version-history":[{"count":12,"href":"https:\/\/koff.swisspeace.ch\/apropos\/wp-json\/wp\/v2\/posts\/3282\/revisions"}],"predecessor-version":[{"id":3452,"href":"https:\/\/koff.swisspeace.ch\/apropos\/wp-json\/wp\/v2\/posts\/3282\/revisions\/3452"}],"wp:featuredmedia":[{"embeddable":true,"href":"https:\/\/koff.swisspeace.ch\/apropos\/wp-json\/wp\/v2\/media\/3249"}],"wp:attachment":[{"href":"https:\/\/koff.swisspeace.ch\/apropos\/wp-json\/wp\/v2\/media?parent=3282"}],"wp:term":[{"taxonomy":"category","embeddable":true,"href":"https:\/\/koff.swisspeace.ch\/apropos\/wp-json\/wp\/v2\/categories?post=3282"},{"taxonomy":"post_tag","embeddable":true,"href":"https:\/\/koff.swisspeace.ch\/apropos\/wp-json\/wp\/v2\/tags?post=3282"},{"taxonomy":"issue","embeddable":true,"href":"https:\/\/koff.swisspeace.ch\/apropos\/wp-json\/wp\/v2\/issue?post=3282"}],"curies":[{"name":"wp","href":"https:\/\/api.w.org\/{rel}","templated":true}]}}