{"id":3301,"date":"2024-03-25T15:25:18","date_gmt":"2024-03-25T15:25:18","guid":{"rendered":"https:\/\/koff.swisspeace.ch\/apropos\/?p=3301"},"modified":"2024-03-26T08:36:50","modified_gmt":"2024-03-26T08:36:50","slug":"kommunikationsstrategien-zum-aufbau-einer-friedlichen-gesellschaft","status":"publish","type":"post","link":"https:\/\/koff.swisspeace.ch\/apropos\/3301\/kommunikationsstrategien-zum-aufbau-einer-friedlichen-gesellschaft\/","title":{"rendered":"Kommunikationsstrategien zum Aufbau einer friedlichen Gesellschaft"},"content":{"rendered":"\n<p><strong>Kommunikation ist<\/strong> <strong>ohne Zweifel ein Schl\u00fcsselelement der Friedensf\u00f6rderung.<\/strong> <strong>In Kolumbien setzen viele Organisationen auf Kommunikationsstrategien, um einen Wandel in einem Land herbeizuf\u00fchren, das noch immer nach L\u00f6sungen f\u00fcr den bewaffneten Konflikt und die Gewalt sucht.<\/strong><\/p>\n\n\n\n<p>In Kolumbien nutzen viele Organisationen der Zivilgesellschaft verschiedene Kommunikationskan\u00e4le, um die Bev\u00f6lkerung zu informieren, aufzukl\u00e4ren und ihr eine M\u00f6glichkeit zu geben, sich zu \u00e4ussern. Videos, Plakate, Flugbl\u00e4tter, Brosch\u00fcren, Hefte oder Fotos werden eingesetzt, um aktuelle Informationen zu vermitteln und zu zeigen, was die offiziellen Medien nicht berichten. Ziel ist es, die Bev\u00f6lkerung in die Lage zu versetzen, Gespr\u00e4chspartnerin und somit Akteurin des Wandels und des Friedens zu sein.<\/p>\n\n\n\n<p>Im Departement Huila setzt die Plataforma Sur \u2013 eine Partnerorganisation von Fastenaktion \u2013 verschiedene Kommunikationsstrategien ein. Mit ihrer Arbeit tr\u00e4gt sie so zum Aufbau einer integrativen, produktiven, kritischen, demokratischen und friedlichen Gesellschaft bei. W\u00e4hrend des Wahlkampfs f\u00fcr die Wahlen im Oktober 2023 organisierte die Plataforma Sur zum Beispiel offene Foren, die den politischen \u00dcbergang zu einem umfassenden Frieden in Kolumbien thematisierten. Diese Foren, an denen jeweils politische Beh\u00f6rden und die Zivilgesellschaft teilnahmen, boten den zur Wahl stehenden Kandidierenden die M\u00f6glichkeit, ihre Wahlprogramme vorzustellen, und der Bev\u00f6lkerung, Themen anzusprechen oder Forderungen zu formulieren, z. B. betreffend M\u00fcll und Unsicherheit in den Stadtvierteln, schlechter Wasserqualit\u00e4t oder des Bedarfs an Inputs f\u00fcr produktive Projekte. Diese Diskussionen wurden live in den sozialen Netzwerken \u00fcbertragen, so dass die Bev\u00f6lkerung, die nicht vor Ort war, mith\u00f6ren konnte, was die Beh\u00f6rden vorschlugen und was die teilnehmende Zivilgesellschaft einforderte. Auf diese Weise ermutigte die Plataforma Sur die B\u00fcrger:innen zu einer bewussten Stimmabgabe bei der Wahl.<\/p>\n\n\n\n<p>Die Plataforma Sur nutzt soziale Medien wie Facebook, um Beispiele der Koexistenz, gemeinsame Initiativen und n\u00fctzliche Informationen f\u00fcr die b\u00e4uerliche Bev\u00f6lkerung der Region zu verbreiten. Sie erreicht damit viele Menschen, auch in l\u00e4ndlichen Gegenden. So ist zum Beispiel das Landwirtschafts- und Umweltnetzwerk Huila mit 1153 Follower ein von der Plataforma Sur gef\u00f6rderter Prozess, der fast 30 Organisationen zusammenbringt. In diesem Netzwerk werden Informationen geteilt und Kurse oder Veranstaltungen angek\u00fcndigt.<\/p>\n\n\n\n<p>Auch in Schulungen, Workshops und Aktivit\u00e4ten ist Kommunikation der Schl\u00fcssel, und die Plataforma Sur erreicht das n\u00f6tige Einf\u00fchlungsverm\u00f6gen, um eine Atmosph\u00e4re der Mitgestaltung mit der Bev\u00f6lkerung zu schaffen. Die Plataforma Sur ist sich bewusst, dass es notwendig ist, \u00f6ffentlich zu kommunizieren, in den Medien pr\u00e4sent zu sein und Informationen zu verbreiten, um Verhaltensmuster zu \u00e4ndern, Gewalt zu brechen und den Frieden zu f\u00f6rdern. In ihren Videos, Pressemitteilungen und Ver\u00f6ffentlichungen, macht sie darauf aufmerksam, wie wichtig es ist, eine Gesellschaft aufzubauen, die die indigene, afroamerikanische, b\u00e4uerliche und st\u00e4dtische Bev\u00f6lkerung einbezieht, ehemalige K\u00e4mpfer:innen integriert und Respekt f\u00fcr die Vielfalt f\u00f6rdert; eine Gesellschaft, die die Bed\u00fcrfnisse zwischen den Generationen und diejenigen der am st\u00e4rksten Benachteiligten ber\u00fccksichtigt.&nbsp;<\/p>\n","protected":false},"excerpt":{"rendered":"<p>Kommunikation ist ohne Zweifel ein Schl\u00fcsselelement der Friedensf\u00f6rderung. In Kolumbien setzen viele Organisationen auf Kommunikationsstrategien, um einen Wandel in einem Land herbeizuf\u00fchren, das noch immer nach L\u00f6sungen f\u00fcr den bewaffneten Konflikt und die Gewalt sucht. In Kolumbien nutzen viele Organisationen der Zivilgesellschaft verschiedene Kommunikationskan\u00e4le, um die Bev\u00f6lkerung zu informieren, aufzukl\u00e4ren und ihr eine M\u00f6glichkeit zu <a href=\"https:\/\/koff.swisspeace.ch\/apropos\/3301\/kommunikationsstrategien-zum-aufbau-einer-friedlichen-gesellschaft\/\" class=\"more-link\">&#8230;<span class=\"screen-reader-text\">  Kommunikationsstrategien zum Aufbau einer friedlichen Gesellschaft<\/span><\/a><\/p>\n","protected":false},"author":3,"featured_media":3610,"comment_status":"closed","ping_status":"closed","sticky":false,"template":"","format":"standard","meta":{"advgb_blocks_editor_width":"","advgb_blocks_columns_visual_guide":""},"categories":[73],"tags":[],"issue":[262],"acf":[],"author_meta":{"display_name":"\u00e0 propos","author_link":"https:\/\/koff.swisspeace.ch\/apropos\/author\/apropos\/"},"featured_img":"https:\/\/koff.swisspeace.ch\/apropos\/wp-content\/uploads\/2024\/03\/WBFastenaktion184-600x355.png","coauthors":[],"tax_additional":{"categories":{"linked":["<a href=\"https:\/\/koff.swisspeace.ch\/apropos\/category\/reports-de\/\" class=\"advgb-post-tax-term\">Dossier<\/a>"],"unlinked":["<span class=\"advgb-post-tax-term\">Dossier<\/span>"]}},"comment_count":0,"relative_dates":{"created":"Posted 2 years ago","modified":"Updated 2 years ago"},"absolute_dates":{"created":"Posted on March 25, 2024","modified":"Updated on March 26, 2024"},"absolute_dates_time":{"created":"Posted on March 25, 2024 3:25 pm","modified":"Updated on March 26, 2024 8:36 am"},"featured_img_caption":"","series_order":null,"_links":{"self":[{"href":"https:\/\/koff.swisspeace.ch\/apropos\/wp-json\/wp\/v2\/posts\/3301"}],"collection":[{"href":"https:\/\/koff.swisspeace.ch\/apropos\/wp-json\/wp\/v2\/posts"}],"about":[{"href":"https:\/\/koff.swisspeace.ch\/apropos\/wp-json\/wp\/v2\/types\/post"}],"author":[{"embeddable":true,"href":"https:\/\/koff.swisspeace.ch\/apropos\/wp-json\/wp\/v2\/users\/3"}],"replies":[{"embeddable":true,"href":"https:\/\/koff.swisspeace.ch\/apropos\/wp-json\/wp\/v2\/comments?post=3301"}],"version-history":[{"count":12,"href":"https:\/\/koff.swisspeace.ch\/apropos\/wp-json\/wp\/v2\/posts\/3301\/revisions"}],"predecessor-version":[{"id":3673,"href":"https:\/\/koff.swisspeace.ch\/apropos\/wp-json\/wp\/v2\/posts\/3301\/revisions\/3673"}],"wp:featuredmedia":[{"embeddable":true,"href":"https:\/\/koff.swisspeace.ch\/apropos\/wp-json\/wp\/v2\/media\/3610"}],"wp:attachment":[{"href":"https:\/\/koff.swisspeace.ch\/apropos\/wp-json\/wp\/v2\/media?parent=3301"}],"wp:term":[{"taxonomy":"category","embeddable":true,"href":"https:\/\/koff.swisspeace.ch\/apropos\/wp-json\/wp\/v2\/categories?post=3301"},{"taxonomy":"post_tag","embeddable":true,"href":"https:\/\/koff.swisspeace.ch\/apropos\/wp-json\/wp\/v2\/tags?post=3301"},{"taxonomy":"issue","embeddable":true,"href":"https:\/\/koff.swisspeace.ch\/apropos\/wp-json\/wp\/v2\/issue?post=3301"}],"curies":[{"name":"wp","href":"https:\/\/api.w.org\/{rel}","templated":true}]}}