{"id":3303,"date":"2024-03-25T15:25:31","date_gmt":"2024-03-25T15:25:31","guid":{"rendered":"https:\/\/koff.swisspeace.ch\/apropos\/?p=3303"},"modified":"2024-03-26T08:38:17","modified_gmt":"2024-03-26T08:38:17","slug":"strategies-de-communication-pour-construire-une-societe-pacifique","status":"publish","type":"post","link":"https:\/\/koff.swisspeace.ch\/apropos\/3303\/strategies-de-communication-pour-construire-une-societe-pacifique\/","title":{"rendered":"Strat\u00e9gies de communication pour construire une soci\u00e9t\u00e9 pacifique"},"content":{"rendered":"\n<p><\/p>\n\n\n\n<p><strong>La communication est sans aucun doute un \u00e9l\u00e9ment cl\u00e9 de la promotion de la paix. En Colombie, de nombreuses organisations misent sur des strat\u00e9gies de communication pour engendrer un changement dans un pays toujours en qu\u00eate de solutions pour rem\u00e9dier au conflit arm\u00e9 et la violence.<\/strong><\/p>\n\n\n\n<p>En Colombie, les organisations de la soci\u00e9t\u00e9 civile utilisent diff\u00e9rents canaux de communication pour informer, \u00e9duquer et donner \u00e0 la population l&#8217;occasion de s&#8217;exprimer. Elles ont recours aux vid\u00e9os, affiches, tracts, brochures, magazines et photos afin d\u2019informer la population sur l\u2019actualit\u00e9, notamment celle que les m\u00e9dias officiels ne rapportent pas. L&#8217;objectif est de donner \u00e0 la population le r\u00f4le d\u2019interlocutrice et donc d\u2019actrice du changement et de la paix.<\/p>\n\n\n\n<p>Dans le d\u00e9partement de Huila, la Plataforma Sur, une organisation partenaire d&#8217;Action de Car\u00eame, utilise diff\u00e9rentes strat\u00e9gies de communication. Par son travail, elle contribue ainsi \u00e0 la construction d&#8217;une soci\u00e9t\u00e9 inclusive, productive, critique, d\u00e9mocratique et pacifique. Par exemple, pendant la campagne \u00e9lectorale pour les \u00e9lections d&#8217;octobre 2023, la Plataforma Sur a organis\u00e9 des forums ouverts abordant la transition politique vers une paix globale en Colombie. Ces forums, auxquels ont particip\u00e9 des autorit\u00e9s politiques et la soci\u00e9t\u00e9 civile, ont permi aux candidats en lice de pr\u00e9senter leur programme \u00e9lectoral et \u00e0 la population de soulever des questions ou de formuler des demandes&nbsp;; par exemple concernant les d\u00e9chets et l&#8217;ins\u00e9curit\u00e9 dans les quartiers, la mauvaise qualit\u00e9 de l&#8217;eau ou le besoin de directives pour des activit\u00e9s g\u00e9n\u00e9ratrices de revenus. Ces discussions ont \u00e9t\u00e9 diffus\u00e9es en direct sur les r\u00e9seaux sociaux, permettant ainsi \u00e0 la population non pr\u00e9sente lors des forums de prendre connaissance des propositions des autorit\u00e9s et des revendications de la soci\u00e9t\u00e9 civile. De cette mani\u00e8re, la Plataforma Sur a encourag\u00e9 les citoyens et les citoyennes \u00e0 voter en toute conscience lors des \u00e9lections.<\/p>\n\n\n\n<p>La Plataforma Sur utilise \u00e9galement les r\u00e9seaux sociaux tels que Facebook pour diffuser des exemples de coexistence, des initiatives communes et des informations utiles pour la population rurale de la r\u00e9gion. Elle parvient ainsi \u00e0 s\u2019adresser \u00e0 un large public, y compris dans les zones rurales, tel que le R\u00e9seau agricole et environnemental de Huila, avec ses 1153 abonn\u00e9\u00b7es (processus soutenu par la Plataforma Sur, r\u00e9unissant pr\u00e8s de 30 organisations). \u00c0 travers ce r\u00e9seau, elle partage des informations, des cours ou des \u00e9v\u00e9nements.<\/p>\n\n\n\n<p>La communication est \u00e9galement essentielle lors de formations, d&#8217;ateliers et d&#8217;activit\u00e9s, et la Plataforma Sur parvient \u00e0 cr\u00e9er l&#8217;empathie n\u00e9cessaire pour instaurer une atmosph\u00e8re propice \u00e0 la participation de la population. La Plataforma Sur est consciente de la n\u00e9cessit\u00e9 de communiquer publiquement, d&#8217;\u00eatre pr\u00e9sente dans les m\u00e9dias et de diffuser des informations pour contribuer au changement des comportements, briser la violence et promouvoir la paix. Dans ses vid\u00e9os, communiqu\u00e9s de presse et publications, elle met en lumi\u00e8re l&#8217;importance de construire une soci\u00e9t\u00e9 qui inclut la population indig\u00e8ne, afro-descendante, rurale et urbaine, int\u00e8gre les ancien\u00b7nes combattant\u00b7es et promeut le respect de la diversit\u00e9 ; une soci\u00e9t\u00e9 qui prend en compte les besoins interg\u00e9n\u00e9rationnels et ceux des plus d\u00e9favoris\u00e9\u00b7es.<\/p>\n","protected":false},"excerpt":{"rendered":"<p>La communication est sans aucun doute un \u00e9l\u00e9ment cl\u00e9 de la promotion de la paix. En Colombie, de nombreuses organisations misent sur des strat\u00e9gies de communication pour engendrer un changement dans un pays toujours en qu\u00eate de solutions pour rem\u00e9dier au conflit arm\u00e9 et la violence. En Colombie, les organisations de la soci\u00e9t\u00e9 civile utilisent <a href=\"https:\/\/koff.swisspeace.ch\/apropos\/3303\/strategies-de-communication-pour-construire-une-societe-pacifique\/\" class=\"more-link\">&#8230;<span class=\"screen-reader-text\">  Strat\u00e9gies de communication pour construire une soci\u00e9t\u00e9 pacifique<\/span><\/a><\/p>\n","protected":false},"author":3,"featured_media":3610,"comment_status":"closed","ping_status":"closed","sticky":false,"template":"","format":"standard","meta":{"advgb_blocks_editor_width":"","advgb_blocks_columns_visual_guide":""},"categories":[113],"tags":[],"issue":[264],"acf":[],"author_meta":{"display_name":"\u00e0 propos","author_link":"https:\/\/koff.swisspeace.ch\/apropos\/author\/apropos\/"},"featured_img":"https:\/\/koff.swisspeace.ch\/apropos\/wp-content\/uploads\/2024\/03\/WBFastenaktion184-600x355.png","coauthors":[],"tax_additional":{"categories":{"linked":["<a href=\"https:\/\/koff.swisspeace.ch\/apropos\/category\/reports-fr\/\" class=\"advgb-post-tax-term\">Dossier<\/a>"],"unlinked":["<span class=\"advgb-post-tax-term\">Dossier<\/span>"]}},"comment_count":0,"relative_dates":{"created":"Posted 2 years ago","modified":"Updated 2 years ago"},"absolute_dates":{"created":"Posted on March 25, 2024","modified":"Updated on March 26, 2024"},"absolute_dates_time":{"created":"Posted on March 25, 2024 3:25 pm","modified":"Updated on March 26, 2024 8:38 am"},"featured_img_caption":"","series_order":null,"_links":{"self":[{"href":"https:\/\/koff.swisspeace.ch\/apropos\/wp-json\/wp\/v2\/posts\/3303"}],"collection":[{"href":"https:\/\/koff.swisspeace.ch\/apropos\/wp-json\/wp\/v2\/posts"}],"about":[{"href":"https:\/\/koff.swisspeace.ch\/apropos\/wp-json\/wp\/v2\/types\/post"}],"author":[{"embeddable":true,"href":"https:\/\/koff.swisspeace.ch\/apropos\/wp-json\/wp\/v2\/users\/3"}],"replies":[{"embeddable":true,"href":"https:\/\/koff.swisspeace.ch\/apropos\/wp-json\/wp\/v2\/comments?post=3303"}],"version-history":[{"count":12,"href":"https:\/\/koff.swisspeace.ch\/apropos\/wp-json\/wp\/v2\/posts\/3303\/revisions"}],"predecessor-version":[{"id":3675,"href":"https:\/\/koff.swisspeace.ch\/apropos\/wp-json\/wp\/v2\/posts\/3303\/revisions\/3675"}],"wp:featuredmedia":[{"embeddable":true,"href":"https:\/\/koff.swisspeace.ch\/apropos\/wp-json\/wp\/v2\/media\/3610"}],"wp:attachment":[{"href":"https:\/\/koff.swisspeace.ch\/apropos\/wp-json\/wp\/v2\/media?parent=3303"}],"wp:term":[{"taxonomy":"category","embeddable":true,"href":"https:\/\/koff.swisspeace.ch\/apropos\/wp-json\/wp\/v2\/categories?post=3303"},{"taxonomy":"post_tag","embeddable":true,"href":"https:\/\/koff.swisspeace.ch\/apropos\/wp-json\/wp\/v2\/tags?post=3303"},{"taxonomy":"issue","embeddable":true,"href":"https:\/\/koff.swisspeace.ch\/apropos\/wp-json\/wp\/v2\/issue?post=3303"}],"curies":[{"name":"wp","href":"https:\/\/api.w.org\/{rel}","templated":true}]}}