{"id":3314,"date":"2024-03-25T15:25:18","date_gmt":"2024-03-25T15:25:18","guid":{"rendered":"https:\/\/koff.swisspeace.ch\/apropos\/?p=3314"},"modified":"2024-04-25T15:03:20","modified_gmt":"2024-04-25T15:03:20","slug":"slapp-klagen-wachsende-bedrohung-fuer-ngos-und-medienschaffende","status":"publish","type":"post","link":"https:\/\/koff.swisspeace.ch\/apropos\/3314\/slapp-klagen-wachsende-bedrohung-fuer-ngos-und-medienschaffende\/","title":{"rendered":"SLAPP-Klagen: Wachsende Bedrohung f\u00fcr NGOs und Medienschaffende"},"content":{"rendered":"\n<p><\/p>\n\n\n\n<p><strong>Internationale Konzerne und Oligarchen klagen immer \u00f6fter gegen NGOs und Medienschaffende, um kritische Recherchen zu stoppen. SWISSAID ist seit der Ver\u00f6ffentlichung eines Berichts \u00fcber den Goldhandel in Afrika direkt betroffen. Der Rechtsstreit verschlingt viel Zeit und Geld, aber Selbstzensur ist keine Option.<\/strong><\/p>\n\n\n\n<p>Strategische Klagen, welche die \u00f6ffentliche Debatte einschr\u00e4nken, \u00abSLAPP-Klagen\u00bb (\u00abStrategic Lawsuits Against Public Participation\u00bb), zielen darauf ab, die Ver\u00f6ffentlichung von Recherchen zu Menschenrechtsverletzungen, Korruption oder Umweltsch\u00e4den zu verhindern. Oft hat schon die Androhung einer solchen Einsch\u00fcchterungsklage einen Effekt, da sich NGOs oder freischaffende Journalist:innen nicht auf langwierige und teure Prozesse einlassen k\u00f6nnen. Ziel der Kl\u00e4ger:innen ist nicht, im Rechtssystem zu obsiegen, sondern NGOs und ihre Mitarbeiter:innen finanziell und psychisch unter Druck zu setzen und so die Publikation weiterer kritischer Studien zu verhindern.<\/p>\n\n\n\n<p>SWISSAID wurde im Juli 2020 aufgrund einer <a href=\"https:\/\/swissaid.kinsta.cloud\/wp-content\/uploads\/2023\/05\/2020-07-Goldstudie_Key-Findings-Deutsch_v02.pdf\">Studie<\/a> \u00fcber die Goldindustrie von der Tessiner Raffinerie Valcambi angeklagt und befindet sich seit vier Jahren in einem Rechtsstreit.<\/p>\n\n\n\n<p><strong>Verz\u00f6gerung als Ziel<\/strong><\/p>\n\n\n\n<p>Die Studie beleuchtet die Gesch\u00e4ftsbeziehungen verschiedener Firmen im Goldhandel. SWISSAID konnte mittels zahlreicher Belege, Zeugenaussagen und Recherchen darlegen, dass Valcambi in Dubai \u00fcber die Firma Kaloti Gold bezieht. Die Gesch\u00e4ftspraxis von Kaloti \u2013 einer international operierenden und aus den Vereinten Arabischen Emiraten stammenden Firma \u2013 ist in der Branche h\u00f6chst umstritten. So war Kaloti in Skandale mit illegalen Goldlieferungen und Geldw\u00e4scherei verwickelt und wurde deswegen vom Standard \u00abdes bonnes pratiques\u00bb in Dubai ausgeschlossen. Die Studie zeigte zudem, dass Kaloti auch nach diesen Skandalen problematisches Gold bezog, mutmasslich Konfliktgold aus dem Sudan.<\/p>\n\n\n\n<p>Der Termin f\u00fcr die Hauptverhandlung wurde im September 2023 extrem kurzfristig vom Richter abgesetzt: Die Kl\u00e4gerin hatte kurz vor dem Termin eine Eingabe an das Gericht nicht korrekt eingereicht. Sechs Monate sp\u00e4ter steht noch kein neues Verhandlungsdatum fest. Das Verfahren verz\u00f6gert sich weiterhin. Eine typische Taktik der klagenden Parteien, weil damit \u2013 zum Nachteil der finanziell schw\u00e4cheren Partei \u2013 die Verfahrenskosten in die H\u00f6he getrieben werden.<\/p>\n\n\n\n<p><strong>Recht auf Information<\/strong><\/p>\n\n\n\n<p>In der Schweiz sind zahlreiche NGOs von SLAPP-Klagen betroffen: Public Eye und TRIAL International konnten im Februar einen <a href=\"https:\/\/www.publiceye.ch\/de\/mediencorner\/medienmitteilungen\/detail\/keine-verleumdung-berner-gericht-wischt-die-vorwuerfe-der-kolmar-group-ag-vom-tisch\">Etappensieg<\/a> verbuchen: Das Regionalgericht Bern-Mittelland wies eine Strafklage des Zuger Rohstoffh\u00e4ndlers Kolmar ab . Es ist jedoch nur eine von vielen Klagen, resp. Klagedrohungen, die mit Berufung und Zivilklage zudem noch lange nicht ausgestanden ist.<\/p>\n\n\n\n<p>Laut einer <a href=\"https:\/\/www.bmf.ch\/upload\/Kampagnen\/SLAPP\/220505_SLAPP_Faktenblatt_deutsch.pdf\">Umfrage<\/a> (2022) des Hilfswerks der Evangelisch-reformierten Kirche Schweiz (HEKS) sind SLAPP-Klagen in der Schweiz sprunghaft angestiegen. Zwischen 2000 und 2010 wurden nur zwei Klagedrohungen oder Klagen registriert, ab 2010 z\u00e4hlte man 17. Um dieser Entwicklung entgegenzuwirken, wurde 2023 die <em>Schweizer Allianz gegen SLAPP<\/em> gegr\u00fcndet. Die Allianz setzt sich f\u00fcr eine Gesetzgebung ein, die Einsch\u00fcchterungsklagen verhindert, bringt das Thema SLAPP in die \u00d6ffentlichkeit und unterst\u00fctzt betroffene NGOs. \u00abDie Politik muss gegen diesen Rechtsmissbrauch vorgehen. Wir d\u00fcrfen nicht zulassen, dass die \u00f6ffentliche Debatte und die Kritik an zweifelhaften Akteuren durch juristische Man\u00f6ver ausgebremst werden. Diese Art von Maulkorb gef\u00e4hrdet Kontrollmechanismen, die zum guten Funktionieren einer Demokratie geh\u00f6ren\u00bb, sagt Markus Allemann, Gesch\u00e4ftsleiter von SWISSAID.<\/p>\n","protected":false},"excerpt":{"rendered":"<p>Internationale Konzerne und Oligarchen klagen immer \u00f6fter gegen NGOs und Medienschaffende, um kritische Recherchen zu stoppen. SWISSAID ist seit der Ver\u00f6ffentlichung eines Berichts \u00fcber den Goldhandel in Afrika direkt betroffen. Der Rechtsstreit verschlingt viel Zeit und Geld, aber Selbstzensur ist keine Option. Strategische Klagen, welche die \u00f6ffentliche Debatte einschr\u00e4nken, \u00abSLAPP-Klagen\u00bb (\u00abStrategic Lawsuits Against Public Participation\u00bb), <a href=\"https:\/\/koff.swisspeace.ch\/apropos\/3314\/slapp-klagen-wachsende-bedrohung-fuer-ngos-und-medienschaffende\/\" class=\"more-link\">&#8230;<span class=\"screen-reader-text\">  SLAPP-Klagen: Wachsende Bedrohung f\u00fcr NGOs und Medienschaffende<\/span><\/a><\/p>\n","protected":false},"author":3,"featured_media":3608,"comment_status":"closed","ping_status":"closed","sticky":false,"template":"","format":"standard","meta":{"advgb_blocks_editor_width":"","advgb_blocks_columns_visual_guide":""},"categories":[73],"tags":[],"issue":[262],"acf":[],"author_meta":{"display_name":"\u00e0 propos","author_link":"https:\/\/koff.swisspeace.ch\/apropos\/author\/apropos\/"},"featured_img":"https:\/\/koff.swisspeace.ch\/apropos\/wp-content\/uploads\/2024\/03\/karin-schep-DhlZxwza9bg-unsplash-600x341.png","coauthors":[],"tax_additional":{"categories":{"linked":["<a href=\"https:\/\/koff.swisspeace.ch\/apropos\/category\/reports-de\/\" class=\"advgb-post-tax-term\">Dossier<\/a>"],"unlinked":["<span class=\"advgb-post-tax-term\">Dossier<\/span>"]}},"comment_count":0,"relative_dates":{"created":"Posted 2 years ago","modified":"Updated 2 years ago"},"absolute_dates":{"created":"Posted on March 25, 2024","modified":"Updated on April 25, 2024"},"absolute_dates_time":{"created":"Posted on March 25, 2024 3:25 pm","modified":"Updated on April 25, 2024 3:03 pm"},"featured_img_caption":"","series_order":null,"_links":{"self":[{"href":"https:\/\/koff.swisspeace.ch\/apropos\/wp-json\/wp\/v2\/posts\/3314"}],"collection":[{"href":"https:\/\/koff.swisspeace.ch\/apropos\/wp-json\/wp\/v2\/posts"}],"about":[{"href":"https:\/\/koff.swisspeace.ch\/apropos\/wp-json\/wp\/v2\/types\/post"}],"author":[{"embeddable":true,"href":"https:\/\/koff.swisspeace.ch\/apropos\/wp-json\/wp\/v2\/users\/3"}],"replies":[{"embeddable":true,"href":"https:\/\/koff.swisspeace.ch\/apropos\/wp-json\/wp\/v2\/comments?post=3314"}],"version-history":[{"count":7,"href":"https:\/\/koff.swisspeace.ch\/apropos\/wp-json\/wp\/v2\/posts\/3314\/revisions"}],"predecessor-version":[{"id":3696,"href":"https:\/\/koff.swisspeace.ch\/apropos\/wp-json\/wp\/v2\/posts\/3314\/revisions\/3696"}],"wp:featuredmedia":[{"embeddable":true,"href":"https:\/\/koff.swisspeace.ch\/apropos\/wp-json\/wp\/v2\/media\/3608"}],"wp:attachment":[{"href":"https:\/\/koff.swisspeace.ch\/apropos\/wp-json\/wp\/v2\/media?parent=3314"}],"wp:term":[{"taxonomy":"category","embeddable":true,"href":"https:\/\/koff.swisspeace.ch\/apropos\/wp-json\/wp\/v2\/categories?post=3314"},{"taxonomy":"post_tag","embeddable":true,"href":"https:\/\/koff.swisspeace.ch\/apropos\/wp-json\/wp\/v2\/tags?post=3314"},{"taxonomy":"issue","embeddable":true,"href":"https:\/\/koff.swisspeace.ch\/apropos\/wp-json\/wp\/v2\/issue?post=3314"}],"curies":[{"name":"wp","href":"https:\/\/api.w.org\/{rel}","templated":true}]}}