{"id":3327,"date":"2024-03-25T15:25:18","date_gmt":"2024-03-25T15:25:18","guid":{"rendered":"https:\/\/koff.swisspeace.ch\/apropos\/?p=3327"},"modified":"2024-03-26T08:27:24","modified_gmt":"2024-03-26T08:27:24","slug":"neue-formen-der-geschlechtsspezifischen-gewalt-im-digitalen-raum","status":"publish","type":"post","link":"https:\/\/koff.swisspeace.ch\/apropos\/3327\/neue-formen-der-geschlechtsspezifischen-gewalt-im-digitalen-raum\/","title":{"rendered":"Neue Formen der geschlechtsspezifischen Gewalt im digitalen Raum"},"content":{"rendered":"\n<p><br>Es ist an sich nichts Neues: Die Geschichte zeigt uns, dass Bem\u00fchungen, die Ungleichheit zwischen den Geschlechtern zu \u00fcberwinden und die Gewalt an Frauen zu beenden, in der Regel auf individuellen und kollektiven, formellen und informellen Widerstand stossen. Widerstand oder \u00abBacklash\u00bb gegen fortschrittlichen feministischen sozialen Wandel ist ein wiederkehrendes Merkmal einer patriarchalischen Ordnung. Sobald Muster der Ungleichheit und Ungerechtigkeit in dieser Ordnung in Frage gestellt werden, leisten Einzelne und Gruppe, besonders die, die von dieser Ordnung profitieren, Widerstand. Auf Grund der Digitalisierung und der heutigen Kommunikationsmittel wie den sozialen Netzwerken ist es umso leichter, diesen Widerstand und die Misogynie zum Ausdruck zu bringen.<\/p>\n\n\n\n<p>In Tirana, Albanien beging Anfang M\u00e4rz eine Frau Suizid, nachdem ihr Ex-Freund, ein TikTok-Influencer, sie erpresste und freiz\u00fcgige Fotos von ihr auf den sozialen Medien ver\u00f6ffentlichte. Der Mann, der die Fotos ver\u00f6ffentlichte, wurde verhaftet und vom Gericht in Tirana wegen \u00abAnstiftung zum Mord\u00bb angeklagt.<\/p>\n\n\n\n<p>Es ist bereits der zweite Suizid einer Frau in diesem noch eher jungen Jahr, der auf die Ver\u00f6ffentlichung intimer privater Fotos in den sozialen Medien zur\u00fcckzuf\u00fchren ist. Anita Lushi, Koordinatorin des Albanian Women&#8217;s Empowerment Network (AWEN), meinte in einem Interview gegen\u00fcber Euronews Next \u00abDer digitale bildbasierte Missbrauch hat einen H\u00f6hepunkt erreicht, an dem wir es nicht mehr aushalten k\u00f6nnen\u00bb<sup>1<\/sup> Lushi sagt im selben Interview ausserdem, diese Art des Missbrauchs sei eine wachsende Form der geschlechtsspezifischen Gewalt, die von allen Regierungsebenen angegangen werden m\u00fcsse.<\/p>\n\n\n\n<p>Seit 2016 dient die Beratungsstelle f\u00fcr Frauen und M\u00e4dchen (Counselling Line for Women and Girls, CLWG) als einzige nationale Helpline f\u00fcr Opfer von geschlechtsspezifischer und h\u00e4uslicher Gewalt in Albanien. Das Zentrum wurde 1996 mit dem Ziel gegr\u00fcndet, die Gleichstellung der Geschlechter zu f\u00f6rdern, die Menschenrechte von Frauen zu bekr\u00e4ftigen und zu sch\u00fctzen, Frauen, die h\u00e4usliche und geschlechtsspezifische Gewalt erfahren haben, und ihre Familien zu unterst\u00fctzen und sich f\u00fcr die Bildung und wirtschaftliche St\u00e4rkung von Frauen und ihren Kindern einzusetzen. 2022 nahm die Nationale Helpline 3620 Anrufe entgegen, mehr als 1000 Frauen und M\u00e4dchen wurden durch die pers\u00f6nlichen und Online- Beratungsgespr\u00e4che der CLWG f\u00fcr \u00dcberlebende von Gewalt unterst\u00fctzt. Die Regierung finanziert etwa 25 % der Kosten der Beratungsstelle. IAMANEH ist eine der Geber:innen, die mit Beitr\u00e4gen die Finanzierungsl\u00fccke dieses Dienstes schliessen konnte. In der aktuellen Projektphase, die sich f\u00fcr mehr Sicherheit f\u00fcr Frauen im digitalen Raum einsetzt<sup>2<\/sup>, ist es besonders wichtig, die Nachhaltigkeit des Dienstleisters zu st\u00e4rken.<\/p>\n\n\n\n<p>Verstehen zu wollen, was Gewalt ist, oder wie sie ausge\u00fcbt wird, bedeutet immer, sie in ihrem kulturellen und historischen Kontext einzubetten und anzuerkennen, dass sie fliessend ist und sich in ihren Formen und \u00fcber die Jahre ver\u00e4ndern kann. Die neuen Formen von geschlechtsspezifischer Gewalt in digitalen R\u00e4umen zeigen die Notwendigkeit, Gewalt auf digitalen Plattformen als ein vielschichtiges, fliessendes, sich \u00fcberschneidendes und miteinander verbundenes Ph\u00e4nomen zu betrachten. Es braucht nicht nur Zivilcourage, sondern auch mehr Forschung, die die Komplexit\u00e4t von Gewalt in sozialen Medien erkennt und angeht. Es ist einer von vielen Schritten, die zum Aufbau von Friedenskulturen in und ausserhalb der digitalen Welt erforderlich sind.<\/p>\n\n\n\n<p><\/p>\n\n\n\n<p>[1] <a rel=\"noreferrer noopener\" href=\"https:\/\/www.euronews.com\/next\/2024\/02\/26\/a-matter-of-national-security-albanian-group-wants-government-to-ban-cybercrimes-against-w\" target=\"_blank\">A matter of national security\u2019: Albanian group wants government to ban cybercrimes against women<\/a><\/p>\n\n\n\n<p>[2] <a rel=\"noreferrer noopener\" href=\"https:\/\/www.iamaneh.ch\/de\/projekte\/albanien\/clwg-hotline.html\" target=\"_blank\">Sicherheit f\u00fcr Frauen und M\u00e4dchen im digitalen Raum<\/a> <\/p>\n","protected":false},"excerpt":{"rendered":"<p>Es ist an sich nichts Neues: Die Geschichte zeigt uns, dass Bem\u00fchungen, die Ungleichheit zwischen den Geschlechtern zu \u00fcberwinden und die Gewalt an Frauen zu beenden, in der Regel auf individuellen und kollektiven, formellen und informellen Widerstand stossen. Widerstand oder \u00abBacklash\u00bb gegen fortschrittlichen feministischen sozialen Wandel ist ein wiederkehrendes Merkmal einer patriarchalischen Ordnung. Sobald Muster <a href=\"https:\/\/koff.swisspeace.ch\/apropos\/3327\/neue-formen-der-geschlechtsspezifischen-gewalt-im-digitalen-raum\/\" class=\"more-link\">&#8230;<span class=\"screen-reader-text\">  Neue Formen der geschlechtsspezifischen Gewalt im digitalen Raum<\/span><\/a><\/p>\n","protected":false},"author":3,"featured_media":3325,"comment_status":"closed","ping_status":"closed","sticky":false,"template":"","format":"standard","meta":{"advgb_blocks_editor_width":"","advgb_blocks_columns_visual_guide":""},"categories":[73],"tags":[],"issue":[262],"acf":[],"author_meta":{"display_name":"\u00e0 propos","author_link":"https:\/\/koff.swisspeace.ch\/apropos\/author\/apropos\/"},"featured_img":"https:\/\/koff.swisspeace.ch\/apropos\/wp-content\/uploads\/2024\/03\/WB184iamaneh-600x331.jpg","coauthors":[],"tax_additional":{"categories":{"linked":["<a href=\"https:\/\/koff.swisspeace.ch\/apropos\/category\/reports-de\/\" class=\"advgb-post-tax-term\">Dossier<\/a>"],"unlinked":["<span class=\"advgb-post-tax-term\">Dossier<\/span>"]}},"comment_count":0,"relative_dates":{"created":"Posted 2 years ago","modified":"Updated 2 years ago"},"absolute_dates":{"created":"Posted on March 25, 2024","modified":"Updated on March 26, 2024"},"absolute_dates_time":{"created":"Posted on March 25, 2024 3:25 pm","modified":"Updated on March 26, 2024 8:27 am"},"featured_img_caption":"","series_order":null,"_links":{"self":[{"href":"https:\/\/koff.swisspeace.ch\/apropos\/wp-json\/wp\/v2\/posts\/3327"}],"collection":[{"href":"https:\/\/koff.swisspeace.ch\/apropos\/wp-json\/wp\/v2\/posts"}],"about":[{"href":"https:\/\/koff.swisspeace.ch\/apropos\/wp-json\/wp\/v2\/types\/post"}],"author":[{"embeddable":true,"href":"https:\/\/koff.swisspeace.ch\/apropos\/wp-json\/wp\/v2\/users\/3"}],"replies":[{"embeddable":true,"href":"https:\/\/koff.swisspeace.ch\/apropos\/wp-json\/wp\/v2\/comments?post=3327"}],"version-history":[{"count":7,"href":"https:\/\/koff.swisspeace.ch\/apropos\/wp-json\/wp\/v2\/posts\/3327\/revisions"}],"predecessor-version":[{"id":3662,"href":"https:\/\/koff.swisspeace.ch\/apropos\/wp-json\/wp\/v2\/posts\/3327\/revisions\/3662"}],"wp:featuredmedia":[{"embeddable":true,"href":"https:\/\/koff.swisspeace.ch\/apropos\/wp-json\/wp\/v2\/media\/3325"}],"wp:attachment":[{"href":"https:\/\/koff.swisspeace.ch\/apropos\/wp-json\/wp\/v2\/media?parent=3327"}],"wp:term":[{"taxonomy":"category","embeddable":true,"href":"https:\/\/koff.swisspeace.ch\/apropos\/wp-json\/wp\/v2\/categories?post=3327"},{"taxonomy":"post_tag","embeddable":true,"href":"https:\/\/koff.swisspeace.ch\/apropos\/wp-json\/wp\/v2\/tags?post=3327"},{"taxonomy":"issue","embeddable":true,"href":"https:\/\/koff.swisspeace.ch\/apropos\/wp-json\/wp\/v2\/issue?post=3327"}],"curies":[{"name":"wp","href":"https:\/\/api.w.org\/{rel}","templated":true}]}}