{"id":3333,"date":"2024-03-25T15:25:31","date_gmt":"2024-03-25T15:25:31","guid":{"rendered":"https:\/\/koff.swisspeace.ch\/apropos\/?p=3333"},"modified":"2024-03-26T08:28:10","modified_gmt":"2024-03-26T08:28:10","slug":"nouvelles-formes-de-violence-sexiste-dans-lespace-numerique","status":"publish","type":"post","link":"https:\/\/koff.swisspeace.ch\/apropos\/3333\/nouvelles-formes-de-violence-sexiste-dans-lespace-numerique\/","title":{"rendered":"Nouvelles formes de violence sexiste dans l&#8217;espace num\u00e9rique"},"content":{"rendered":"\n<p>Il n\u2019y a rien de nouveau en cela : l&#8217;histoire d\u00e9montre que les tentatives visant \u00e0 combattre les disparit\u00e9s entre les genres et mettre un terme \u00e0 la violence envers les femmes se heurtent g\u00e9n\u00e9ralement \u00e0 une r\u00e9sistance individuelle et collective, formelle et informelle. Dans un syst\u00e8me patriarcal, la r\u00e9sistance ou le \u00ab backlash \u00bb contre le progr\u00e8s ou le changement social f\u00e9ministe est une caract\u00e9ristique r\u00e9currente. D\u00e8s que les sch\u00e9mas d&#8217;in\u00e9galit\u00e9 et d&#8217;injustice y sont remis en question, des individus et des groupes, en particulier ceux qui en b\u00e9n\u00e9ficient, r\u00e9sistent. Avec la num\u00e9risation et l&#8217;av\u00e8nement des moyens de communication contemporains tels que les r\u00e9seaux sociaux, il leur est d\u2019autant plus facile de manifester cette opposition et cette misogynie.<\/p>\n\n\n\n<p>\u00c0 Tirana (Albanie), une femme s&#8217;est suicid\u00e9e au d\u00e9but du mois de mars apr\u00e8s que son ex-petit ami, un influenceur sur TikTok, l&#8217;a menac\u00e9e et publi\u00e9 des photos suggestives d&#8217;elle sur les r\u00e9seaux sociaux. L&#8217;homme qui a publi\u00e9 les photos a \u00e9t\u00e9 arr\u00eat\u00e9 et inculp\u00e9 par le tribunal de Tirana pour \u00ab incitation au meurtre \u00bb.<\/p>\n\n\n\n<p>En ce d\u00e9but d&#8217;ann\u00e9e, il s&#8217;agit d\u00e9j\u00e0 du deuxi\u00e8me cas de suicide d&#8217;une femme, associ\u00e9 \u00e0 la diffusion de photos intimes priv\u00e9es sur les r\u00e9seaux sociaux. Anita Lushi, coordinatrice du R\u00e9seau d&#8217;autonomisation des femmes albanaises (AWEN), a d\u00e9clar\u00e9 lors d&#8217;une interview pour Euronews Next : \u00ab Les abus li\u00e9s \u00e0 des photos publi\u00e9es en ligne ont atteint un niveau insupportable \u00bb.<sup>1<\/sup> Lushi souligne \u00e9galement dans cette m\u00eame interview que cette forme d&#8217;abus en augmentation constitue une manifestation de violence sexiste qui n\u00e9cessite une action \u00e0 tous les niveaux gouvernementaux.<\/p>\n\n\n\n<p>Depuis 2016, le service de conseil pour les femmes et les filles (Counselling Line for Women and Girls, CLWG) est la seule ligne d&#8217;assistance nationale pour les victimes de violence sexiste et domestique en Albanie. Le centre a \u00e9t\u00e9 fond\u00e9 en 1996 dans le but de promouvoir l&#8217;\u00e9galit\u00e9 des sexes, de renforcer et de prot\u00e9ger les droits des femmes, de soutenir les femmes et les familles victimes de violence domestique et sexiste, et de promouvoir l&#8217;\u00e9ducation et l&#8217;autonomisation \u00e9conomique des femmes et de leurs enfants. En 2022, la ligne d&#8217;assistance nationale a re\u00e7u 3620 appels, et plus de 1000 femmes et filles ont \u00e9t\u00e9 soutenues par les entretiens de conseil personnels et en ligne du CLWG pour les survivantes de violence. Le gouvernement finance environ 25 % des co\u00fbts du service de conseil et l\u2019organisation suisse IAMANEH fait partie des donateurs. Elle a ainsi combl\u00e9 le d\u00e9ficit de financement de ce service. Dans la phase actuelle du projet, qui vise \u00e0 assurer une plus grande s\u00e9curit\u00e9 aux femmes dans l&#8217;espace num\u00e9rique, il est particuli\u00e8rement important de renforcer la durabilit\u00e9 du prestataire de services.<sup>2<\/sup><\/p>\n\n\n\n<p>Vouloir comprendre ce qu&#8217;est la violence ou comment elle s&#8217;exerce, c&#8217;est toujours la replacer dans son contexte culturel et historique et reconna\u00eetre qu&#8217;elle est mouvante et qu&#8217;elle peut \u00e9voluer dans ses formes et au fil des ann\u00e9es. Les nouvelles formes de violence sexiste dans les espaces num\u00e9riques t\u00e9moignent de la n\u00e9cessit\u00e9 de consid\u00e9rer la violence sur les plateformes num\u00e9riques comme un ph\u00e9nom\u00e8ne complexe, fluide, qui se recoupe et s&#8217;interconnecte. Il faut non seulement du courage civique, mais aussi davantage de recherche pour reconna\u00eetre et aborder la complexit\u00e9 de la violence sur les m\u00e9dias sociaux. C&#8217;est l&#8217;une des nombreuses \u00e9tapes n\u00e9cessaires \u00e0 la construction de cultures de paix \u00e0 l\u2019int\u00e9rieur et en dehors du monde num\u00e9rique.<\/p>\n\n\n\n<p><sup>[1] &nbsp;Article en anglais: <a href=\"https:\/\/www.euronews.com\/next\/2024\/02\/26\/a-matter-of-national-security-albanian-group-wants-government-to-ban-cybercrimes-against-w\" target=\"_blank\" rel=\"noreferrer noopener\">Matter of national security&#8217;: Call to act on cyber violence against women after suicides in Albania<\/a><\/sup><\/p>\n\n\n\n<p><sup>[2] <a rel=\"noreferrer noopener\" href=\"https:\/\/www.iamaneh.ch\/fr\/projets\/albanie\/clwg-centre.html\" target=\"_blank\">La s\u00e9curit\u00e9 pour les femmes et les filles dans l\u2019espace num\u00e9rique<\/a>&nbsp;<\/sup><\/p>\n\n\n\n<p><\/p>\n","protected":false},"excerpt":{"rendered":"<p>Il n\u2019y a rien de nouveau en cela : l&#8217;histoire d\u00e9montre que les tentatives visant \u00e0 combattre les disparit\u00e9s entre les genres et mettre un terme \u00e0 la violence envers les femmes se heurtent g\u00e9n\u00e9ralement \u00e0 une r\u00e9sistance individuelle et collective, formelle et informelle. Dans un syst\u00e8me patriarcal, la r\u00e9sistance ou le \u00ab backlash \u00bb <a href=\"https:\/\/koff.swisspeace.ch\/apropos\/3333\/nouvelles-formes-de-violence-sexiste-dans-lespace-numerique\/\" class=\"more-link\">&#8230;<span class=\"screen-reader-text\">  Nouvelles formes de violence sexiste dans l&#8217;espace num\u00e9rique<\/span><\/a><\/p>\n","protected":false},"author":3,"featured_media":3325,"comment_status":"closed","ping_status":"closed","sticky":false,"template":"","format":"standard","meta":{"advgb_blocks_editor_width":"","advgb_blocks_columns_visual_guide":""},"categories":[113],"tags":[],"issue":[264],"acf":[],"author_meta":{"display_name":"\u00e0 propos","author_link":"https:\/\/koff.swisspeace.ch\/apropos\/author\/apropos\/"},"featured_img":"https:\/\/koff.swisspeace.ch\/apropos\/wp-content\/uploads\/2024\/03\/WB184iamaneh-600x331.jpg","coauthors":[],"tax_additional":{"categories":{"linked":["<a href=\"https:\/\/koff.swisspeace.ch\/apropos\/category\/reports-fr\/\" class=\"advgb-post-tax-term\">Dossier<\/a>"],"unlinked":["<span class=\"advgb-post-tax-term\">Dossier<\/span>"]}},"comment_count":0,"relative_dates":{"created":"Posted 2 years ago","modified":"Updated 2 years ago"},"absolute_dates":{"created":"Posted on March 25, 2024","modified":"Updated on March 26, 2024"},"absolute_dates_time":{"created":"Posted on March 25, 2024 3:25 pm","modified":"Updated on March 26, 2024 8:28 am"},"featured_img_caption":"","series_order":null,"_links":{"self":[{"href":"https:\/\/koff.swisspeace.ch\/apropos\/wp-json\/wp\/v2\/posts\/3333"}],"collection":[{"href":"https:\/\/koff.swisspeace.ch\/apropos\/wp-json\/wp\/v2\/posts"}],"about":[{"href":"https:\/\/koff.swisspeace.ch\/apropos\/wp-json\/wp\/v2\/types\/post"}],"author":[{"embeddable":true,"href":"https:\/\/koff.swisspeace.ch\/apropos\/wp-json\/wp\/v2\/users\/3"}],"replies":[{"embeddable":true,"href":"https:\/\/koff.swisspeace.ch\/apropos\/wp-json\/wp\/v2\/comments?post=3333"}],"version-history":[{"count":8,"href":"https:\/\/koff.swisspeace.ch\/apropos\/wp-json\/wp\/v2\/posts\/3333\/revisions"}],"predecessor-version":[{"id":3664,"href":"https:\/\/koff.swisspeace.ch\/apropos\/wp-json\/wp\/v2\/posts\/3333\/revisions\/3664"}],"wp:featuredmedia":[{"embeddable":true,"href":"https:\/\/koff.swisspeace.ch\/apropos\/wp-json\/wp\/v2\/media\/3325"}],"wp:attachment":[{"href":"https:\/\/koff.swisspeace.ch\/apropos\/wp-json\/wp\/v2\/media?parent=3333"}],"wp:term":[{"taxonomy":"category","embeddable":true,"href":"https:\/\/koff.swisspeace.ch\/apropos\/wp-json\/wp\/v2\/categories?post=3333"},{"taxonomy":"post_tag","embeddable":true,"href":"https:\/\/koff.swisspeace.ch\/apropos\/wp-json\/wp\/v2\/tags?post=3333"},{"taxonomy":"issue","embeddable":true,"href":"https:\/\/koff.swisspeace.ch\/apropos\/wp-json\/wp\/v2\/issue?post=3333"}],"curies":[{"name":"wp","href":"https:\/\/api.w.org\/{rel}","templated":true}]}}