{"id":3344,"date":"2024-03-25T15:25:19","date_gmt":"2024-03-25T15:25:19","guid":{"rendered":"https:\/\/koff.swisspeace.ch\/apropos\/?p=3344"},"modified":"2024-03-26T08:33:38","modified_gmt":"2024-03-26T08:33:38","slug":"young-voices-ein-podcast-mit-jungen-stimmen-inspiriert-zum-friedlichen-miteinander","status":"publish","type":"post","link":"https:\/\/koff.swisspeace.ch\/apropos\/3344\/young-voices-ein-podcast-mit-jungen-stimmen-inspiriert-zum-friedlichen-miteinander\/","title":{"rendered":"Young Voices \u2013 Ein Podcast mit jungen Stimmen inspiriert zum friedlichen Miteinander"},"content":{"rendered":"\n<p><\/p>\n\n\n\n<p><strong>Welche Herausforderungen erlebt die Agrar\u00f6konomin Janet in Nigeria? Wie sieht der Alltag von Anne in Malaysia aus? Wie setzt sich Cris aus Costa Rica f\u00fcr Menschenrechte und Diversit\u00e4t ein? Junge Menschen aus verschiedenen Kulturen erhalten im Podcast \u00abYoung Voices \u2013 An Intercultural Podcast\u00bb eine Stimme. Der Podcast des Jugendnetzwerks young@mission21 von Mission 21 will so Br\u00fccken \u00fcber kulturelle Grenzen hinweg bauen und zum friedlichen Miteinander beitragen.<\/strong><\/p>\n\n\n\n<p>Im Jugendnetzwerk young@mission21 verbindet und vernetzt Mission&nbsp;21 junge Menschen aus Afrika, Asien, Europa und Lateinamerika. Young@mission21 engagiert sich f\u00fcr den transkulturellen Austausch zwischen jungen Menschen und setzt sich f\u00fcr eine gerechtere Welt ein. Mit unserem neuen zweiw\u00f6chentlichen Podcast (auf Englisch) \u00abYoung Voices\u00bb, der seit Februar 2024 auf allen \u00fcblichen Podcast-Plattformen verf\u00fcgbar ist, m\u00f6chten wir die Stimmen junger Menschen aus unserem internationalen Netzwerk in einer breiteren \u00d6ffentlichkeit h\u00f6rbar machen. Im Unterschied zu vielen anderen Podcasts geben wir dabei kein Thema vor, sondern bieten den Teilnehmenden die M\u00f6glichkeit, dar\u00fcber zu sprechen was ihnen wichtig ist und was sie bewegt.<\/p>\n\n\n\n<p>In den rund halbst\u00fcndigen Folgen berichten sie \u00fcber Allt\u00e4gliches, ihren Kontext, ihre Arbeit und ihre Visionen. Dadurch wird jede Episode einzigartig, pers\u00f6nlich und bewegend. Die jungen Stimmen geben Hoffnung und zeigen auf, dass im Kleinen Grosses bewirkt werden kann.<\/p>\n\n\n\n<p><strong>Das Potenzial der Stimmen junger Menschen f\u00fcr die Friedensf\u00f6rderung<\/strong><\/p>\n\n\n\n<p>So sprechen wir in der ersten Podcast-Episode mit Janet aus Nigeria. Sie erz\u00e4hlt von ihrem Studium in landwirtschaftlicher \u00d6konomie, ihrem aktuellen Praxisjahr und ihren zuk\u00fcnftigen Pl\u00e4nen. Vor allem aber liegt es ihr am Herzen aufzuzeigen, wie wichtig es ist, friedlich in Diversit\u00e4t zu leben. Trotz verschiedenen Konflikte und h\u00e4ufigen Gewaltausbr\u00fcche liebt sie an ihrem Land vor allem die Diversit\u00e4t. Es gibt viele ethnische Gruppen, hunderte von Sprachen, verschiedene Kulturen und Lebensweisen und doch sind sie am Ende alle Nigerianer:innen.<\/p>\n\n\n\n<p>Auf unsere Nachfrage, was es daf\u00fcr braucht, in Diversit\u00e4t und Frieden zu leben, meint sie, dass es im Grunde ganz einfach sein k\u00f6nnte. Jeder k\u00f6nne mit jedem in Frieden leben, wenn man sich nur daf\u00fcr entscheide. Man m\u00fcsse offen sein und die Menschen so akzeptieren wie sie seien. Ausserdem betont sie wie wichtig es ist, jungen Menschen eine Chance zu geben und ihre Potentiale anzuerkennen. Es g\u00e4be so viele leidenschaftliche junge Menschen,deren Ideen ber\u00fccksichtigt werden sollten, um die Welt zu einem besseren Ort zu machen, an dem wir alle friedlich zusammenleben k\u00f6nnten.<\/p>\n\n\n\n<p><strong>Ein Beitrag zum friedlichen Miteinander<\/strong><\/p>\n\n\n\n<p>Unser transkultureller Podcast \u00abYoung Voices\u00bb soll verbinden, motivieren, inspirieren und Hoffnung schenken. Er soll aufzeigen, dass es unz\u00e4hlige junge Menschen auf der ganzen Welt gibt, die sich f\u00fcr ihre Visionen und eine bessere Welt einsetzen. Damit wollen wir von Mission&nbsp;21 die Verst\u00e4ndigung \u00fcber religi\u00f6se und kulturelle Grenzen hinweg f\u00f6rdern und zu einem friedlichen Zusammenleben beitragen. Jede Podcast Episode leistet auf ihre eigene Art und Weise einen Beitrag zu Ans\u00e4tzen des friedlichen Zusammenlebens und der Konfliktl\u00f6sungen.<\/p>\n","protected":false},"excerpt":{"rendered":"<p>Welche Herausforderungen erlebt die Agrar\u00f6konomin Janet in Nigeria? Wie sieht der Alltag von Anne in Malaysia aus? Wie setzt sich Cris aus Costa Rica f\u00fcr Menschenrechte und Diversit\u00e4t ein? Junge Menschen aus verschiedenen Kulturen erhalten im Podcast \u00abYoung Voices \u2013 An Intercultural Podcast\u00bb eine Stimme. Der Podcast des Jugendnetzwerks young@mission21 von Mission 21 will so <a href=\"https:\/\/koff.swisspeace.ch\/apropos\/3344\/young-voices-ein-podcast-mit-jungen-stimmen-inspiriert-zum-friedlichen-miteinander\/\" class=\"more-link\">&#8230;<span class=\"screen-reader-text\">  Young Voices \u2013 Ein Podcast mit jungen Stimmen inspiriert zum friedlichen Miteinander<\/span><\/a><\/p>\n","protected":false},"author":3,"featured_media":3342,"comment_status":"closed","ping_status":"closed","sticky":false,"template":"","format":"standard","meta":{"advgb_blocks_editor_width":"","advgb_blocks_columns_visual_guide":""},"categories":[73],"tags":[],"issue":[262],"acf":[],"author_meta":{"display_name":"\u00e0 propos","author_link":"https:\/\/koff.swisspeace.ch\/apropos\/author\/apropos\/"},"featured_img":"https:\/\/koff.swisspeace.ch\/apropos\/wp-content\/uploads\/2024\/03\/WB184mission21-600x331.jpg","coauthors":[],"tax_additional":{"categories":{"linked":["<a href=\"https:\/\/koff.swisspeace.ch\/apropos\/category\/reports-de\/\" class=\"advgb-post-tax-term\">Dossier<\/a>"],"unlinked":["<span class=\"advgb-post-tax-term\">Dossier<\/span>"]}},"comment_count":0,"relative_dates":{"created":"Posted 2 years ago","modified":"Updated 2 years ago"},"absolute_dates":{"created":"Posted on March 25, 2024","modified":"Updated on March 26, 2024"},"absolute_dates_time":{"created":"Posted on March 25, 2024 3:25 pm","modified":"Updated on March 26, 2024 8:33 am"},"featured_img_caption":"","series_order":null,"_links":{"self":[{"href":"https:\/\/koff.swisspeace.ch\/apropos\/wp-json\/wp\/v2\/posts\/3344"}],"collection":[{"href":"https:\/\/koff.swisspeace.ch\/apropos\/wp-json\/wp\/v2\/posts"}],"about":[{"href":"https:\/\/koff.swisspeace.ch\/apropos\/wp-json\/wp\/v2\/types\/post"}],"author":[{"embeddable":true,"href":"https:\/\/koff.swisspeace.ch\/apropos\/wp-json\/wp\/v2\/users\/3"}],"replies":[{"embeddable":true,"href":"https:\/\/koff.swisspeace.ch\/apropos\/wp-json\/wp\/v2\/comments?post=3344"}],"version-history":[{"count":10,"href":"https:\/\/koff.swisspeace.ch\/apropos\/wp-json\/wp\/v2\/posts\/3344\/revisions"}],"predecessor-version":[{"id":3671,"href":"https:\/\/koff.swisspeace.ch\/apropos\/wp-json\/wp\/v2\/posts\/3344\/revisions\/3671"}],"wp:featuredmedia":[{"embeddable":true,"href":"https:\/\/koff.swisspeace.ch\/apropos\/wp-json\/wp\/v2\/media\/3342"}],"wp:attachment":[{"href":"https:\/\/koff.swisspeace.ch\/apropos\/wp-json\/wp\/v2\/media?parent=3344"}],"wp:term":[{"taxonomy":"category","embeddable":true,"href":"https:\/\/koff.swisspeace.ch\/apropos\/wp-json\/wp\/v2\/categories?post=3344"},{"taxonomy":"post_tag","embeddable":true,"href":"https:\/\/koff.swisspeace.ch\/apropos\/wp-json\/wp\/v2\/tags?post=3344"},{"taxonomy":"issue","embeddable":true,"href":"https:\/\/koff.swisspeace.ch\/apropos\/wp-json\/wp\/v2\/issue?post=3344"}],"curies":[{"name":"wp","href":"https:\/\/api.w.org\/{rel}","templated":true}]}}