{"id":3348,"date":"2024-03-25T15:25:31","date_gmt":"2024-03-25T15:25:31","guid":{"rendered":"https:\/\/koff.swisspeace.ch\/apropos\/?p=3348"},"modified":"2024-03-25T16:33:07","modified_gmt":"2024-03-25T16:33:07","slug":"le-podcast-young-voices-voix-de-la-jeunesse-pour-la-coexistence-et-la-paix","status":"publish","type":"post","link":"https:\/\/koff.swisspeace.ch\/apropos\/3348\/le-podcast-young-voices-voix-de-la-jeunesse-pour-la-coexistence-et-la-paix\/","title":{"rendered":"Le Podcast \u00abYoung Voices\u00bb \u2013 Voix de la jeunesse pour la coexistence et la paix"},"content":{"rendered":"\n<p><\/p>\n\n\n\n<p><strong>Quels sont les d\u00e9fis rencontr\u00e9s par l&#8217;\u00e9conomiste agricole Janet au Nigeria ? Quel est le quotidien d&#8217;Anne en Malaisie ? Comment le costaricain Cris s&#8217;engage-t-il en faveur des droits humains et de la diversit\u00e9 ? \u00c0 travers le podcast <em>\u00abYoung Voices \u2013 An Intercultural Podcast\u00bb, des <\/em>jeunes issus de diff\u00e9rentes cultures prennent la parole. Le podcast du r\u00e9seau jeunesse de mission 21 vise \u00e0 construire des ponts entre les barri\u00e8res culturelles et \u00e0 contribuer \u00e0 la coexistence pacifique.<\/strong><\/p>\n\n\n\n<p>\u00c0 travers le r\u00e9seau jeunesse young@mission21, mission 21 rassemble et met en relation des jeunes en provenance d&#8217;Afrique, d&#8217;Asie, d&#8217;Europe et d&#8217;Am\u00e9rique latine. Young@mission21 organise des \u00e9changes transculturels entre les jeunes et \u0153uvre pour un monde plus juste. Avec son nouveau podcast bihebdomadaire (en anglais) \u00ab Young Voices \u00bb, disponible sur toutes les plateformes de podcasts depuis f\u00e9vrier 2024, mission 21 souhaite rendre les voix des jeunes de son r\u00e9seau international audibles aupr\u00e8s d&#8217;un public plus large. \u00c0 la diff\u00e9rence de la plupart des podcasts, \u00abYoung Voices\u00bb ne fixe pas de sujet \u00e0 l\u2019avance, mais laisse le choix aux participant\u00b7es de parler de ce qui leur tient \u00e0 c\u0153ur et les motive.<\/p>\n\n\n\n<p>Les \u00e9pisodes d&#8217;environ une demi-heure relatent de leur quotidien, de leur pays, de leur travail et de leurs perspectives. Ainsi, chaque \u00e9pisode est unique, personnel et \u00e9mouvant. Ces voix de la jeunesse apportent une lueur d\u2019espoir et d\u00e9montrent que beaucoup peut \u00eatre accompli \u00e0 petite \u00e9chelle.<\/p>\n\n\n\n<p><strong>Le potentiel des voix des jeunes pour la promotion de la paix<\/strong><\/p>\n\n\n\n<p>Le premier \u00e9pisode du podcast est consacr\u00e9 \u00e0 la jeune nig\u00e9riane Janet. Elle y parle de ses \u00e9tudes en \u00e9conomie agricole, de son ann\u00e9e de stage et de ses futurs projets. Mais surtout, elle insiste sur l&#8217;importance de vivre en paix dans la diversit\u00e9. Malgr\u00e9 les diff\u00e9rents conflits et les \u00e9ruptions de violence fr\u00e9quentes, elle appr\u00e9cie la diversit\u00e9 de son pays (plusieurs groupes ethniques, des centaines de langues, diff\u00e9rentes cultures et modes de vie, et pourtant, toutes et tous sont nig\u00e9rian\u00b7nes).<\/p>\n\n\n\n<p>Pour elle, il en faut peu pour vivre dans la diversit\u00e9 et la paix&nbsp;: \u00abTout le monde peut vivre en paix s&#8217;il d\u00e9cide simplement de le faire \u00e0 condition d\u2019\u00eatre ouvert\u00b7e et d\u2019accepter les autres tels qu&#8217;ils\u00b7elles sont\u00bb, dit-elle. De plus, elle souligne l&#8217;importance de donner une chance aux jeunes et de reconna\u00eetre leur potentiel, dans la mesure o\u00f9 nombre d\u2019entre elles\u00b7eux sont passionn\u00e9\u00b7es et ont des id\u00e9es dignes d\u2019\u00eatre prises en compte&nbsp;; cela rendrait le monde meilleur.<\/p>\n\n\n\n<p><strong>Une contribution \u00e0 la coexistence pacifique<\/strong><\/p>\n\n\n\n<p>Le podcast transculturel \u00abYoung Voices\u00bb vise \u00e0 rassembler, \u00e0 motiver, \u00e0 inspirer et \u00e0 \u00eatre porteur d\u2019espoir. Il vise \u00e0 rendre visibles les innombrables jeunes \u00e0 travers la plan\u00e8te qui partagent leurs pr\u00e9occupations pour un monde meilleur. Ainsi, Mission 21 souhaite promouvoir la compr\u00e9hension au-del\u00e0 des fronti\u00e8res religieuses et culturelles et contribuer \u00e0 une coexistence pacifique. Chaque \u00e9pisode du podcast contribue \u00e0 sa mani\u00e8re aux m\u00e9thodes de coexistence pacifique et de r\u00e9solution des conflits.<\/p>\n","protected":false},"excerpt":{"rendered":"<p>Quels sont les d\u00e9fis rencontr\u00e9s par l&#8217;\u00e9conomiste agricole Janet au Nigeria ? Quel est le quotidien d&#8217;Anne en Malaisie ? Comment le costaricain Cris s&#8217;engage-t-il en faveur des droits humains et de la diversit\u00e9 ? \u00c0 travers le podcast \u00abYoung Voices \u2013 An Intercultural Podcast\u00bb, des jeunes issus de diff\u00e9rentes cultures prennent la parole. Le <a href=\"https:\/\/koff.swisspeace.ch\/apropos\/3348\/le-podcast-young-voices-voix-de-la-jeunesse-pour-la-coexistence-et-la-paix\/\" class=\"more-link\">&#8230;<span class=\"screen-reader-text\">  Le Podcast \u00abYoung Voices\u00bb \u2013 Voix de la jeunesse pour la coexistence et la paix<\/span><\/a><\/p>\n","protected":false},"author":3,"featured_media":3342,"comment_status":"closed","ping_status":"closed","sticky":false,"template":"","format":"standard","meta":{"advgb_blocks_editor_width":"","advgb_blocks_columns_visual_guide":""},"categories":[113],"tags":[],"issue":[264],"acf":[],"author_meta":{"display_name":"\u00e0 propos","author_link":"https:\/\/koff.swisspeace.ch\/apropos\/author\/apropos\/"},"featured_img":"https:\/\/koff.swisspeace.ch\/apropos\/wp-content\/uploads\/2024\/03\/WB184mission21-600x331.jpg","coauthors":[],"tax_additional":{"categories":{"linked":["<a href=\"https:\/\/koff.swisspeace.ch\/apropos\/category\/reports-fr\/\" class=\"advgb-post-tax-term\">Dossier<\/a>"],"unlinked":["<span class=\"advgb-post-tax-term\">Dossier<\/span>"]}},"comment_count":0,"relative_dates":{"created":"Posted 2 years ago","modified":"Updated 2 years ago"},"absolute_dates":{"created":"Posted on March 25, 2024","modified":"Updated on March 25, 2024"},"absolute_dates_time":{"created":"Posted on March 25, 2024 3:25 pm","modified":"Updated on March 25, 2024 4:33 pm"},"featured_img_caption":"","series_order":null,"_links":{"self":[{"href":"https:\/\/koff.swisspeace.ch\/apropos\/wp-json\/wp\/v2\/posts\/3348"}],"collection":[{"href":"https:\/\/koff.swisspeace.ch\/apropos\/wp-json\/wp\/v2\/posts"}],"about":[{"href":"https:\/\/koff.swisspeace.ch\/apropos\/wp-json\/wp\/v2\/types\/post"}],"author":[{"embeddable":true,"href":"https:\/\/koff.swisspeace.ch\/apropos\/wp-json\/wp\/v2\/users\/3"}],"replies":[{"embeddable":true,"href":"https:\/\/koff.swisspeace.ch\/apropos\/wp-json\/wp\/v2\/comments?post=3348"}],"version-history":[{"count":8,"href":"https:\/\/koff.swisspeace.ch\/apropos\/wp-json\/wp\/v2\/posts\/3348\/revisions"}],"predecessor-version":[{"id":3642,"href":"https:\/\/koff.swisspeace.ch\/apropos\/wp-json\/wp\/v2\/posts\/3348\/revisions\/3642"}],"wp:featuredmedia":[{"embeddable":true,"href":"https:\/\/koff.swisspeace.ch\/apropos\/wp-json\/wp\/v2\/media\/3342"}],"wp:attachment":[{"href":"https:\/\/koff.swisspeace.ch\/apropos\/wp-json\/wp\/v2\/media?parent=3348"}],"wp:term":[{"taxonomy":"category","embeddable":true,"href":"https:\/\/koff.swisspeace.ch\/apropos\/wp-json\/wp\/v2\/categories?post=3348"},{"taxonomy":"post_tag","embeddable":true,"href":"https:\/\/koff.swisspeace.ch\/apropos\/wp-json\/wp\/v2\/tags?post=3348"},{"taxonomy":"issue","embeddable":true,"href":"https:\/\/koff.swisspeace.ch\/apropos\/wp-json\/wp\/v2\/issue?post=3348"}],"curies":[{"name":"wp","href":"https:\/\/api.w.org\/{rel}","templated":true}]}}