{"id":3385,"date":"2024-03-25T15:25:31","date_gmt":"2024-03-25T15:25:31","guid":{"rendered":"https:\/\/koff.swisspeace.ch\/apropos\/?p=3385"},"modified":"2024-03-26T09:41:42","modified_gmt":"2024-03-26T09:41:42","slug":"la-paix-requiert-campagne-sur-les-reseaux-sociaux","status":"publish","type":"post","link":"https:\/\/koff.swisspeace.ch\/apropos\/3385\/la-paix-requiert-campagne-sur-les-reseaux-sociaux\/","title":{"rendered":"\u00ab La paix requiert \u00bb\u2026 Campagne sur les r\u00e9seaux sociaux"},"content":{"rendered":"\n<p>\u00ab&nbsp;Le travail pour la paix n&#8217;est pas fait pour les pessimistes, ni m\u00eame pour les r\u00e9alistes. Vous devez \u00eatre capable de donner de l&#8217;espoir aux gens, et en avoir vous-m\u00eame. C&#8217;est pourquoi il est important [&#8230;] de toujours faire confiance \u00e0 sa propre boussole int\u00e9rieure&nbsp;\u00bb*.<\/p>\n\n\n\n<p>2023 a \u00e9t\u00e9 une ann\u00e9e difficile pour les acteurs de la promotion de la paix qui s\u2019est achev\u00e9e avec des tensions politiques et soci\u00e9tales mondiales intenses. Pour des organisations comme la n\u00f4tre, Caux Initiatives et Changement, qui en font partie, il est devenu de plus en plus difficile d\u2019adopter une communication efficace sur la construction de la paix et la r\u00e9conciliation. Nous nous retrouv\u00e9\u00b7es \u00e0 devoir lutter pour trouver les mots justes.<\/p>\n\n\n\n<p>Cependant, nous n\u2019avons jamais envisag\u00e9 de garder le silence. Nous voulions partager un message de paix qui ne soit ni condescendant, ni insinuant qu\u2019il existe une solution rapide aux conflits actuels. Au contraire, nous cherchions \u00e0 \u00e9tablir un espace s\u00fbr, ax\u00e9 sur l&#8217;unit\u00e9 dans la poursuite de la paix plut\u00f4t que sur la division, offrant ainsi la possibilit\u00e9 aux gens de r\u00e9fl\u00e9chir sans forc\u00e9ment prendre parti.<\/p>\n\n\n\n<p>Pour ce faire, nous avons lanc\u00e9 en d\u00e9cembre la campagne \u00ab&nbsp;La paix requiert&#8230;&nbsp;\u00bb, sur les r\u00e9seaux sociaux, sous la forme d&#8217;un calendrier de l&#8217;Avent. Dans ce cadre, nous avons publi\u00e9 quotidiennement des posts et des images, des valeurs fondamentales, des citations d\u2019acteurs de la promotion de la paix, ainsi que des r\u00e9cits ou initiatives en la mati\u00e8re. Nous avons diffus\u00e9 ces messages sur Facebook, LinkedIn, Instagram et Twitter \u00e0 l&#8217;intention d&#8217;un public international, y compris aupr\u00e8s des individus et organisations impliqu\u00e9es dans la promotion de la paix \u00e0 G\u00e8n\u00e8ve et ailleurs, \u00e9tant ils\u00b7elles aussi engag\u00e9\u00b7es \u00e0 renforcer la confiance, \u00e0 l\u2019heure des divisions au niveau mondial.<\/p>\n\n\n\n<p>Nos objectifs \u00e9taient de favoriser la contemplation de la paix, de mettre en lumi\u00e8re ses acteurs, de souligner les points communs dans les dialogues li\u00e9s \u00e0 la paix et de motiver les actions personnelles, quelle que soit leur ampleur.<\/p>\n\n\n\n<p>Malgr\u00e9 le tumulte habituel de cette p\u00e9riode charg\u00e9e de l&#8217;ann\u00e9e, l&#8217;int\u00e9r\u00eat pour notre campagne est rest\u00e9 constant tout au long du mois. Progressivement, nos pages sur les r\u00e9seaux sociaux se sont transform\u00e9es en v\u00e9ritables galeries virtuelles de l&#8217;espoir, racontant des r\u00e9cits inspirants et proposant des actions concr\u00e8tes pour la construction de la paix. Cela a d\u00e9montr\u00e9 que la paix n&#8217;est pas simplement un id\u00e9al, mais une r\u00e9alit\u00e9 tangible, ancr\u00e9e dans des valeurs universelles o\u00f9 chacun et chacune a un r\u00f4le \u00e0 jouer. En d\u00e9montrant que la construction de la paix ne se limite pas \u00e0 des situations particuli\u00e8res mais peut \u00eatre int\u00e9gr\u00e9e \u00e0 notre quotidien, chaque geste a le potentiel de contribuer \u00e0 cet \u00e9difice. Dans un monde souvent marqu\u00e9 par la division et les conflits, cette campagne nous a rappel\u00e9 que la paix requiert des efforts constants, un engagement soutenu et de l&#8217;espoir.<\/p>\n\n\n\n<p>La campagne nous a \u00e9galement permis de r\u00e9aliser que nous ne sommes pas seul\u00b7es dans nos efforts de construction de la paix. Malgr\u00e9 un sentiment d&#8217;isolement occasionnel, le fait d&#8217;\u00eatre en contact avec d&#8217;autres personnes qui partagent le m\u00eame objectif nous encourage \u00e0 pers\u00e9v\u00e9rer et \u00e0 faire partie d&#8217;un effort collectif, quel que soit l&#8217;endroit o\u00f9 nous nous trouvons.<\/p>\n\n\n\n<p>Malgr\u00e9 les craintes initiales que la campagne ne polarise davantage les opinions, les r\u00e9actions ont \u00e9t\u00e9 tr\u00e8s positives. Par exemple, un consultant travaillant dans un pays en conflit a comment\u00e9 une de nos publications en \u00e9crivant : \u00ab Cette d\u00e9claration me motive \u00e0 rester fid\u00e8le \u00e0 mon point de vue et \u00e0 contribuer de mon mieux. Oui, la construction de la paix demande beaucoup d\u2019efforts. Oui, l&#8217;impact n&#8217;est souvent pas aussi important que nous le souhaiterions. Mais il vaut mieux pers\u00e9v\u00e9rer plut\u00f4t que de se d\u00e9courager. Les petits pas, l&#8217;un apr\u00e8s l&#8217;autre, finissent par porter leurs fruits \u00bb.<\/p>\n\n\n\n<p>En pr\u00e9sentant un large \u00e9ventail d\u2019acteurs de la paix dans le monde entier, la campagne a mis en \u00e9vidence notre humanit\u00e9 et le pouvoir collectif que nous d\u00e9tenons pour rendre le monde plus pacifique.<\/p>\n\n\n\n<p>*Antje Herrberg, cheffe de cabinet EUCAP Sahel<\/p>\n","protected":false},"excerpt":{"rendered":"<p>\u00ab&nbsp;Le travail pour la paix n&#8217;est pas fait pour les pessimistes, ni m\u00eame pour les r\u00e9alistes. Vous devez \u00eatre capable de donner de l&#8217;espoir aux gens, et en avoir vous-m\u00eame. C&#8217;est pourquoi il est important [&#8230;] de toujours faire confiance \u00e0 sa propre boussole int\u00e9rieure&nbsp;\u00bb*. 2023 a \u00e9t\u00e9 une ann\u00e9e difficile pour les acteurs de <a href=\"https:\/\/koff.swisspeace.ch\/apropos\/3385\/la-paix-requiert-campagne-sur-les-reseaux-sociaux\/\" class=\"more-link\">&#8230;<span class=\"screen-reader-text\">  \u00ab La paix requiert \u00bb\u2026 Campagne sur les r\u00e9seaux sociaux<\/span><\/a><\/p>\n","protected":false},"author":3,"featured_media":3382,"comment_status":"closed","ping_status":"closed","sticky":false,"template":"","format":"standard","meta":{"advgb_blocks_editor_width":"","advgb_blocks_columns_visual_guide":""},"categories":[113],"tags":[],"issue":[264],"acf":[],"author_meta":{"display_name":"\u00e0 propos","author_link":"https:\/\/koff.swisspeace.ch\/apropos\/author\/apropos\/"},"featured_img":"https:\/\/koff.swisspeace.ch\/apropos\/wp-content\/uploads\/2024\/03\/WBCaux178-600x332.jpg","coauthors":[],"tax_additional":{"categories":{"linked":["<a href=\"https:\/\/koff.swisspeace.ch\/apropos\/category\/reports-fr\/\" class=\"advgb-post-tax-term\">Dossier<\/a>"],"unlinked":["<span class=\"advgb-post-tax-term\">Dossier<\/span>"]}},"comment_count":0,"relative_dates":{"created":"Posted 2 years ago","modified":"Updated 2 years ago"},"absolute_dates":{"created":"Posted on March 25, 2024","modified":"Updated on March 26, 2024"},"absolute_dates_time":{"created":"Posted on March 25, 2024 3:25 pm","modified":"Updated on March 26, 2024 9:41 am"},"featured_img_caption":"","series_order":null,"_links":{"self":[{"href":"https:\/\/koff.swisspeace.ch\/apropos\/wp-json\/wp\/v2\/posts\/3385"}],"collection":[{"href":"https:\/\/koff.swisspeace.ch\/apropos\/wp-json\/wp\/v2\/posts"}],"about":[{"href":"https:\/\/koff.swisspeace.ch\/apropos\/wp-json\/wp\/v2\/types\/post"}],"author":[{"embeddable":true,"href":"https:\/\/koff.swisspeace.ch\/apropos\/wp-json\/wp\/v2\/users\/3"}],"replies":[{"embeddable":true,"href":"https:\/\/koff.swisspeace.ch\/apropos\/wp-json\/wp\/v2\/comments?post=3385"}],"version-history":[{"count":8,"href":"https:\/\/koff.swisspeace.ch\/apropos\/wp-json\/wp\/v2\/posts\/3385\/revisions"}],"predecessor-version":[{"id":3683,"href":"https:\/\/koff.swisspeace.ch\/apropos\/wp-json\/wp\/v2\/posts\/3385\/revisions\/3683"}],"wp:featuredmedia":[{"embeddable":true,"href":"https:\/\/koff.swisspeace.ch\/apropos\/wp-json\/wp\/v2\/media\/3382"}],"wp:attachment":[{"href":"https:\/\/koff.swisspeace.ch\/apropos\/wp-json\/wp\/v2\/media?parent=3385"}],"wp:term":[{"taxonomy":"category","embeddable":true,"href":"https:\/\/koff.swisspeace.ch\/apropos\/wp-json\/wp\/v2\/categories?post=3385"},{"taxonomy":"post_tag","embeddable":true,"href":"https:\/\/koff.swisspeace.ch\/apropos\/wp-json\/wp\/v2\/tags?post=3385"},{"taxonomy":"issue","embeddable":true,"href":"https:\/\/koff.swisspeace.ch\/apropos\/wp-json\/wp\/v2\/issue?post=3385"}],"curies":[{"name":"wp","href":"https:\/\/api.w.org\/{rel}","templated":true}]}}