{"id":3410,"date":"2024-03-25T15:25:18","date_gmt":"2024-03-25T15:25:18","guid":{"rendered":"https:\/\/koff.swisspeace.ch\/apropos\/?p=3410"},"modified":"2024-03-26T08:10:06","modified_gmt":"2024-03-26T08:10:06","slug":"kommunikation-kraft-fuer-frieden-oder-treibstoff-fuer-konflikt","status":"publish","type":"post","link":"https:\/\/koff.swisspeace.ch\/apropos\/3410\/kommunikation-kraft-fuer-frieden-oder-treibstoff-fuer-konflikt\/","title":{"rendered":"Kommunikation \u2013 Kraft f\u00fcr Frieden oder Treibstoff f\u00fcr Konflikt?"},"content":{"rendered":"\n\n\n<div class=\"wp-block-advgb-images-slider advgb-images-slider-block advg-images-slider-f6fb8235-e418-47b9-abf6-d1968875a42f\"><div class=\"advgb-images-slider\" dir=\"ltr\"><div class=\"advgb-image-slider-item\"><img decoding=\"async\" src=\"https:\/\/koff.swisspeace.ch\/apropos\/wp-content\/uploads\/2024\/03\/Titelbild_Klein.jpg\" class=\"advgb-image-slider-img\" alt=\"\" style=\"width:100%;height:auto\"\/><div class=\"advgb-image-slider-item-info\" style=\"justify-content:flex-end;align-items:center\"><a class=\"advgb-image-slider-overlay\" target=\"_blank\" rel=\"noopener noreferrer\" href=\"#\" style=\"opacity:0.5\"><\/a><\/div><\/div><div class=\"advgb-image-slider-item\"><img decoding=\"async\" src=\"https:\/\/koff.swisspeace.ch\/apropos\/wp-content\/uploads\/2024\/03\/WBFastenaktion184.png\" class=\"advgb-image-slider-img\" alt=\"Kommunikationsstrategien zum Aufbau einer friedlichen Gesellschaft\" style=\"width:100%;height:auto\"\/><div class=\"advgb-image-slider-item-info\" style=\"justify-content:flex-end;align-items:center\"><a class=\"advgb-image-slider-overlay\" target=\"_blank\" rel=\"noopener noreferrer\" href=\"https:\/\/koff.swisspeace.ch\/apropos\/?p=3301&amp;preview=true&amp;_thumbnail_id=3571\" style=\"opacity:0.5\"><\/a><h4 class=\"advgb-image-slider-title\">Kommunikationsstrategien zum Aufbau einer friedlichen Gesellschaft<\/h4><\/div><\/div><div class=\"advgb-image-slider-item\"><img decoding=\"async\" src=\"https:\/\/koff.swisspeace.ch\/apropos\/wp-content\/uploads\/2024\/03\/WB184_Frieda.jpg\" class=\"advgb-image-slider-img\" alt=\"Friedensprozesse verstehen \u2013 Narrative m\u00fcssen feministisch werden\" style=\"width:100%;height:auto\"\/><div class=\"advgb-image-slider-item-info\" style=\"justify-content:flex-end;align-items:center\"><a class=\"advgb-image-slider-overlay\" target=\"_blank\" rel=\"noopener noreferrer\" href=\"https:\/\/koff.swisspeace.ch\/apropos\/3275\/friedensprozesse-verstehen-narrative-muessen-feministisch-werden\/\" style=\"opacity:0.5\"><\/a><h4 class=\"advgb-image-slider-title\">Friedensprozesse verstehen \u2013 Narrative m\u00fcssen feministisch werden<\/h4><\/div><\/div><div class=\"advgb-image-slider-item\"><img decoding=\"async\" src=\"https:\/\/koff.swisspeace.ch\/apropos\/wp-content\/uploads\/2024\/03\/karin-schep-DhlZxwza9bg-unsplash.png\" class=\"advgb-image-slider-img\" alt=\"SLAPP-Klagen \u2013 Wachsende Bedrohung f\u00fcr NGOs und Medienschaffende\" style=\"width:100%;height:auto\"\/><div class=\"advgb-image-slider-item-info\" style=\"justify-content:flex-end;align-items:center\"><a class=\"advgb-image-slider-overlay\" target=\"_blank\" rel=\"noopener noreferrer\" href=\"https:\/\/koff.swisspeace.ch\/apropos\/3314\/slapp-klagen-wachsende-bedrohung-fuer-ngos-und-medienschaffende\/\" style=\"opacity:0.5\"><\/a><h4 class=\"advgb-image-slider-title\">SLAPP-Klagen \u2013 Wachsende Bedrohung f\u00fcr NGOs und Medienschaffende<\/h4><\/div><\/div><\/div><\/div>\n\n\n\n<p>Was k\u00f6nnen und sollen Akteur:innen in der Friedensf\u00f6rderung wann und zu welchem Zweck kommunizieren? Wenn sie rechtzeitig und angemessen eingesetzt wird, kann Kommunikation ein Gewinn f\u00fcr friedensf\u00f6rdernde Aktivit\u00e4ten sein. Sie kann dazu beitragen, den sozialen Zusammenhalt in Konfliktgebieten zu f\u00f6rdern, das Bewusstsein zu sch\u00e4rfen und Unterst\u00fctzung f\u00fcr den Frieden zu mobilisieren, oder sie kann als Instrument der Interessenvertretung dienen, um Politik und \u00f6ffentliche Meinung zu beeinflussen. Je nach der vermittelten Botschaft kann die \u00f6ffentliche Kommunikation jedoch f\u00fcr Akteur:innen der Friedensf\u00f6rderung mit Risiken verbunden sein, und zwar nicht nur in autorit\u00e4ren Kontexten, sondern manchmal sogar in Demokratien. Folglich stehen einige Organisationen vor dem Dilemma, ob sie kommunizieren oder schweigen sollen, um ihre Initiativen zur Friedensf\u00f6rderung zu sch\u00fctzen.<\/p>\n\n\n\n<p>In dieser Ausgabe des \u00e0 propos teilen verschiedene Mitglieder der Schweizerischen Plattform f\u00fcr Friedensf\u00f6rderung ihre Gedanken und sowohl ihre positiven als auch ihre negativen Erfahrungen mit der Kommunikation \u00fcber Frieden und Konflikt. Sie geben Beispiele f\u00fcr verschiedene Kommunikationsinstrumente und -strategien und diskutieren Chancen und Herausforderungen. Sie zeigen unter anderem die Vorteile davon auf, die Bev\u00f6lkerung \u00fcber die Medien oder durch die Organisation von Foren \u00fcber Friedensprozesse zu informieren, oder wie wichtig es ist, feministische Narrative zu verbreiten, um feministischen Frieden zu f\u00f6rdern. Sie berichten aber auch von F\u00e4llen, in denen sie nach \u00f6ffentlichen Stellungnahmen mit Diffamierungen, digitalen Gegenreaktionen oder &#8211; noch schlimmer &#8211; mit Gerichtsverfahren oder Mittelk\u00fcrzungen konfrontiert waren.<\/p>\n\n\n\n<p>Ich w\u00fcnsche eine angenehme Lekt\u00fcre.<\/p>\n\n\n\n<p>Redakteurin <a rel=\"noreferrer noopener\" href=\"https:\/\/koff.swisspeace.ch\/\" target=\"_blank\">KOFF<\/a> Magazin, Sanjally Jobarteh<\/p>\n","protected":false},"excerpt":{"rendered":"<p>Was k\u00f6nnen und sollen Akteur:innen in der Friedensf\u00f6rderung wann und zu welchem Zweck kommunizieren? Wenn sie rechtzeitig und angemessen eingesetzt wird, kann Kommunikation ein Gewinn f\u00fcr friedensf\u00f6rdernde Aktivit\u00e4ten sein. Sie kann dazu beitragen, den sozialen Zusammenhalt in Konfliktgebieten zu f\u00f6rdern, das Bewusstsein zu sch\u00e4rfen und Unterst\u00fctzung f\u00fcr den Frieden zu mobilisieren, oder sie kann als <a href=\"https:\/\/koff.swisspeace.ch\/apropos\/3410\/kommunikation-kraft-fuer-frieden-oder-treibstoff-fuer-konflikt\/\" class=\"more-link\">&#8230;<span class=\"screen-reader-text\">  Kommunikation \u2013 Kraft f\u00fcr Frieden oder Treibstoff f\u00fcr Konflikt?<\/span><\/a><\/p>\n","protected":false},"author":3,"featured_media":0,"comment_status":"closed","ping_status":"closed","sticky":false,"template":"","format":"standard","meta":{"advgb_blocks_editor_width":"","advgb_blocks_columns_visual_guide":""},"categories":[26],"tags":[],"issue":[262],"acf":[],"author_meta":{"display_name":"\u00e0 propos","author_link":"https:\/\/koff.swisspeace.ch\/apropos\/author\/apropos\/"},"featured_img":null,"coauthors":[],"tax_additional":{"categories":{"linked":["<a href=\"https:\/\/koff.swisspeace.ch\/apropos\/category\/editorial-de\/\" class=\"advgb-post-tax-term\">Editorial<\/a>"],"unlinked":["<span class=\"advgb-post-tax-term\">Editorial<\/span>"]}},"comment_count":0,"relative_dates":{"created":"Posted 2 years ago","modified":"Updated 2 years ago"},"absolute_dates":{"created":"Posted on March 25, 2024","modified":"Updated on March 26, 2024"},"absolute_dates_time":{"created":"Posted on March 25, 2024 3:25 pm","modified":"Updated on March 26, 2024 8:10 am"},"featured_img_caption":"","series_order":null,"_links":{"self":[{"href":"https:\/\/koff.swisspeace.ch\/apropos\/wp-json\/wp\/v2\/posts\/3410"}],"collection":[{"href":"https:\/\/koff.swisspeace.ch\/apropos\/wp-json\/wp\/v2\/posts"}],"about":[{"href":"https:\/\/koff.swisspeace.ch\/apropos\/wp-json\/wp\/v2\/types\/post"}],"author":[{"embeddable":true,"href":"https:\/\/koff.swisspeace.ch\/apropos\/wp-json\/wp\/v2\/users\/3"}],"replies":[{"embeddable":true,"href":"https:\/\/koff.swisspeace.ch\/apropos\/wp-json\/wp\/v2\/comments?post=3410"}],"version-history":[{"count":10,"href":"https:\/\/koff.swisspeace.ch\/apropos\/wp-json\/wp\/v2\/posts\/3410\/revisions"}],"predecessor-version":[{"id":3652,"href":"https:\/\/koff.swisspeace.ch\/apropos\/wp-json\/wp\/v2\/posts\/3410\/revisions\/3652"}],"wp:attachment":[{"href":"https:\/\/koff.swisspeace.ch\/apropos\/wp-json\/wp\/v2\/media?parent=3410"}],"wp:term":[{"taxonomy":"category","embeddable":true,"href":"https:\/\/koff.swisspeace.ch\/apropos\/wp-json\/wp\/v2\/categories?post=3410"},{"taxonomy":"post_tag","embeddable":true,"href":"https:\/\/koff.swisspeace.ch\/apropos\/wp-json\/wp\/v2\/tags?post=3410"},{"taxonomy":"issue","embeddable":true,"href":"https:\/\/koff.swisspeace.ch\/apropos\/wp-json\/wp\/v2\/issue?post=3410"}],"curies":[{"name":"wp","href":"https:\/\/api.w.org\/{rel}","templated":true}]}}