{"id":3458,"date":"2024-03-25T15:25:19","date_gmt":"2024-03-25T15:25:19","guid":{"rendered":"https:\/\/koff.swisspeace.ch\/apropos\/?p=3458"},"modified":"2024-03-25T15:25:19","modified_gmt":"2024-03-25T15:25:19","slug":"koff-tontraeger-podcast-serie-zum-schweizer-einsitz-im-uno-sicherheitsrat-2023-2024","status":"publish","type":"post","link":"https:\/\/koff.swisspeace.ch\/apropos\/3458\/koff-tontraeger-podcast-serie-zum-schweizer-einsitz-im-uno-sicherheitsrat-2023-2024\/","title":{"rendered":"KOFF-Tontr\u00e4ger \u2013 Podcast-Serie zum Schweizer Einsitz im UNO-Sicherheitsrat 2023\/2024"},"content":{"rendered":"\n<p><\/p>\n\n\n\n<p><strong>Der KOFF-Tontr\u00e4ger ist der Podcast der Schweizer Plattform f\u00fcr Friedensf\u00f6rderung. Er gibt Einblicke in die Arbeit und Themen der Mitgliedsorganisationen und in aktuelle Debatten und Entwicklungen.<\/strong><\/p>\n\n\n\n<p>Die Podcast-Serie zum Schweizer Einsitz im UNO-Sicherheitsrat in 2023\/2024 des KOFF-Tontr\u00e4gers wurde ver\u00f6ffentlicht. In vier Folgen k\u00f6nnen sich Zivilgesellschaft, Verwaltung und Politik \u00fcber die Position und Priorit\u00e4ten der Schweiz im UNO-Sicherheitsrat informieren. Neben dem EDA konnten dabei verschiedene KOFF-Mitgliedsorganisationen ihre zivilgesellschaftlichen Positionen, Erwartungen, und Expertise zu Klimasicherheit, zur Agenda f\u00fcr Frauen, Frieden und Sicherheit und zur digitalen Friedensf\u00f6rderung im UNSR einbringen.<br><br>Der KOFF-Tontr\u00e4ger kann auf <a href=\"https:\/\/open.spotify.com\/show\/1RsSpPwMFRK69w8Hg2yLXi\">Spotify<\/a> und <a href=\"https:\/\/soundcloud.com\/kofftontraeger\">Soundcloud<\/a> geh\u00f6rt werden.<\/p>\n","protected":false},"excerpt":{"rendered":"<p>Der KOFF-Tontr\u00e4ger ist der Podcast der Schweizer Plattform f\u00fcr Friedensf\u00f6rderung. Er gibt Einblicke in die Arbeit und Themen der Mitgliedsorganisationen und in aktuelle Debatten und Entwicklungen. Die Podcast-Serie zum Schweizer Einsitz im UNO-Sicherheitsrat in 2023\/2024 des KOFF-Tontr\u00e4gers wurde ver\u00f6ffentlicht. In vier Folgen k\u00f6nnen sich Zivilgesellschaft, Verwaltung und Politik \u00fcber die Position und Priorit\u00e4ten der Schweiz <a href=\"https:\/\/koff.swisspeace.ch\/apropos\/3458\/koff-tontraeger-podcast-serie-zum-schweizer-einsitz-im-uno-sicherheitsrat-2023-2024\/\" class=\"more-link\">&#8230;<span class=\"screen-reader-text\">  KOFF-Tontr\u00e4ger \u2013 Podcast-Serie zum Schweizer Einsitz im UNO-Sicherheitsrat 2023\/2024<\/span><\/a><\/p>\n","protected":false},"author":3,"featured_media":2240,"comment_status":"closed","ping_status":"closed","sticky":false,"template":"","format":"standard","meta":{"advgb_blocks_editor_width":"","advgb_blocks_columns_visual_guide":""},"categories":[71],"tags":[],"issue":[262],"acf":[],"author_meta":{"display_name":"\u00e0 propos","author_link":"https:\/\/koff.swisspeace.ch\/apropos\/author\/apropos\/"},"featured_img":"https:\/\/koff.swisspeace.ch\/apropos\/wp-content\/uploads\/2023\/08\/Podcast-Bild-bearbeitet-600x332.jpg","coauthors":[],"tax_additional":{"categories":{"linked":["<a href=\"https:\/\/koff.swisspeace.ch\/apropos\/category\/news-de\/\" class=\"advgb-post-tax-term\">Aktuell<\/a>"],"unlinked":["<span class=\"advgb-post-tax-term\">Aktuell<\/span>"]}},"comment_count":0,"relative_dates":{"created":"Posted 2 years ago","modified":"Updated 2 years ago"},"absolute_dates":{"created":"Posted on March 25, 2024","modified":"Updated on March 25, 2024"},"absolute_dates_time":{"created":"Posted on March 25, 2024 3:25 pm","modified":"Updated on March 25, 2024 3:25 pm"},"featured_img_caption":"","series_order":null,"_links":{"self":[{"href":"https:\/\/koff.swisspeace.ch\/apropos\/wp-json\/wp\/v2\/posts\/3458"}],"collection":[{"href":"https:\/\/koff.swisspeace.ch\/apropos\/wp-json\/wp\/v2\/posts"}],"about":[{"href":"https:\/\/koff.swisspeace.ch\/apropos\/wp-json\/wp\/v2\/types\/post"}],"author":[{"embeddable":true,"href":"https:\/\/koff.swisspeace.ch\/apropos\/wp-json\/wp\/v2\/users\/3"}],"replies":[{"embeddable":true,"href":"https:\/\/koff.swisspeace.ch\/apropos\/wp-json\/wp\/v2\/comments?post=3458"}],"version-history":[{"count":4,"href":"https:\/\/koff.swisspeace.ch\/apropos\/wp-json\/wp\/v2\/posts\/3458\/revisions"}],"predecessor-version":[{"id":3564,"href":"https:\/\/koff.swisspeace.ch\/apropos\/wp-json\/wp\/v2\/posts\/3458\/revisions\/3564"}],"wp:featuredmedia":[{"embeddable":true,"href":"https:\/\/koff.swisspeace.ch\/apropos\/wp-json\/wp\/v2\/media\/2240"}],"wp:attachment":[{"href":"https:\/\/koff.swisspeace.ch\/apropos\/wp-json\/wp\/v2\/media?parent=3458"}],"wp:term":[{"taxonomy":"category","embeddable":true,"href":"https:\/\/koff.swisspeace.ch\/apropos\/wp-json\/wp\/v2\/categories?post=3458"},{"taxonomy":"post_tag","embeddable":true,"href":"https:\/\/koff.swisspeace.ch\/apropos\/wp-json\/wp\/v2\/tags?post=3458"},{"taxonomy":"issue","embeddable":true,"href":"https:\/\/koff.swisspeace.ch\/apropos\/wp-json\/wp\/v2\/issue?post=3458"}],"curies":[{"name":"wp","href":"https:\/\/api.w.org\/{rel}","templated":true}]}}