{"id":3460,"date":"2024-03-25T15:25:31","date_gmt":"2024-03-25T15:25:31","guid":{"rendered":"https:\/\/koff.swisspeace.ch\/apropos\/?p=3460"},"modified":"2024-03-25T15:25:31","modified_gmt":"2024-03-25T15:25:31","slug":"koff-tontrager-serie-de-podcasts-sur-le-siege-suisse-au-conseil-de-securite-de-lonu-2023-2024","status":"publish","type":"post","link":"https:\/\/koff.swisspeace.ch\/apropos\/3460\/koff-tontrager-serie-de-podcasts-sur-le-siege-suisse-au-conseil-de-securite-de-lonu-2023-2024\/","title":{"rendered":"KOFF-Tontr\u00e4ger \u2013 S\u00e9rie de podcasts sur le si\u00e8ge suisse au Conseil de s\u00e9curit\u00e9 de l&#8217;ONU 2023\/2024"},"content":{"rendered":"\n<p>KOFF-Tontr\u00e4ger est le podcast de la Plateforme suisse pour la promotion de la paix. Il donne un aper\u00e7u du travail des membres de KOFF et des th\u00e8mes sur lesquels ils travaillent, ainsi que des d\u00e9bats et des d\u00e9veloppements actuels en termes de promotion de la paix.<br>La s\u00e9rie de podcasts de KOFF-Tontr\u00e4ger sur le si\u00e8ge de la Suisse au Conseil de s\u00e9curit\u00e9 de l&#8217;ONU 2023\/2024 est d\u00e9sormais disponible sur Spotify et Soundcloud. En quatre \u00e9pisodes, la soci\u00e9t\u00e9 civile, l&#8217;administration et les d\u00e9cisionnaires politiques peuvent en apprendre davantage sur la position et les priorit\u00e9s de la Suisse au sein du Conseil de s\u00e9curit\u00e9 de l&#8217;ONU. Outre le DFAE, diff\u00e9rents membres de KOFF partagent leurs perspectives, leurs attentes et leur expertise sur la s\u00e9curit\u00e9 climatique, l&#8217;agenda de la SPM et la promotion de la paix num\u00e9rique au sein du Conseil de s\u00e9curit\u00e9 de l&#8217;ONU.<\/p>\n\n\n\n<p>Ecoutez le KOFF-Tontr\u00e4ger sur <a href=\"https:\/\/open.spotify.com\/show\/1RsSpPwMFRK69w8Hg2yLXi\" target=\"_blank\" rel=\"noreferrer noopener\">Spotify<\/a> et <a href=\"https:\/\/soundcloud.com\/kofftontraeger\" target=\"_blank\" rel=\"noreferrer noopener\">Soundcloud<\/a>.<\/p>\n\n\n\n<p><\/p>\n","protected":false},"excerpt":{"rendered":"<p>KOFF-Tontr\u00e4ger est le podcast de la Plateforme suisse pour la promotion de la paix. Il donne un aper\u00e7u du travail des membres de KOFF et des th\u00e8mes sur lesquels ils travaillent, ainsi que des d\u00e9bats et des d\u00e9veloppements actuels en termes de promotion de la paix.La s\u00e9rie de podcasts de KOFF-Tontr\u00e4ger sur le si\u00e8ge de <a href=\"https:\/\/koff.swisspeace.ch\/apropos\/3460\/koff-tontrager-serie-de-podcasts-sur-le-siege-suisse-au-conseil-de-securite-de-lonu-2023-2024\/\" class=\"more-link\">&#8230;<span class=\"screen-reader-text\">  KOFF-Tontr\u00e4ger \u2013 S\u00e9rie de podcasts sur le si\u00e8ge suisse au Conseil de s\u00e9curit\u00e9 de l&#8217;ONU 2023\/2024<\/span><\/a><\/p>\n","protected":false},"author":3,"featured_media":2240,"comment_status":"closed","ping_status":"closed","sticky":false,"template":"","format":"standard","meta":{"advgb_blocks_editor_width":"","advgb_blocks_columns_visual_guide":""},"categories":[99],"tags":[],"issue":[264],"acf":[],"author_meta":{"display_name":"\u00e0 propos","author_link":"https:\/\/koff.swisspeace.ch\/apropos\/author\/apropos\/"},"featured_img":"https:\/\/koff.swisspeace.ch\/apropos\/wp-content\/uploads\/2023\/08\/Podcast-Bild-bearbeitet-600x332.jpg","coauthors":[],"tax_additional":{"categories":{"linked":["<a href=\"https:\/\/koff.swisspeace.ch\/apropos\/category\/news-fr\/\" class=\"advgb-post-tax-term\">Actualit\u00e9<\/a>"],"unlinked":["<span class=\"advgb-post-tax-term\">Actualit\u00e9<\/span>"]}},"comment_count":0,"relative_dates":{"created":"Posted 2 years ago","modified":"Updated 2 years ago"},"absolute_dates":{"created":"Posted on March 25, 2024","modified":"Updated on March 25, 2024"},"absolute_dates_time":{"created":"Posted on March 25, 2024 3:25 pm","modified":"Updated on March 25, 2024 3:25 pm"},"featured_img_caption":"","series_order":null,"_links":{"self":[{"href":"https:\/\/koff.swisspeace.ch\/apropos\/wp-json\/wp\/v2\/posts\/3460"}],"collection":[{"href":"https:\/\/koff.swisspeace.ch\/apropos\/wp-json\/wp\/v2\/posts"}],"about":[{"href":"https:\/\/koff.swisspeace.ch\/apropos\/wp-json\/wp\/v2\/types\/post"}],"author":[{"embeddable":true,"href":"https:\/\/koff.swisspeace.ch\/apropos\/wp-json\/wp\/v2\/users\/3"}],"replies":[{"embeddable":true,"href":"https:\/\/koff.swisspeace.ch\/apropos\/wp-json\/wp\/v2\/comments?post=3460"}],"version-history":[{"count":2,"href":"https:\/\/koff.swisspeace.ch\/apropos\/wp-json\/wp\/v2\/posts\/3460\/revisions"}],"predecessor-version":[{"id":3565,"href":"https:\/\/koff.swisspeace.ch\/apropos\/wp-json\/wp\/v2\/posts\/3460\/revisions\/3565"}],"wp:featuredmedia":[{"embeddable":true,"href":"https:\/\/koff.swisspeace.ch\/apropos\/wp-json\/wp\/v2\/media\/2240"}],"wp:attachment":[{"href":"https:\/\/koff.swisspeace.ch\/apropos\/wp-json\/wp\/v2\/media?parent=3460"}],"wp:term":[{"taxonomy":"category","embeddable":true,"href":"https:\/\/koff.swisspeace.ch\/apropos\/wp-json\/wp\/v2\/categories?post=3460"},{"taxonomy":"post_tag","embeddable":true,"href":"https:\/\/koff.swisspeace.ch\/apropos\/wp-json\/wp\/v2\/tags?post=3460"},{"taxonomy":"issue","embeddable":true,"href":"https:\/\/koff.swisspeace.ch\/apropos\/wp-json\/wp\/v2\/issue?post=3460"}],"curies":[{"name":"wp","href":"https:\/\/api.w.org\/{rel}","templated":true}]}}